{"id":70654,"date":"2026-09-03T23:41:58","date_gmt":"2026-09-03T22:41:58","guid":{"rendered":"https:\/\/plumeseconomiques.com\/fr\/?p=70654"},"modified":"2026-09-03T23:41:58","modified_gmt":"2026-09-03T22:41:58","slug":"the-link-le-plus-haut-gratte-ciel-de-france-ouvre-ses-portes-a-la-defense","status":"publish","type":"post","link":"https:\/\/plumeseconomiques.com\/fr\/news\/the-link-le-plus-haut-gratte-ciel-de-france-ouvre-ses-portes-a-la-defense\/","title":{"rendered":"The Link : le plus haut gratte-ciel de France ouvre ses portes \u00e0 La D\u00e9fense"},"content":{"rendered":"<p style=\"text-align: justify;\"><strong><span class=\"\" style=\"color: #000000;\">The Link : le plus haut gratte-ciel de France ouvre ses portes \u00e0 La D\u00e9fense<\/span><\/strong><\/p>\n<p style=\"text-align: justify;\"><em><span class=\"\" style=\"color: #000000;\">TotalEnergies installe son nouveau si\u00e8ge social dans la tour de 242 m\u00e8tres, symbole d&rsquo;une nouvelle g\u00e9n\u00e9ration de gratte-ciel alliant performance environnementale et bien-\u00eatre au travail.<\/span><\/em><\/p>\n<p class=\"ds-markdown-paragraph\" style=\"text-align: justify;\"><span style=\"color: #000000;\"><span class=\"\">C&rsquo;est une nouvelle silhouette qui domine d\u00e9sormais le ciel de La D\u00e9fense. Apr\u00e8s plusieurs ann\u00e9es de travaux, <\/span><strong><span class=\"\">The Link<\/span><\/strong><span class=\"\">, tour jumelle culminant \u00e0 <\/span><strong><span class=\"\">242 m\u00e8tres<\/span><\/strong><span class=\"\">, est officiellement le plus haut gratte-ciel de France<\/span><\/span><span style=\"color: #000000;\"><span class=\"\">. <\/span><\/span><\/p>\n<p class=\"ds-markdown-paragraph\" style=\"text-align: justify;\"><span style=\"color: #000000;\"><span class=\"\">Inaugur\u00e9e fin 2025 et livr\u00e9e \u00e0 son locataire principal en juin 2026, cette prouesse architecturale de <\/span><strong><span class=\"\">130 000 m\u00b2<\/span><\/strong><span class=\"\"> s&rsquo;appr\u00eate \u00e0 accueillir les premiers collaborateurs de <\/span><strong><span class=\"\">TotalEnergies<\/span><\/strong><span class=\"\">, qui y installeront leur nouveau si\u00e8ge social d\u00e8s d\u00e9but 2027<\/span><\/span><span class=\"\" style=\"color: #000000;\">.<\/span><\/p>\n<p class=\"ds-markdown-paragraph\" style=\"text-align: justify;\"><span style=\"color: #000000;\"><span class=\"\">Un projet titanesque port\u00e9 par le groupe <\/span><strong><span class=\"\">Groupama<\/span><\/strong><span class=\"\"> (propri\u00e9taire), con\u00e7u par l&rsquo;agence <\/span><strong><span class=\"\">PCA-STREAM<\/span><\/strong><span class=\"\"> de l&rsquo;architecte Philippe Chiambaretta et construit par <\/span><strong><span class=\"\">Vinci Construction France<\/span><\/strong><\/span><span class=\"\" style=\"color: #000000;\">.<\/span><\/p>\n<p style=\"text-align: justify;\"><strong><span class=\"\" style=\"color: #000000;\">Une tour double qui r\u00e9invente la verticalit\u00e9<\/span><\/strong><\/p>\n<p style=\"text-align: justify;\"><strong><span class=\"\" style=\"color: #000000;\">Deux ailes reli\u00e9es par des passerelles v\u00e9g\u00e9talis\u00e9es<\/span><\/strong><\/p>\n<p class=\"ds-markdown-paragraph\" style=\"text-align: justify;\"><span style=\"color: #000000;\"><span class=\"\">The Link n&rsquo;est pas une tour ordinaire. Il s&rsquo;agit en r\u00e9alit\u00e9 de <\/span><strong><span class=\"\">deux ailes<\/span><\/strong><span class=\"\"> distinctes \u2013 l&rsquo;<\/span><strong><span class=\"\">aile Arche<\/span><\/strong><span class=\"\"> de 242 m\u00e8tres (50 \u00e9tages) et l&rsquo;<\/span><strong><span class=\"\">aile Seine<\/span><\/strong><span class=\"\"> de 178 m\u00e8tres (35 \u00e9tages) \u2013 reli\u00e9es sur 30 niveaux par des passerelles appel\u00e9es <\/span><em><span class=\"\">\u00ab links \u00bb<\/span><\/em><span class=\"\">, qui ont donn\u00e9 son nom au b\u00e2timent<\/span><\/span><span class=\"\" style=\"color: #000000;\">.<\/span><\/p>\n<p class=\"ds-markdown-paragraph\" style=\"text-align: justify;\"><span style=\"color: #000000;\"><span class=\"\">Ces passerelles permettent de cr\u00e9er des plateaux de travail de <\/span><strong><span class=\"\">3 000 m\u00b2<\/span><\/strong><span class=\"\">, pouvant atteindre <\/span><strong><span class=\"\">6 000 m\u00b2 en duplex<\/span><\/strong><span class=\"\">, offrant une flexibilit\u00e9 in\u00e9dite pour l&rsquo;am\u00e9nagement des espaces<\/span><\/span><\/p>\n<p style=\"text-align: justify;\"><span class=\"\" style=\"color: #000000;\">. Les niveaux sont reli\u00e9s deux \u00e0 deux par de larges escaliers ouverts, favorisant une circulation fluide et des \u00e9changes entre collaborateurs<\/span><span class=\"\" style=\"color: #000000;\">.<\/span><\/p>\n<p style=\"text-align: justify;\"><strong><span class=\"\" style=\"color: #000000;\">Une \u00ab tour en plein air \u00bb au c\u0153ur du quartier d&rsquo;affaires<\/span><\/strong><\/p>\n<p class=\"ds-markdown-paragraph\" style=\"text-align: justify;\"><span class=\"\" style=\"color: #000000;\">L&rsquo;architecte Philippe Chiambaretta a repens\u00e9 les principes cl\u00e9s du gratte-ciel traditionnel pour r\u00e9pondre aux nouvelles fa\u00e7ons de travailler<\/span><span style=\"color: #000000;\"><span class=\"\">. The Link se veut une <\/span><strong><span class=\"\">tour \u00ab en plein air \u00bb<\/span><\/strong><span class=\"\"> dot\u00e9e de <\/span><strong><span class=\"\">2 800 m\u00b2 d&rsquo;espaces ext\u00e9rieurs<\/span><\/strong><\/span><span class=\"\" style=\"color: #000000;\">.<\/span><\/p>\n<p class=\"ds-markdown-paragraph\" style=\"text-align: justify;\"><span class=\"\" style=\"color: #000000;\">Parmi les atouts de cette conception novatrice :<\/span><\/p>\n<ul style=\"text-align: justify;\">\n<li>\n<p class=\"ds-markdown-paragraph\"><span style=\"color: #000000;\"><strong><span class=\"\">Six grandes terrasses<\/span><\/strong><\/span><\/p>\n<\/li>\n<li>\n<p class=\"ds-markdown-paragraph\"><span style=\"color: #000000;\"><strong><span class=\"\">Quinze jardins suspendus<\/span><\/strong><span class=\"\"> en plein air<\/span><\/span><\/p>\n<\/li>\n<li>\n<p class=\"ds-markdown-paragraph\"><span style=\"color: #000000;\"><strong><span class=\"\">Six jardins d&rsquo;hiver<\/span><\/strong><span class=\"\"> ventil\u00e9s naturellement<\/span><\/span><\/p>\n<\/li>\n<li>\n<p class=\"ds-markdown-paragraph\"><span style=\"color: #000000;\"><strong><span class=\"\">Deux jardins en rooftop<\/span><\/strong><\/span><\/p>\n<\/li>\n<\/ul>\n<p class=\"ds-markdown-paragraph\" style=\"text-align: justify;\"><span style=\"color: #000000;\"><span class=\"\">Aucun salari\u00e9 n&rsquo;est \u00e0 plus de <\/span><strong><span class=\"\">30 secondes \u00e0 pied<\/span><\/strong><span class=\"\"> d&rsquo;un espace ext\u00e9rieur<\/span><\/span><span class=\"\" style=\"color: #000000;\">. Le jardin paysager situ\u00e9 sur le rooftop, \u00e0 154 m\u00e8tres du sol, offre une vue imprenable sur Paris et l&rsquo;Axe historique reliant La D\u00e9fense au Louvre<\/span><span class=\"\" style=\"color: #000000;\">.<\/span><\/p>\n<p style=\"text-align: justify;\"><strong><span class=\"\" style=\"color: #000000;\">TotalEnergies : un d\u00e9m\u00e9nagement historique<\/span><\/strong><\/p>\n<p style=\"text-align: justify;\"><strong><span class=\"\" style=\"color: #000000;\">5 500 \u00e0 6 000 salari\u00e9s regroup\u00e9s dans un seul b\u00e2timent<\/span><\/strong><\/p>\n<p class=\"ds-markdown-paragraph\" style=\"text-align: justify;\"><span style=\"color: #000000;\"><span class=\"\">The Link accueillera entre <\/span><strong><span class=\"\">5 500 et 6 000 employ\u00e9s<\/span><\/strong><span class=\"\"> de TotalEnergies, jusqu&rsquo;alors r\u00e9partis dans les tours Coupole et Michelet<\/span><\/span><span style=\"color: #000000;\"><span class=\"\">. Ce regroupement marque une nouvelle \u00e9tape dans l&rsquo;histoire du g\u00e9ant \u00e9nerg\u00e9tique fran\u00e7ais, qui a choisi de <\/span><strong><span class=\"\">maintenir son si\u00e8ge social \u00e0 La D\u00e9fense<\/span><\/strong><span class=\"\">, r\u00e9affirmant son attachement \u00e0 ce territoire<\/span><\/span><span class=\"\" style=\"color: #000000;\">.<\/span><\/p>\n<p style=\"text-align: justify;\"><strong><span class=\"\" style=\"color: #000000;\">Un bail de 12 ans et une r\u00e9duction de moiti\u00e9 de la consommation \u00e9nerg\u00e9tique<\/span><\/strong><\/p>\n<p class=\"ds-markdown-paragraph\" style=\"text-align: justify;\"><span style=\"color: #000000;\"><span class=\"\">TotalEnergies a sign\u00e9 un <\/span><strong><span class=\"\">bail en \u00e9tat futur d&rsquo;ach\u00e8vement de douze ans renouvelables<\/span><\/strong><span class=\"\"> avec Groupama<\/span><\/span><span style=\"color: #000000;\"><span class=\"\">. Mais au-del\u00e0 du contrat, c&rsquo;est une v\u00e9ritable r\u00e9volution \u00e9nerg\u00e9tique qui attend le groupe : The Link permettra \u00e0 TotalEnergies de <\/span><strong><span class=\"\">r\u00e9duire de moiti\u00e9 sa consommation \u00e9nerg\u00e9tique<\/span><\/strong><span class=\"\"> par rapport \u00e0 ses immeubles actuels<\/span><\/span><span class=\"\" style=\"color: #000000;\">.<\/span><\/p>\n<p style=\"text-align: justify;\"><strong><span class=\"\" style=\"color: #000000;\">Une performance environnementale d&rsquo;excellence<\/span><\/strong><\/p>\n<p style=\"text-align: justify;\"><strong><span class=\"\" style=\"color: #000000;\">Certification HQE Exceptionnel<\/span><\/strong><\/p>\n<p class=\"ds-markdown-paragraph\" style=\"text-align: justify;\"><span style=\"color: #000000;\"><span class=\"\">The Link est gratifi\u00e9 de la plus haute certification environnementale : <\/span><strong><span class=\"\">HQE Exceptionnel<\/span><\/strong><\/span><\/p>\n<p style=\"text-align: justify;\"><span style=\"color: #000000;\"><span class=\"\">. Cette distinction garantit les meilleurs standards en mati\u00e8re d&rsquo;<\/span><strong><span class=\"\">efficacit\u00e9 \u00e9nerg\u00e9tique<\/span><\/strong><span class=\"\">, de <\/span><strong><span class=\"\">confort thermique<\/span><\/strong><span class=\"\"> et d&rsquo;<\/span><strong><span class=\"\">acoustique<\/span><\/strong><\/span><span class=\"\" style=\"color: #000000;\">.<\/span><\/p>\n<p style=\"text-align: justify;\"><strong><span class=\"\" style=\"color: #000000;\">Une fa\u00e7ade en double peau et des panneaux photovolta\u00efques<\/span><\/strong><\/p>\n<p class=\"ds-markdown-paragraph\" style=\"text-align: justify;\"><span style=\"color: #000000;\"><span class=\"\">L&rsquo;une des innovations majeures r\u00e9side dans sa <\/span><strong><span class=\"\">fa\u00e7ade en double peau<\/span><\/strong><span class=\"\">, qui assure une meilleure isolation thermique et int\u00e8gre des <\/span><strong><span class=\"\">panneaux photovolta\u00efques<\/span><\/strong><\/span><span style=\"color: #000000;\"><span class=\"\">. Cette technologie contribue \u00e0 la performance \u00e9nerg\u00e9tique exceptionnelle de la tour, qui se positionne comme un <\/span><strong><span class=\"\">d\u00e9monstrateur de la verticalit\u00e9 durable<\/span><\/strong><\/span><span class=\"\" style=\"color: #000000;\">.<\/span><\/p>\n<p style=\"text-align: justify;\"><strong><span class=\"\" style=\"color: #000000;\">Un projet qui transforme tout le quartier Michelet<\/span><\/strong><\/p>\n<p class=\"ds-markdown-paragraph\" style=\"text-align: justify;\"><span style=\"color: #000000;\"><span class=\"\">L&rsquo;arriv\u00e9e de The Link s&rsquo;inscrit dans une <\/span><strong><span class=\"\">transformation urbaine plus vaste<\/span><\/strong><span class=\"\"> du quartier Michelet, pilot\u00e9e par Paris La D\u00e9fense<\/span><\/span><span style=\"color: #000000;\"><span class=\"\">. Les espaces publics sont modernis\u00e9s et les connexions avec la ville de <\/span><strong><span class=\"\">Puteaux<\/span><\/strong><span class=\"\"> sont renforc\u00e9es<\/span><\/span><span class=\"\" style=\"color: #000000;\">.<\/span><\/p>\n<p class=\"ds-markdown-paragraph\" style=\"text-align: justify;\"><span class=\"\" style=\"color: #000000;\">De nouveaux franchissements apais\u00e9s du boulevard Patrick-Devedjian faciliteront les d\u00e9placements des pi\u00e9tons et am\u00e9lioreront les continuit\u00e9s urbaines entre le quartier d&rsquo;affaires et la ville<\/span><span style=\"color: #000000;\"><span class=\"\">. Cette transformation s&rsquo;appuie par ailleurs sur le <\/span><strong><span class=\"\">r\u00e9emploi des mat\u00e9riaux<\/span><\/strong><span class=\"\">, une d\u00e9marche vertueuse qui r\u00e9duit l&#8217;empreinte carbone du projet<\/span><\/span><span class=\"\" style=\"color: #000000;\">.<\/span><\/p>\n<p style=\"text-align: justify;\"><strong><span class=\"\" style=\"color: #000000;\">Un chantier qui n&rsquo;a pas fait que des heureux<\/span><\/strong><\/p>\n<p class=\"ds-markdown-paragraph\" style=\"text-align: justify;\"><span style=\"color: #000000;\"><span class=\"\">Le projet, aussi spectaculaire soit-il, n&rsquo;a pas \u00e9t\u00e9 sans susciter des tensions. Pendant plus de cinq ans, les riverains de la r\u00e9sidence Minerve, \u00e0 Puteaux, ont subi <\/span><strong><span class=\"\">nuisances sonores et poussi\u00e8re<\/span><\/strong><span class=\"\"> g\u00e9n\u00e9r\u00e9es par le chantier<\/span><\/span><span style=\"color: #000000;\"><span class=\"\">. Une association de r\u00e9sidents a r\u00e9clam\u00e9 <\/span><strong><span class=\"\">3,5 millions d&rsquo;euros<\/span><\/strong><span class=\"\"> d&rsquo;indemnisation \u00e0 la SCI The Link (Groupama Immobilier)<\/span><\/span><span class=\"\" style=\"color: #000000;\">. Un contentieux qui rappelle que les grandes transformations urbaines ne se font pas sans heurts.<\/span><\/p>\n<p style=\"text-align: justify;\"><strong><span class=\"\" style=\"color: #000000;\">Un symbole de la nouvelle \u00e8re des gratte-ciel fran\u00e7ais<\/span><\/strong><\/p>\n<p class=\"ds-markdown-paragraph\" style=\"text-align: justify;\"><span style=\"color: #000000;\"><span class=\"\">Avec ses <\/span><strong><span class=\"\">242 m\u00e8tres<\/span><\/strong><span class=\"\">, The Link d\u00e9passe la Tour First (231 m\u00e8tres) et s&rsquo;impose comme le <\/span><strong><span class=\"\">nouveau recordman de France<\/span><\/strong><\/span><span style=\"color: #000000;\"><span class=\"\">. Mais au-del\u00e0 du chiffre, c&rsquo;est un <\/span><strong><span class=\"\">nouveau mod\u00e8le de gratte-ciel<\/span><\/strong><span class=\"\"> qui s&rsquo;installe \u00e0 La D\u00e9fense : plus ouvert, plus connect\u00e9 \u00e0 la nature, plus respectueux de l&rsquo;environnement.<\/span><\/span><\/p>\n<p class=\"ds-markdown-paragraph\" style=\"text-align: justify;\"><span style=\"color: #000000;\"><span class=\"\">Comme l&rsquo;a soulign\u00e9 l&rsquo;architecte Philippe Chiambaretta, The Link incarne une <\/span><strong><span class=\"\">\u00ab verticalit\u00e9 r\u00e9invent\u00e9e \u00bb<\/span><\/strong><span class=\"\">, o\u00f9 le bien-\u00eatre des occupants et la performance environnementale ne sont plus des options, mais des exigences fondamentales.<\/span><\/span><\/p>\n<div class=\"_020ab5b\">\n<div class=\"_24fad49\" style=\"text-align: justify;\">\n<div class=\"b13855df\"><\/div>\n<\/div>\n<div class=\"ec4f5d61\">\n<div class=\"_58b31c9\" style=\"text-align: justify;\">\n<p><strong><strong><strong><strong>Lire aussi:<\/strong><\/strong><\/strong><\/strong><\/p>\n<div class=\"gsc-thumbnail-inside\">\n<div class=\"gs-title\"><a class=\"gs-title\" dir=\"ltr\" href=\"https:\/\/plumeseconomiques.com\/fr\/news\/total-tunisie-met-a-la-disposition-du-ministere-de-la-sante-un-don-de-cartes-carburant\/\" data-cturl=\"https:\/\/www.google.com\/url?client=internal-element-cse&amp;cx=011238217578432545340:5m9aarzzppc&amp;q=https:\/\/plumeseconomiques.com\/fr\/news\/total-tunisie-met-a-la-disposition-du-ministere-de-la-sante-un-don-de-cartes-carburant\/&amp;sa=U&amp;ved=2ahUKEwjvjcrzvNOWAxUI0gIHHeJYHzIQFnoECAwQAg&amp;usg=AOvVaw0ZcEC9UJPHfqKClhsx2dWX&amp;fexp=121991393,121991394,121877338,121877336\" data-ctorig=\"https:\/\/plumeseconomiques.com\/fr\/news\/total-tunisie-met-a-la-disposition-du-ministere-de-la-sante-un-don-de-cartes-carburant\/\"><b>Total<\/b> Tunisie met \u00e0 la disposition du Minist\u00e8re de la Sant\u00e9 un don de &#8230;<\/a><\/div>\n<\/div>\n<div class=\"gsc-thumbnail-inside\">\n<div class=\"gs-title\"><a class=\"gs-title\" dir=\"ltr\" href=\"https:\/\/plumeseconomiques.com\/fr\/communique\/Total-Tunisie-au-forum-du-partenariat-France-Tunisi\/\" data-cturl=\"https:\/\/www.google.com\/url?client=internal-element-cse&amp;cx=011238217578432545340:5m9aarzzppc&amp;q=https:\/\/plumeseconomiques.com\/fr\/communique\/Total-Tunisie-au-forum-du-partenariat-France-Tunisi\/&amp;sa=U&amp;ved=2ahUKEwjvjcrzvNOWAxUI0gIHHeJYHzIQFnoECAYQAg&amp;usg=AOvVaw1pWqMaqM1Qq7PMeNX9bMWs&amp;fexp=121991393,121991394,121877338,121877336\" data-ctorig=\"https:\/\/plumeseconomiques.com\/fr\/communique\/Total-Tunisie-au-forum-du-partenariat-France-Tunisi\/\"><b>Total<\/b> Tunisie au forum du partenariat France-Tunisie<\/a><\/div>\n<\/div>\n<div class=\"gsc-thumbnail-inside\">\n<div class=\"gs-title\"><a class=\"gs-title\" dir=\"ltr\" href=\"https:\/\/plumeseconomiques.com\/fr\/communique\/totalenergies-celebre-ses-100-ans\/\" data-cturl=\"https:\/\/www.google.com\/url?client=internal-element-cse&amp;cx=011238217578432545340:5m9aarzzppc&amp;q=https:\/\/plumeseconomiques.com\/fr\/communique\/totalenergies-celebre-ses-100-ans\/&amp;sa=U&amp;ved=2ahUKEwjvjcrzvNOWAxUI0gIHHeJYHzIQFnoECAQQAg&amp;usg=AOvVaw3vzn1TbD0AieKzBwdC4wa5&amp;fexp=121991393,121991394,121877338,121877336\" data-ctorig=\"https:\/\/plumeseconomiques.com\/fr\/communique\/totalenergies-celebre-ses-100-ans\/\">TotalEnergies c\u00e9l\u00e8bre ses 100 ans &#8211; Plumes Economiques<\/a><\/div>\n<\/div>\n<\/div>\n<\/div>\n<\/div>\n","protected":false},"excerpt":{"rendered":"<p>TotalEnergies installe son nouveau si\u00e8ge social dans la tour de 242 m\u00e8tres, symbole d&rsquo;une nouvelle g\u00e9n\u00e9ration de gratte-ciel alliant performance environnementale et bien-\u00eatre au travail.<\/p>\n","protected":false},"author":1,"featured_media":70656,"comment_status":"open","ping_status":"open","sticky":false,"template":"","format":"standard","meta":{"_seopress_titles_title":"The Link : le plus haut gratte-ciel de France ouvre ses portes \u00e0 La D\u00e9fense","_seopress_titles_desc":"TotalEnergies installe son nouveau si\u00e8ge social dans la tour de 242 m\u00e8tres, symbole d'une nouvelle g\u00e9n\u00e9ration de gratte-ciel alliant performance environnementale et bien-\u00eatre au travail.","_seopress_robots_index":"","_seopress_robots_follow":"","_seopress_robots_imageindex":"","_seopress_robots_snippet":"","_seopress_robots_primary_cat":"","_seopress_robots_breadcrumbs":"","_seopress_robots_freeze_modified_date":"","_seopress_robots_custom_modified_date":"","_seopress_robots_canonical":"","_seopress_social_fb_title":"","_seopress_social_fb_desc":"","_seopress_social_fb_img":"","_seopress_social_fb_img_attachment_id":0,"_seopress_social_fb_img_width":0,"_seopress_social_fb_img_height":0,"_seopress_social_twitter_title":"","_seopress_social_twitter_desc":"","_seopress_social_twitter_img":"","_seopress_social_twitter_img_attachment_id":0,"_seopress_social_twitter_img_width":0,"_seopress_social_twitter_img_height":0,"_seopress_redirections_value":"","_seopress_redirections_enabled":"","_seopress_redirections_enabled_regex":"","_seopress_redirections_logged_status":"","_seopress_redirections_param":"","_seopress_redirections_type":0,"_seopress_analysis_target_kw":"The Link,plus haut gratte-ciel France,La D\u00e9fense,TotalEnergies,si\u00e8ge social,tour 242 m\u00e8tres,Groupama,PCA-STREAM,Philippe Chiambaretta,Vinci Construction,HQE Exceptionnel,performance \u00e9nerg\u00e9tique,gratte-ciel durable,passerelles v\u00e9g\u00e9talis\u00e9es,rooftop,jardins suspendus,transformation urbaine,Puteaux,quartier Michelet,record France,immobilier de bureau","footnotes":""},"categories":[78,61],"tags":[],"class_list":["post-70654","post","type-post","status-publish","format-standard","has-post-thumbnail","category-international-echo","category-news"],"_links":{"self":[{"href":"https:\/\/plumeseconomiques.com\/fr\/wp-json\/wp\/v2\/posts\/70654","targetHints":{"allow":["GET"]}}],"collection":[{"href":"https:\/\/plumeseconomiques.com\/fr\/wp-json\/wp\/v2\/posts"}],"about":[{"href":"https:\/\/plumeseconomiques.com\/fr\/wp-json\/wp\/v2\/types\/post"}],"author":[{"embeddable":true,"href":"https:\/\/plumeseconomiques.com\/fr\/wp-json\/wp\/v2\/users\/1"}],"replies":[{"embeddable":true,"href":"https:\/\/plumeseconomiques.com\/fr\/wp-json\/wp\/v2\/comments?post=70654"}],"version-history":[{"count":2,"href":"https:\/\/plumeseconomiques.com\/fr\/wp-json\/wp\/v2\/posts\/70654\/revisions"}],"predecessor-version":[{"id":70657,"href":"https:\/\/plumeseconomiques.com\/fr\/wp-json\/wp\/v2\/posts\/70654\/revisions\/70657"}],"wp:featuredmedia":[{"embeddable":true,"href":"https:\/\/plumeseconomiques.com\/fr\/wp-json\/wp\/v2\/media\/70656"}],"wp:attachment":[{"href":"https:\/\/plumeseconomiques.com\/fr\/wp-json\/wp\/v2\/media?parent=70654"}],"wp:term":[{"taxonomy":"category","embeddable":true,"href":"https:\/\/plumeseconomiques.com\/fr\/wp-json\/wp\/v2\/categories?post=70654"},{"taxonomy":"post_tag","embeddable":true,"href":"https:\/\/plumeseconomiques.com\/fr\/wp-json\/wp\/v2\/tags?post=70654"}],"curies":[{"name":"wp","href":"https:\/\/api.w.org\/{rel}","templated":true}]}}