{"id":70635,"date":"2026-08-24T21:25:28","date_gmt":"2026-08-24T20:25:28","guid":{"rendered":"https:\/\/plumeseconomiques.com\/fr\/?p=70635"},"modified":"2026-09-03T21:34:24","modified_gmt":"2026-09-03T20:34:24","slug":"afraa-accueille-global-airtech-comme-partenaire-pour-renforcer-la-chaine-dapprovisionnement-aeronautique-en-afrique","status":"publish","type":"post","link":"https:\/\/plumeseconomiques.com\/fr\/international-echo\/afraa-accueille-global-airtech-comme-partenaire-pour-renforcer-la-chaine-dapprovisionnement-aeronautique-en-afrique\/","title":{"rendered":"AFRAA accueille Global Airtech comme partenaire pour renforcer la cha\u00eene d&rsquo;approvisionnement a\u00e9ronautique en Afrique"},"content":{"rendered":"<p style=\"text-align: justify;\"><strong><span class=\"\" style=\"color: #000000;\">AFRAA accueille Global Airtech comme partenaire pour renforcer la cha\u00eene d&rsquo;approvisionnement a\u00e9ronautique en Afrique<\/span><\/strong><\/p>\n<p class=\"ds-markdown-paragraph\" style=\"text-align: justify;\"><span style=\"color: #000000;\"><strong><span class=\"\">Nairobi, Kenya, 24 ao\u00fbt 2026<\/span><\/strong><span class=\"\"> \u2014 L\u2019Association des compagnies a\u00e9riennes africaines (AFRAA) a officiellement admis Global Airtech International en tant que partenaire dans le cadre de son Programme de partenariat. Cette initiative marque une avanc\u00e9e d\u00e9cisive dans le renforcement de la cha\u00eene d\u2019approvisionnement en composants a\u00e9ronautiques destin\u00e9s aux transporteurs africains. Ce partenariat s\u2019inscrit dans la dynamique permanente de l\u2019AFRAA visant \u00e0 mettre en relation ses compagnies membres avec des fournisseurs de pi\u00e8ces d\u00e9tach\u00e9es, de mat\u00e9riaux et de soutien technique de classe mondiale, garantissant ainsi la fiabilit\u00e9 et la s\u00e9curit\u00e9 des flottes africaines.<\/span><\/span><\/p>\n<p style=\"text-align: justify;\"><strong><span class=\"\" style=\"color: #000000;\">Un partenariat strat\u00e9gique pour la r\u00e9silience des transporteurs africains<\/span><\/strong><\/p>\n<p class=\"ds-markdown-paragraph\" style=\"text-align: justify;\"><span class=\"\" style=\"color: #000000;\">Alors que les compagnies a\u00e9riennes africaines font face \u00e0 des contraintes croissantes sur leur cha\u00eene d\u2019approvisionnement et \u00e0 la hausse des co\u00fbts de maintenance des flottes, l\u2019arriv\u00e9e de Global Airtech dans l\u2019\u00e9cosyst\u00e8me de l\u2019AFRAA offre une plateforme opportune pour une collaboration structur\u00e9e. L\u2019objectif est d\u2019am\u00e9liorer la disponibilit\u00e9 des pi\u00e8ces, de r\u00e9duire les d\u00e9lais d\u2019intervention et de renforcer la r\u00e9silience op\u00e9rationnelle face aux al\u00e9as du march\u00e9 mondial.<\/span><\/p>\n<p class=\"ds-markdown-paragraph\" style=\"text-align: justify;\"><span class=\"\" style=\"color: #000000;\">Gr\u00e2ce \u00e0 ce rapprochement, Global Airtech intensifiera son engagement aupr\u00e8s des compagnies africaines, \u00e9largira son empreinte en mati\u00e8re de soutien en composants sur le continent et collaborera \u00e9troitement avec les transporteurs membres pour optimiser la gestion des stocks et la r\u00e9activit\u00e9 logistique.<\/span><\/p>\n<p style=\"text-align: justify;\"><strong><span class=\"\" style=\"color: #000000;\">Global Airtech : un sp\u00e9cialiste mondial des solutions de composants depuis 1989<\/span><\/strong><\/p>\n<p class=\"ds-markdown-paragraph\" style=\"text-align: justify;\"><span class=\"\" style=\"color: #000000;\">Global Airtech est un sp\u00e9cialiste reconnu des actifs a\u00e9ronautiques. Depuis 1989, l\u2019entreprise fournit des solutions compl\u00e8tes de soutien en composants, couvrant l\u2019approvisionnement en \u00e9quipements de nouvelle g\u00e9n\u00e9ration, le soutien critique en mat\u00e9riaux, les programmes d\u2019\u00e9change et de pr\u00eat, la gestion des r\u00e9parations, la gestion des stocks exc\u00e9dentaires, les solutions de consignation et de kits de base, ainsi que le n\u00e9goce d\u2019actifs et les partenariats strat\u00e9giques.<\/span><\/p>\n<p style=\"text-align: justify;\"><strong><span class=\"\" style=\"color: #000000;\">Une pr\u00e9sence \u00e9tablie en Afrique et des certifications de rigueur<\/span><\/strong><\/p>\n<p class=\"ds-markdown-paragraph\" style=\"text-align: justify;\"><span class=\"\" style=\"color: #000000;\">Bas\u00e9e \u00e0 Reno, dans le Nevada (\u00c9tats-Unis), Global Airtech dispose de bureaux \u00e0 Los Angeles, Miami, ainsi qu\u2019au Br\u00e9sil, en Ouganda, en Inde, en Tha\u00eflande, \u00e0 Singapour et au Vietnam. Sa pr\u00e9sence sur le continent africain est concr\u00e9tis\u00e9e par son bureau d\u2019Entebbe, en Ouganda, qui t\u00e9moigne de son engagement croissant envers le march\u00e9 a\u00e9ronautique africain.<\/span><\/p>\n<p class=\"ds-markdown-paragraph\" style=\"text-align: justify;\"><span class=\"\" style=\"color: #000000;\">La soci\u00e9t\u00e9 exploite un service AOG (Aircraft on Ground) disponible 24 heures sur 24 et 7 jours sur 7. Elle d\u00e9tient par ailleurs les accr\u00e9ditations ASA-100\/FAA 00-56B et ISO 9001\/AS9120D, gages d\u2019une tra\u00e7abilit\u00e9 rigoureuse, d\u2019une qualification stricte des fournisseurs et d\u2019une pr\u00e9vention efficace contre la contrefa\u00e7on de pi\u00e8ces.<\/span><\/p>\n<p style=\"text-align: justify;\"><strong><span class=\"\" style=\"color: #000000;\">Des dirigeants saluent une collaboration prometteuse<\/span><\/strong><\/p>\n<blockquote>\n<p class=\"ds-markdown-paragraph\" style=\"text-align: center;\"><span style=\"color: #000000;\"><strong><span class=\"\">M. Abderahmane Berth\u00e9, Secr\u00e9taire g\u00e9n\u00e9ral de l\u2019AFRAA<\/span><\/strong><span class=\"\">, a d\u00e9clar\u00e9 :<\/span><\/span><br \/>\n<span style=\"color: #000000;\"><em><span class=\"\">\u00ab Nous sommes ravis d\u2019accueillir Global Airtech au sein de la grande famille de l\u2019AFRAA en tant que partenaire. Un acc\u00e8s fiable \u00e0 des composants et des mat\u00e9riaux de qualit\u00e9 est fondamental pour la s\u00e9curit\u00e9, l\u2019efficacit\u00e9 et la ma\u00eetrise des co\u00fbts des compagnies a\u00e9riennes. Global Airtech apporte \u00e0 nos membres des d\u00e9cennies d\u2019expertise \u00e9prouv\u00e9e et un r\u00e9seau v\u00e9ritablement mondial. Leur pr\u00e9sence \u00e9tablie sur le continent, associ\u00e9e \u00e0 leurs normes de qualit\u00e9 rigoureuses et \u00e0 leur soutien AOG permanent, fait d\u2019eux un ajout pr\u00e9cieux \u00e0 notre Programme de partenariat. Nous attendons avec impatience une collaboration qui renforcera la r\u00e9silience de la cha\u00eene d\u2019approvisionnement des compagnies africaines et soutiendra la croissance continue de notre secteur. \u00bb<\/span><\/em><\/span><\/p>\n<p class=\"ds-markdown-paragraph\" style=\"text-align: center;\"><span style=\"color: #000000;\"><span class=\"\">Dans une d\u00e9claration conjointe, <\/span><strong><span class=\"\">Adam Chiamulon, Pr\u00e9sident et COO de Global Airtech<\/span><\/strong><span class=\"\">, et <\/span><strong><span class=\"\">Rodney Chiamulon, Pr\u00e9sident du Conseil et CEO<\/span><\/strong><span class=\"\">, ont ajout\u00e9 :<\/span><\/span><br \/>\n<span style=\"color: #000000;\"><em><span class=\"\">\u00ab Nous sommes fiers de rejoindre l\u2019AFRAA et de faire partie d\u2019une communaut\u00e9 profond\u00e9ment engag\u00e9e pour la croissance, la s\u00e9curit\u00e9 et le succ\u00e8s de l\u2019aviation africaine. L\u2019Afrique est un pilier important des activit\u00e9s de Global Airtech depuis notre cr\u00e9ation en 1989, et ce partenariat approfondit un engagement que nous portons depuis des d\u00e9cennies. Notre objectif ne se limite pas \u00e0 fournir des pi\u00e8ces ; nous voulons construire des relations durables avec les transporteurs africains et les aider \u00e0 r\u00e9soudre les probl\u00e8mes qui affectent la disponibilit\u00e9 et la continuit\u00e9 op\u00e9rationnelle des a\u00e9ronefs. Nous voyons dans cette alliance le d\u00e9but d\u2019une coop\u00e9ration \u00e0 long terme, et nous sommes enthousiastes \u00e0 l\u2019id\u00e9e de ce que nous pourrons accomplir ensemble. \u00bb<\/span><\/em><\/span><\/p>\n<\/blockquote>\n<p style=\"text-align: justify;\"><strong><span class=\"\" style=\"color: #000000;\">Un r\u00e9seau \u00e9largi pour plus de 40 compagnies membres<\/span><\/strong><\/p>\n<p class=\"ds-markdown-paragraph\" style=\"text-align: justify;\"><span class=\"\" style=\"color: #000000;\">En tant que partenaire de l\u2019AFRAA, Global Airtech rejoint d\u00e9sormais un r\u00e9seau de leaders du secteur au sein du Programme de partenariat, renfor\u00e7ant ainsi son interaction avec la communaut\u00e9 de plus de 40 compagnies a\u00e9riennes membres \u00e0 travers le continent. Ce partenariat \u00e9tablit des canaux structur\u00e9s pour que Global Airtech puisse \u00e9changer avec les dirigeants du secteur sur la disponibilit\u00e9 des pi\u00e8ces, la gestion des r\u00e9parations et les solutions d\u2019approvisionnement \u00e0 long terme.<\/span><\/p>\n<p class=\"ds-markdown-paragraph\" style=\"text-align: justify;\"><span class=\"\" style=\"color: #000000;\">Pour les compagnies membres de l\u2019AFRAA, cette collaboration se traduit par un acc\u00e8s \u00e9largi \u00e0 un fournisseur certifi\u00e9 et connect\u00e9 mondialement, favorisant une meilleure r\u00e9silience op\u00e9rationnelle, une r\u00e9duction des temps d\u2019immobilisation des appareils et une pr\u00e9visibilit\u00e9 accrue des co\u00fbts de maintenance.<\/span><\/p>\n<p><strong>Lire aussi:<\/strong><\/p>\n<div class=\"gsc-thumbnail-inside\">\n<div class=\"gs-title\"><a class=\"gs-title\" dir=\"ltr\" href=\"https:\/\/plumeseconomiques.com\/fr\/news\/afraa-et-4-mro-africains-fondateurs-lancent-la-premiere-conference-mro-a-addis-abeba-pour-une-maintenance-aerienne-durable-en-afrique\/\" data-cturl=\"https:\/\/www.google.com\/url?client=internal-element-cse&amp;cx=011238217578432545340:5m9aarzzppc&amp;q=https:\/\/plumeseconomiques.com\/fr\/news\/afraa-et-4-mro-africains-fondateurs-lancent-la-premiere-conference-mro-a-addis-abeba-pour-une-maintenance-aerienne-durable-en-afrique\/&amp;sa=U&amp;ved=2ahUKEwiP6879oNOWAxX6xQIHHdJ7ODAQFnoECAwQAg&amp;usg=AOvVaw2-0-Ky0HyvPdCkmD5UQweX&amp;fexp=121877338,121877336\" data-ctorig=\"https:\/\/plumeseconomiques.com\/fr\/news\/afraa-et-4-mro-africains-fondateurs-lancent-la-premiere-conference-mro-a-addis-abeba-pour-une-maintenance-aerienne-durable-en-afrique\/\"><b>AFRAA<\/b> et 4 MRO africains fondateurs lancent la premi\u00e8re<\/a><\/div>\n<\/div>\n<div class=\"gsc-thumbnail-inside\">\n<div class=\"gs-title\"><a class=\"gs-title\" dir=\"ltr\" href=\"https:\/\/plumeseconomiques.com\/fr\/magazine\/sous-le-zoom\/afraa-premiere-conference-africaine-sur-la-maintenance-aerienne-mro-a-addis-abeba-un-ecosysteme-durable-pour-laviation-en-afrique\/\" data-cturl=\"https:\/\/www.google.com\/url?client=internal-element-cse&amp;cx=011238217578432545340:5m9aarzzppc&amp;q=https:\/\/plumeseconomiques.com\/fr\/magazine\/sous-le-zoom\/afraa-premiere-conference-africaine-sur-la-maintenance-aerienne-mro-a-addis-abeba-un-ecosysteme-durable-pour-laviation-en-afrique\/&amp;sa=U&amp;ved=2ahUKEwiP6879oNOWAxX6xQIHHdJ7ODAQFnoECAsQAg&amp;usg=AOvVaw1OawHkK405ppBBpPD-YtIQ&amp;fexp=121877338,121877336\" data-ctorig=\"https:\/\/plumeseconomiques.com\/fr\/magazine\/sous-le-zoom\/afraa-premiere-conference-africaine-sur-la-maintenance-aerienne-mro-a-addis-abeba-un-ecosysteme-durable-pour-laviation-en-afrique\/\"><b>AFRAA<\/b> : premi\u00e8re conf\u00e9rence africaine sur la maintenance<\/a><\/div>\n<\/div>\n<div class=\"gsc-thumbnail-inside\">\n<div class=\"gs-title\"><a class=\"gs-title\" dir=\"ltr\" href=\"https:\/\/plumeseconomiques.com\/fr\/non-classe\/afraa-et-south-african-airways-reunissent-les-leaders-du-secteur-au-14e-congres-des-parties-prenantes-de-laviation-pour-tracer-la-voie-dune-croissance-resiliente-en-afrique\/\" data-cturl=\"https:\/\/www.google.com\/url?client=internal-element-cse&amp;cx=011238217578432545340:5m9aarzzppc&amp;q=https:\/\/plumeseconomiques.com\/fr\/non-classe\/afraa-et-south-african-airways-reunissent-les-leaders-du-secteur-au-14e-congres-des-parties-prenantes-de-laviation-pour-tracer-la-voie-dune-croissance-resiliente-en-afrique\/&amp;sa=U&amp;ved=2ahUKEwiP6879oNOWAxX6xQIHHdJ7ODAQFnoECAgQAg&amp;usg=AOvVaw1FxuNkDVCya5VrvRHW0qvk&amp;fexp=121877338,121877336\" data-ctorig=\"https:\/\/plumeseconomiques.com\/fr\/non-classe\/afraa-et-south-african-airways-reunissent-les-leaders-du-secteur-au-14e-congres-des-parties-prenantes-de-laviation-pour-tracer-la-voie-dune-croissance-resiliente-en-afrique\/\"><b>AFRAA<\/b> et South African Airways r\u00e9unissent les leaders<\/a><\/div>\n<\/div>\n","protected":false},"excerpt":{"rendered":"<p>L\u2019Association des compagnies a\u00e9riennes africaines (AFRAA) a officiellement admis Global Airtech International en tant que partenaire dans le cadre de son Programme de partenariat<\/p>\n","protected":false},"author":1,"featured_media":70636,"comment_status":"open","ping_status":"open","sticky":false,"template":"","format":"standard","meta":{"_seopress_titles_title":"AFRAA accueille Global Airtech comme partenaire","_seopress_titles_desc":"L\u2019Association des compagnies a\u00e9riennes africaines (AFRAA) a officiellement admis Global Airtech International en tant que partenaire dans le cadre de son Programme de partenariat","_seopress_robots_index":"","_seopress_robots_follow":"","_seopress_robots_imageindex":"","_seopress_robots_snippet":"","_seopress_robots_primary_cat":"","_seopress_robots_breadcrumbs":"","_seopress_robots_freeze_modified_date":"","_seopress_robots_custom_modified_date":"","_seopress_robots_canonical":"","_seopress_social_fb_title":"","_seopress_social_fb_desc":"","_seopress_social_fb_img":"","_seopress_social_fb_img_attachment_id":0,"_seopress_social_fb_img_width":0,"_seopress_social_fb_img_height":0,"_seopress_social_twitter_title":"","_seopress_social_twitter_desc":"","_seopress_social_twitter_img":"","_seopress_social_twitter_img_attachment_id":0,"_seopress_social_twitter_img_width":0,"_seopress_social_twitter_img_height":0,"_seopress_redirections_value":"","_seopress_redirections_enabled":"","_seopress_redirections_enabled_regex":"","_seopress_redirections_logged_status":"","_seopress_redirections_param":"","_seopress_redirections_type":0,"_seopress_analysis_target_kw":"","footnotes":""},"categories":[78],"tags":[],"class_list":["post-70635","post","type-post","status-publish","format-standard","has-post-thumbnail","category-international-echo"],"_links":{"self":[{"href":"https:\/\/plumeseconomiques.com\/fr\/wp-json\/wp\/v2\/posts\/70635","targetHints":{"allow":["GET"]}}],"collection":[{"href":"https:\/\/plumeseconomiques.com\/fr\/wp-json\/wp\/v2\/posts"}],"about":[{"href":"https:\/\/plumeseconomiques.com\/fr\/wp-json\/wp\/v2\/types\/post"}],"author":[{"embeddable":true,"href":"https:\/\/plumeseconomiques.com\/fr\/wp-json\/wp\/v2\/users\/1"}],"replies":[{"embeddable":true,"href":"https:\/\/plumeseconomiques.com\/fr\/wp-json\/wp\/v2\/comments?post=70635"}],"version-history":[{"count":1,"href":"https:\/\/plumeseconomiques.com\/fr\/wp-json\/wp\/v2\/posts\/70635\/revisions"}],"predecessor-version":[{"id":70637,"href":"https:\/\/plumeseconomiques.com\/fr\/wp-json\/wp\/v2\/posts\/70635\/revisions\/70637"}],"wp:featuredmedia":[{"embeddable":true,"href":"https:\/\/plumeseconomiques.com\/fr\/wp-json\/wp\/v2\/media\/70636"}],"wp:attachment":[{"href":"https:\/\/plumeseconomiques.com\/fr\/wp-json\/wp\/v2\/media?parent=70635"}],"wp:term":[{"taxonomy":"category","embeddable":true,"href":"https:\/\/plumeseconomiques.com\/fr\/wp-json\/wp\/v2\/categories?post=70635"},{"taxonomy":"post_tag","embeddable":true,"href":"https:\/\/plumeseconomiques.com\/fr\/wp-json\/wp\/v2\/tags?post=70635"}],"curies":[{"name":"wp","href":"https:\/\/api.w.org\/{rel}","templated":true}]}}