{"id":69539,"date":"2026-03-16T10:05:13","date_gmt":"2026-03-16T09:05:13","guid":{"rendered":"https:\/\/plumeseconomiques.com\/fr\/?p=69539"},"modified":"2026-03-16T10:05:13","modified_gmt":"2026-03-16T09:05:13","slug":"marche-automobile-tunisien-hausse-des-ventes-et-domination-asiatique-debut-2026","status":"publish","type":"post","link":"https:\/\/plumeseconomiques.com\/fr\/news\/marche-automobile-tunisien-hausse-des-ventes-et-domination-asiatique-debut-2026\/","title":{"rendered":"March\u00e9 automobile tunisien : hausse des ventes et domination asiatique d\u00e9but 2026"},"content":{"rendered":"<p data-start=\"221\" data-end=\"455\">Le march\u00e9 automobile tunisien d\u00e9marre 2026 sur une dynamique positive. Apr\u00e8s deux mois, les ventes progressent et la r\u00e9partition par origine des marques et par segments r\u00e9v\u00e8le des tendances importantes pour investisseurs et d\u00e9cideurs.<\/p>\n<h2 data-section-id=\"1v55ol\" data-start=\"462\" data-end=\"502\">Ventes totales et dynamique du march\u00e9<\/h2>\n<p data-start=\"503\" data-end=\"758\">En janvier-f\u00e9vrier 2026, <strong data-start=\"528\" data-end=\"547\">8 880 v\u00e9hicules<\/strong> ont \u00e9t\u00e9 vendus, soit une croissance de <strong data-start=\"587\" data-end=\"597\">7,54 %<\/strong> par rapport \u00e0 la m\u00eame p\u00e9riode en 2025. Ce rebond illustre une demande soutenue malgr\u00e9 les contraintes \u00e9conomiques locales et la concurrence du march\u00e9 parall\u00e8le.<\/p>\n<ul data-start=\"760\" data-end=\"956\">\n<li data-section-id=\"r76sww\" data-start=\"760\" data-end=\"801\">\n<p data-start=\"762\" data-end=\"801\">Croissance soutenue des ventes globales<\/p>\n<\/li>\n<li data-section-id=\"6flrfe\" data-start=\"802\" data-end=\"899\">\n<p data-start=\"804\" data-end=\"899\">Rebond confirm\u00e9 par les donn\u00e9es de la Chambre nationale des agents et constructeurs automobiles<\/p>\n<\/li>\n<li data-section-id=\"f12tk5\" data-start=\"900\" data-end=\"956\">\n<p data-start=\"902\" data-end=\"956\">Segments moteurs : v\u00e9hicules utilitaires l\u00e9gers et SUV<\/p>\n<\/li>\n<\/ul>\n<h2 data-section-id=\"nqhq71\" data-start=\"963\" data-end=\"1007\">Marques asiatiques : dominance consolid\u00e9e<\/h2>\n<p data-start=\"1008\" data-end=\"1201\">Les marques sud-cor\u00e9ennes et japonaises occupent quatre des cinq premi\u00e8res places du march\u00e9 tunisien. Les consommateurs privil\u00e9gient la <strong data-start=\"1144\" data-end=\"1200\">fiabilit\u00e9, la technologie et le rapport qualit\u00e9\/prix<\/strong>.<\/p>\n<ul data-start=\"1203\" data-end=\"1464\">\n<li data-section-id=\"ixftd4\" data-start=\"1203\" data-end=\"1246\">\n<p data-start=\"1205\" data-end=\"1246\">SUV et utilitaires l\u00e9gers : forte demande<\/p>\n<\/li>\n<li data-section-id=\"1bom7qt\" data-start=\"1247\" data-end=\"1358\">\n<p data-start=\"1249\" data-end=\"1358\">Tendances historiques : les marques asiatiques gagnent du terrain sur les constructeurs europ\u00e9ens depuis 2018<\/p>\n<\/li>\n<li data-section-id=\"akeupe\" data-start=\"1359\" data-end=\"1464\">\n<p data-start=\"1361\" data-end=\"1464\">Investisseurs \u00e0 suivre : ces marques captent d\u00e9sormais la majorit\u00e9 des ventes haut de gamme accessibles<\/p>\n<\/li>\n<\/ul>\n<h2 data-section-id=\"img2ma\" data-start=\"1471\" data-end=\"1532\">V\u00e9hicules utilitaires l\u00e9gers : segment en forte croissance<\/h2>\n<p data-start=\"1533\" data-end=\"1741\">Une marque japonaise domine le segment avec une <strong data-start=\"1581\" data-end=\"1609\">part de march\u00e9 de 31,2 %<\/strong> et une croissance spectaculaire de <strong data-start=\"1645\" data-end=\"1654\">208 %<\/strong>. La demande est principalement tir\u00e9e par les PME, le transport local et la logistique.<\/p>\n<ul data-start=\"1743\" data-end=\"1909\">\n<li data-section-id=\"1qqab2z\" data-start=\"1743\" data-end=\"1793\">\n<p data-start=\"1745\" data-end=\"1793\">Part de march\u00e9 record dans le segment utilitaire<\/p>\n<\/li>\n<li data-section-id=\"1nn6w6i\" data-start=\"1794\" data-end=\"1846\">\n<p data-start=\"1796\" data-end=\"1846\">Croissance multipli\u00e9e par trois par rapport \u00e0 2025<\/p>\n<\/li>\n<li data-section-id=\"4mrr0n\" data-start=\"1847\" data-end=\"1909\">\n<p data-start=\"1849\" data-end=\"1909\">Opportunit\u00e9 pour les acteurs logistiques et les importateurs<\/p>\n<\/li>\n<\/ul>\n<h2 data-section-id=\"1nobadk\" data-start=\"1916\" data-end=\"1952\">Voitures populaires : l\u00e9ger recul<\/h2>\n<p data-start=\"1953\" data-end=\"2210\">Les ventes de voitures populaires sont pass\u00e9es de <strong data-start=\"2003\" data-end=\"2027\">1 149 \u00e0 1 103 unit\u00e9s<\/strong>, une l\u00e9g\u00e8re baisse qui confirme la pr\u00e9f\u00e9rence pour les marques europ\u00e9ennes sur ce segment. Le march\u00e9 reste stable, mais les v\u00e9hicules d\u2019occasion exercent une pression sur la demande.<\/p>\n<ul data-start=\"2212\" data-end=\"2352\">\n<li data-section-id=\"1pl4cik\" data-start=\"2212\" data-end=\"2255\">\n<p data-start=\"2214\" data-end=\"2255\">Marques europ\u00e9ennes toujours privil\u00e9gi\u00e9es<\/p>\n<\/li>\n<li data-section-id=\"1rdxu0c\" data-start=\"2256\" data-end=\"2292\">\n<p data-start=\"2258\" data-end=\"2292\">Segment en l\u00e9ger repli mais stable<\/p>\n<\/li>\n<li data-section-id=\"a0ut8d\" data-start=\"2293\" data-end=\"2352\">\n<p data-start=\"2295\" data-end=\"2352\">La concurrence du march\u00e9 de l\u2019occasion est un facteur cl\u00e9<\/p>\n<\/li>\n<\/ul>\n<h2 data-section-id=\"1yo31en\" data-start=\"2359\" data-end=\"2398\">March\u00e9 parall\u00e8le : forte progression<\/h2>\n<p data-start=\"2399\" data-end=\"2655\">Le march\u00e9 parall\u00e8le progresse de <strong data-start=\"2432\" data-end=\"2443\">17,85 %<\/strong>, principalement port\u00e9 par les marques europ\u00e9ennes. Les consommateurs tunisiens montrent un int\u00e9r\u00eat accru pour des v\u00e9hicules <strong data-start=\"2568\" data-end=\"2610\">technologiques, accessibles et fiables<\/strong>, avec une diversification des modes d\u2019achat.<\/p>\n<ul data-start=\"2657\" data-end=\"2873\">\n<li data-section-id=\"7bfepb\" data-start=\"2657\" data-end=\"2719\">\n<p data-start=\"2659\" data-end=\"2719\">Import direct et concessionnaires ind\u00e9pendants en croissance<\/p>\n<\/li>\n<li data-section-id=\"1g1hc6x\" data-start=\"2720\" data-end=\"2780\">\n<p data-start=\"2722\" data-end=\"2780\">Les Europ\u00e9ennes captent la demande haut de gamme abordable<\/p>\n<\/li>\n<li data-section-id=\"1lo9gle\" data-start=\"2781\" data-end=\"2873\">\n<p data-start=\"2783\" data-end=\"2873\">Les modes d\u2019achat \u00e9voluent, refl\u00e9tant l\u2019adaptation des consommateurs aux prix et \u00e0 l\u2019offre<\/p>\n<\/li>\n<\/ul>\n<h2 data-section-id=\"8dtpi\" data-start=\"2880\" data-end=\"2893\">March\u00e9 automobile tunisien et segments \u00e0 suivre<\/h2>\n<p data-start=\"2894\" data-end=\"2955\">D\u00e9but 2026, le march\u00e9 tunisien confirme plusieurs tendances :<\/p>\n<ul data-start=\"2957\" data-end=\"3327\">\n<li data-section-id=\"1hyp0eh\" data-start=\"2957\" data-end=\"3019\">\n<p data-start=\"2959\" data-end=\"3019\">Croissance soutenue malgr\u00e9 un contexte \u00e9conomique complexe<\/p>\n<\/li>\n<li data-section-id=\"1tpfp0t\" data-start=\"3020\" data-end=\"3079\">\n<p data-start=\"3022\" data-end=\"3079\">Marques asiatiques leaders sur la majorit\u00e9 des segments<\/p>\n<\/li>\n<li data-section-id=\"163grja\" data-start=\"3080\" data-end=\"3150\">\n<p data-start=\"3082\" data-end=\"3150\">Europ\u00e9ennes fortes dans le march\u00e9 parall\u00e8le et voitures populaires<\/p>\n<\/li>\n<li data-section-id=\"1nzy83g\" data-start=\"3151\" data-end=\"3209\">\n<p data-start=\"3153\" data-end=\"3209\">Segments cl\u00e9s \u00e0 surveiller : utilitaires l\u00e9gers et SUV<\/p>\n<\/li>\n<li data-section-id=\"1qa82mk\" data-start=\"3210\" data-end=\"3327\">\n<p data-start=\"3212\" data-end=\"3327\">Opportunit\u00e9 pour les acteurs capables de combiner technologie, prix accessible et r\u00e9seau de distribution efficace<\/p>\n<\/li>\n<\/ul>\n<h3 data-section-id=\"uj72eg\" data-start=\"3334\" data-end=\"3358\"><\/h3>\n","protected":false},"excerpt":{"rendered":"<p>Le march\u00e9 automobile tunisien d\u00e9marre 2026 sur une dynamique positive. Apr\u00e8s deux mois, les ventes progressent et la r\u00e9partition par origine des marques et par segments r\u00e9v\u00e8le des tendances importantes pour investisseurs et d\u00e9cideurs. Ventes totales et dynamique du march\u00e9 En janvier-f\u00e9vrier 2026, 8 880 v\u00e9hicules ont \u00e9t\u00e9 vendus, soit une croissance de 7,54 % [&hellip;]<\/p>\n","protected":false},"author":1,"featured_media":69542,"comment_status":"open","ping_status":"open","sticky":false,"template":"","format":"standard","meta":{"_seopress_robots_primary_cat":"none","_seopress_titles_title":"","_seopress_titles_desc":"March\u00e9 automobile tunisien 2026 ventes voitures Tunisie v\u00e9hicules utilitaires l\u00e9gers marques asiatiques march\u00e9 parall\u00e8le voitures","_seopress_robots_index":"","footnotes":""},"categories":[61],"tags":[],"class_list":{"0":"post-69539","1":"post","2":"type-post","3":"status-publish","4":"format-standard","5":"has-post-thumbnail","7":"category-news"},"_links":{"self":[{"href":"https:\/\/plumeseconomiques.com\/fr\/wp-json\/wp\/v2\/posts\/69539","targetHints":{"allow":["GET"]}}],"collection":[{"href":"https:\/\/plumeseconomiques.com\/fr\/wp-json\/wp\/v2\/posts"}],"about":[{"href":"https:\/\/plumeseconomiques.com\/fr\/wp-json\/wp\/v2\/types\/post"}],"author":[{"embeddable":true,"href":"https:\/\/plumeseconomiques.com\/fr\/wp-json\/wp\/v2\/users\/1"}],"replies":[{"embeddable":true,"href":"https:\/\/plumeseconomiques.com\/fr\/wp-json\/wp\/v2\/comments?post=69539"}],"version-history":[{"count":1,"href":"https:\/\/plumeseconomiques.com\/fr\/wp-json\/wp\/v2\/posts\/69539\/revisions"}],"predecessor-version":[{"id":69543,"href":"https:\/\/plumeseconomiques.com\/fr\/wp-json\/wp\/v2\/posts\/69539\/revisions\/69543"}],"wp:featuredmedia":[{"embeddable":true,"href":"https:\/\/plumeseconomiques.com\/fr\/wp-json\/wp\/v2\/media\/69542"}],"wp:attachment":[{"href":"https:\/\/plumeseconomiques.com\/fr\/wp-json\/wp\/v2\/media?parent=69539"}],"wp:term":[{"taxonomy":"category","embeddable":true,"href":"https:\/\/plumeseconomiques.com\/fr\/wp-json\/wp\/v2\/categories?post=69539"},{"taxonomy":"post_tag","embeddable":true,"href":"https:\/\/plumeseconomiques.com\/fr\/wp-json\/wp\/v2\/tags?post=69539"}],"curies":[{"name":"wp","href":"https:\/\/api.w.org\/{rel}","templated":true}]}}