{"id":69519,"date":"2026-03-16T14:53:04","date_gmt":"2026-03-16T13:53:04","guid":{"rendered":"https:\/\/plumeseconomiques.com\/fr\/?p=69519"},"modified":"2026-03-16T14:35:45","modified_gmt":"2026-03-16T13:35:45","slug":"berd-soutient-la-tunisie-avec-un-pret-de-40-me-pour-une-centrale-solaire-avec-stockage","status":"publish","type":"post","link":"https:\/\/plumeseconomiques.com\/fr\/news\/berd-soutient-la-tunisie-avec-un-pret-de-40-me-pour-une-centrale-solaire-avec-stockage\/","title":{"rendered":"BERD soutient la Tunisie avec un pr\u00eat de 40 M\u20ac pour une centrale solaire avec stockage"},"content":{"rendered":"<h2 data-section-id=\"1b70ivy\" data-start=\"421\" data-end=\"486\">Un projet strat\u00e9gique pour l\u2019\u00e9nergie tunisienne<\/h2>\n<p data-start=\"488\" data-end=\"838\">La Tunisie avance dans la transition \u00e9nerg\u00e9tique. La <strong data-start=\"541\" data-end=\"612\">Banque europ\u00e9enne pour la reconstruction et le d\u00e9veloppement (BERD)<\/strong> pr\u00e9voit un <strong data-start=\"624\" data-end=\"662\">pr\u00eat senior de 40 millions d\u2019euros<\/strong> \u00e0 la <strong data-start=\"668\" data-end=\"724\">Soci\u00e9t\u00e9 Tunisienne de l\u2019\u00c9lectricit\u00e9 et du Gaz (STEG)<\/strong> pour d\u00e9velopper une <strong data-start=\"745\" data-end=\"790\">centrale solaire photovolta\u00efque de 50 MWc<\/strong> avec un <strong data-start=\"799\" data-end=\"835\">stockage par batteries de 20 MWh<\/strong>.<\/p>\n<p data-start=\"840\" data-end=\"991\">L\u2019objectif est clair : r\u00e9duire la d\u00e9pendance aux combustibles fossiles import\u00e9s et int\u00e9grer davantage d\u2019\u00e9nergies renouvelables dans le r\u00e9seau national.<\/p>\n<h2 data-section-id=\"1j2x9po\" data-start=\"998\" data-end=\"1018\">D\u00e9tails du projet<\/h2>\n<ul data-start=\"1020\" data-end=\"1316\">\n<li data-section-id=\"107kwvr\" data-start=\"1020\" data-end=\"1083\">\n<p data-start=\"1022\" data-end=\"1083\"><strong data-start=\"1022\" data-end=\"1040\">Localisation :<\/strong> R\u00e9gion d\u2019El-Medina, gouvernorat de Gab\u00e8s<\/p>\n<\/li>\n<li data-section-id=\"1yba91h\" data-start=\"1084\" data-end=\"1117\">\n<p data-start=\"1086\" data-end=\"1117\"><strong data-start=\"1086\" data-end=\"1108\">Capacit\u00e9 solaire :<\/strong> 50 MWc<\/p>\n<\/li>\n<li data-section-id=\"1p5btgv\" data-start=\"1118\" data-end=\"1167\">\n<p data-start=\"1120\" data-end=\"1167\"><strong data-start=\"1120\" data-end=\"1144\">Stockage d\u2019\u00e9nergie :<\/strong> 20 MWh par batteries<\/p>\n<\/li>\n<li data-section-id=\"12orftb\" data-start=\"1168\" data-end=\"1316\">\n<p data-start=\"1170\" data-end=\"1218\"><strong data-start=\"1170\" data-end=\"1196\">Investissement total :<\/strong> 82 millions d\u2019euros<\/p>\n<ul data-start=\"1221\" data-end=\"1316\">\n<li data-section-id=\"dxhed3\" data-start=\"1221\" data-end=\"1251\">\n<p data-start=\"1223\" data-end=\"1251\">BERD : 40 M\u20ac (pr\u00eat senior)<\/p>\n<\/li>\n<li data-section-id=\"1vketzn\" data-start=\"1254\" data-end=\"1316\">\n<p data-start=\"1256\" data-end=\"1316\">Fonds pour les technologies propres : 20 M\u20ac (dette senior)<\/p>\n<\/li>\n<\/ul>\n<\/li>\n<\/ul>\n<p data-start=\"1318\" data-end=\"1454\">Le projet inclut \u00e9galement la construction d\u2019infrastructures de transport \u00e0 haute tension pour raccorder la centrale au r\u00e9seau national.<\/p>\n<h2 data-section-id=\"khnjeq\" data-start=\"1461\" data-end=\"1523\">Syst\u00e8me de stockage : un levier pour la stabilit\u00e9 du r\u00e9seau<\/h2>\n<p data-start=\"1525\" data-end=\"1619\">Le stockage par batteries est essentiel pour lisser les fluctuations de production solaire :<\/p>\n<ul data-start=\"1621\" data-end=\"1853\">\n<li data-section-id=\"vodakc\" data-start=\"1621\" data-end=\"1674\">\n<p data-start=\"1623\" data-end=\"1674\">Stockage de l\u2019\u00e9lectricit\u00e9 exc\u00e9dentaire en journ\u00e9e<\/p>\n<\/li>\n<li data-section-id=\"1k1y18r\" data-start=\"1675\" data-end=\"1749\">\n<p data-start=\"1677\" data-end=\"1749\">Redistribution de l\u2019\u00e9nergie lors des pics de consommation ou en soir\u00e9e<\/p>\n<\/li>\n<li data-section-id=\"1r7oxqx\" data-start=\"1750\" data-end=\"1792\">\n<p data-start=\"1752\" data-end=\"1792\">Am\u00e9lioration de la stabilit\u00e9 du r\u00e9seau<\/p>\n<\/li>\n<li data-section-id=\"10n7bxk\" data-start=\"1793\" data-end=\"1853\">\n<p data-start=\"1795\" data-end=\"1853\">Optimisation de l\u2019utilisation des \u00e9nergies renouvelables<\/p>\n<\/li>\n<\/ul>\n<p data-start=\"1855\" data-end=\"1937\"><strong data-start=\"1855\" data-end=\"1874\">Impact estim\u00e9 :<\/strong> r\u00e9duction de pr\u00e8s de <strong data-start=\"1896\" data-end=\"1936\">498 000 tonnes \u00e9quivalent CO\u2082 par an<\/strong>.<\/p>\n<h2 data-section-id=\"3rx4a2\" data-start=\"1944\" data-end=\"1976\">Contexte \u00e9nerg\u00e9tique tunisien<\/h2>\n<ul data-start=\"1978\" data-end=\"2258\">\n<li data-section-id=\"1xkwym\" data-start=\"1978\" data-end=\"2061\">\n<p data-start=\"1980\" data-end=\"2061\">La Tunisie d\u00e9pend fortement des importations de gaz pour produire l\u2019\u00e9lectricit\u00e9<\/p>\n<\/li>\n<li data-section-id=\"cuqzr8\" data-start=\"2062\" data-end=\"2154\">\n<p data-start=\"2064\" data-end=\"2154\">La volatilit\u00e9 des prix mondiaux expose le pays \u00e0 des risques \u00e9conomiques et \u00e9nerg\u00e9tiques<\/p>\n<\/li>\n<li data-section-id=\"1wu5ps1\" data-start=\"2155\" data-end=\"2258\">\n<p data-start=\"2157\" data-end=\"2258\">Objectif national : produire <strong data-start=\"2186\" data-end=\"2256\">35 % de l\u2019\u00e9lectricit\u00e9 \u00e0 partir de sources renouvelables d\u2019ici 2030<\/strong><\/p>\n<\/li>\n<\/ul>\n<p data-start=\"2260\" data-end=\"2373\">Le projet s\u2019inscrit dans cette strat\u00e9gie et illustre un virage vers des infrastructures plus durables et fiables.<\/p>\n<h2 data-section-id=\"1eugaqx\" data-start=\"2380\" data-end=\"2405\">Implications \u00e9conomiques et \u00e9nerg\u00e9tiques<\/h2>\n<ul data-start=\"2407\" data-end=\"2746\">\n<li data-section-id=\"habuio\" data-start=\"2407\" data-end=\"2514\">\n<p data-start=\"2409\" data-end=\"2514\"><strong data-start=\"2409\" data-end=\"2445\">Soutien financier et technique :<\/strong> la BERD aide STEG \u00e0 int\u00e9grer plus d\u2019\u00e9nergie solaire dans le r\u00e9seau<\/p>\n<\/li>\n<li data-section-id=\"1l7qb6t\" data-start=\"2515\" data-end=\"2617\">\n<p data-start=\"2517\" data-end=\"2617\"><strong data-start=\"2517\" data-end=\"2541\">Tendance r\u00e9gionale :<\/strong> l\u2019Afrique du Nord d\u00e9veloppe des syst\u00e8mes \u00e9nerg\u00e9tiques propres et durables<\/p>\n<\/li>\n<li data-section-id=\"o0zwt7\" data-start=\"2618\" data-end=\"2746\">\n<p data-start=\"2620\" data-end=\"2746\"><strong data-start=\"2620\" data-end=\"2656\">Opportunit\u00e9 pour investisseurs :<\/strong> ce projet ouvre la voie \u00e0 d\u2019autres initiatives solaires et de stockage \u00e0 grande \u00e9chelle<\/p>\n<\/li>\n<\/ul>\n<h2 data-section-id=\"8dtpi\" data-start=\"2753\" data-end=\"2766\">Un pas concret vers l\u2019ind\u00e9pendance \u00e9nerg\u00e9tique<\/h2>\n<p data-start=\"2768\" data-end=\"3102\">Ce projet combine <strong data-start=\"2786\" data-end=\"2835\">technologie solaire et stockage par batteries<\/strong> pour s\u00e9curiser l\u2019approvisionnement \u00e9lectrique et r\u00e9duire les \u00e9missions de carbone. Pour la Tunisie, il marque une \u00e9tape concr\u00e8te vers l\u2019autonomie \u00e9nerg\u00e9tique et un mix \u00e9lectrique plus durable, tout en offrant des perspectives d\u2019investissement claires et v\u00e9rifiables.<\/p>\n","protected":false},"excerpt":{"rendered":"<p>Un projet strat\u00e9gique pour l\u2019\u00e9nergie tunisienne La Tunisie avance dans la transition \u00e9nerg\u00e9tique. La Banque europ\u00e9enne pour la reconstruction et le d\u00e9veloppement (BERD) pr\u00e9voit un pr\u00eat senior de 40 millions d\u2019euros \u00e0 la Soci\u00e9t\u00e9 Tunisienne de l\u2019\u00c9lectricit\u00e9 et du Gaz (STEG) pour d\u00e9velopper une centrale solaire photovolta\u00efque de 50 MWc avec un stockage par batteries [&hellip;]<\/p>\n","protected":false},"author":1,"featured_media":69523,"comment_status":"open","ping_status":"open","sticky":false,"template":"","format":"standard","meta":{"_seopress_robots_primary_cat":"none","_seopress_titles_title":"BERD soutient la Tunisie avec un pr\u00eat de 40 M\u20ac pour une centrale solaire avec stockage","_seopress_titles_desc":"La Tunisie franchit une \u00e9tape cl\u00e9 de sa transition \u00e9nerg\u00e9tique avec un nouveau projet solaire de 50 MW. Soutenu par un financement de la BERD, ce parc int\u00e8gre un syst\u00e8me de stockage par batteries (BESS) pour stabiliser le r\u00e9seau et garantir la s\u00e9curit\u00e9 \u00e9nerg\u00e9tique du pays en 2026.","_seopress_robots_index":"","footnotes":""},"categories":[61],"tags":[],"class_list":{"0":"post-69519","1":"post","2":"type-post","3":"status-publish","4":"format-standard","5":"has-post-thumbnail","7":"category-news"},"_links":{"self":[{"href":"https:\/\/plumeseconomiques.com\/fr\/wp-json\/wp\/v2\/posts\/69519","targetHints":{"allow":["GET"]}}],"collection":[{"href":"https:\/\/plumeseconomiques.com\/fr\/wp-json\/wp\/v2\/posts"}],"about":[{"href":"https:\/\/plumeseconomiques.com\/fr\/wp-json\/wp\/v2\/types\/post"}],"author":[{"embeddable":true,"href":"https:\/\/plumeseconomiques.com\/fr\/wp-json\/wp\/v2\/users\/1"}],"replies":[{"embeddable":true,"href":"https:\/\/plumeseconomiques.com\/fr\/wp-json\/wp\/v2\/comments?post=69519"}],"version-history":[{"count":1,"href":"https:\/\/plumeseconomiques.com\/fr\/wp-json\/wp\/v2\/posts\/69519\/revisions"}],"predecessor-version":[{"id":69524,"href":"https:\/\/plumeseconomiques.com\/fr\/wp-json\/wp\/v2\/posts\/69519\/revisions\/69524"}],"wp:featuredmedia":[{"embeddable":true,"href":"https:\/\/plumeseconomiques.com\/fr\/wp-json\/wp\/v2\/media\/69523"}],"wp:attachment":[{"href":"https:\/\/plumeseconomiques.com\/fr\/wp-json\/wp\/v2\/media?parent=69519"}],"wp:term":[{"taxonomy":"category","embeddable":true,"href":"https:\/\/plumeseconomiques.com\/fr\/wp-json\/wp\/v2\/categories?post=69519"},{"taxonomy":"post_tag","embeddable":true,"href":"https:\/\/plumeseconomiques.com\/fr\/wp-json\/wp\/v2\/tags?post=69519"}],"curies":[{"name":"wp","href":"https:\/\/api.w.org\/{rel}","templated":true}]}}