{"id":69416,"date":"2026-03-13T09:13:54","date_gmt":"2026-03-13T08:13:54","guid":{"rendered":"https:\/\/plumeseconomiques.com\/fr\/?p=69416"},"modified":"2026-03-13T09:13:54","modified_gmt":"2026-03-13T08:13:54","slug":"bad-65-millions-deuros-pour-financer-les-start-up-tech-en-afrique-francophone","status":"publish","type":"post","link":"https:\/\/plumeseconomiques.com\/fr\/finance\/bad-65-millions-deuros-pour-financer-les-start-up-tech-en-afrique-francophone\/","title":{"rendered":"BAD : 6,5 millions d\u2019euros pour financer les start-up tech en Afrique francophone"},"content":{"rendered":"<p data-start=\"117\" data-end=\"371\">L\u2019acc\u00e8s au capital reste l\u2019un des principaux freins \u00e0 la croissance des start-up africaines. Malgr\u00e9 un dynamisme entrepreneurial r\u00e9el, les jeunes entreprises technologiques d\u2019Afrique francophone peinent encore \u00e0 attirer des investisseurs institutionnels.<\/p>\n<p data-start=\"373\" data-end=\"612\">Dans ce contexte, le <strong data-start=\"394\" data-end=\"450\">Groupe de la Banque africaine de d\u00e9veloppement (BAD)<\/strong> vient d\u2019annoncer un investissement cibl\u00e9 dans <strong data-start=\"497\" data-end=\"509\">Saviu II<\/strong>, un fonds de capital-risque d\u00e9di\u00e9 aux start-up d\u2019Afrique de l\u2019Ouest et d\u2019Afrique centrale francophone.<\/p>\n<p data-start=\"614\" data-end=\"656\">Montant engag\u00e9 : <strong data-start=\"631\" data-end=\"655\">6,5 millions d\u2019euros<\/strong>.<\/p>\n<p data-start=\"658\" data-end=\"790\">Objectif : renforcer l\u2019\u00e9cosyst\u00e8me technologique r\u00e9gional et combler le d\u00e9ficit de financement des entreprises en phase de d\u00e9marrage.<\/p>\n<h2 data-section-id=\"1dmk8f6\" data-start=\"797\" data-end=\"865\">Un investissement structur\u00e9 pour soutenir les start-up africaines<\/h2>\n<p data-start=\"867\" data-end=\"949\">La d\u00e9cision a \u00e9t\u00e9 valid\u00e9e par le <strong data-start=\"900\" data-end=\"948\">Conseil d\u2019administration de la BAD \u00e0 Abidjan<\/strong>.<\/p>\n<p data-start=\"951\" data-end=\"997\">L\u2019investissement se d\u00e9compose en deux volets :<\/p>\n<ul data-start=\"999\" data-end=\"1165\">\n<li data-section-id=\"7kokgi\" data-start=\"999\" data-end=\"1089\">\n<p data-start=\"1001\" data-end=\"1089\"><strong data-start=\"1001\" data-end=\"1025\">4,5 millions d\u2019euros<\/strong><br data-start=\"1025\" data-end=\"1028\" \/>Participation directe en capital dans le <strong data-start=\"1071\" data-end=\"1089\">fonds Saviu II<\/strong><\/p>\n<\/li>\n<li data-section-id=\"gt5jn6\" data-start=\"1091\" data-end=\"1165\">\n<p data-start=\"1093\" data-end=\"1165\"><strong data-start=\"1093\" data-end=\"1115\">2 millions d\u2019euros<\/strong><br data-start=\"1115\" data-end=\"1118\" \/>M\u00e9canisme de <strong data-start=\"1133\" data-end=\"1165\">couverture de premi\u00e8re perte<\/strong><\/p>\n<\/li>\n<\/ul>\n<p data-start=\"1167\" data-end=\"1336\">Ce m\u00e9canisme vise \u00e0 <strong data-start=\"1187\" data-end=\"1238\">r\u00e9duire le risque pour les investisseurs priv\u00e9s<\/strong>, un levier souvent utilis\u00e9 pour acc\u00e9l\u00e9rer la mobilisation de capitaux dans les march\u00e9s \u00e9mergents.<\/p>\n<p data-start=\"1338\" data-end=\"1462\">Cette garantie est mise en place <strong data-start=\"1371\" data-end=\"1417\">pour le compte de la Commission europ\u00e9enne<\/strong> dans le cadre du programme <strong data-start=\"1445\" data-end=\"1461\">Boost Africa<\/strong>.<\/p>\n<h2 data-section-id=\"cip7fw\" data-start=\"1469\" data-end=\"1540\">Saviu II : un fonds cibl\u00e9 sur les start-up technologiques africaines<\/h2>\n<p data-start=\"1542\" data-end=\"1694\">Le fonds <strong data-start=\"1551\" data-end=\"1563\">Saviu II<\/strong> vise les start-up en <strong data-start=\"1585\" data-end=\"1623\">phase d\u2019amor\u00e7age et de pr\u00e9-s\u00e9rie A<\/strong>, un stade critique o\u00f9 les financements restent rares sur le continent.<\/p>\n<p data-start=\"1696\" data-end=\"1719\">Secteurs prioritaires :<\/p>\n<ul data-start=\"1721\" data-end=\"1841\">\n<li data-section-id=\"10vs072\" data-start=\"1721\" data-end=\"1750\">\n<p data-start=\"1723\" data-end=\"1750\"><strong data-start=\"1723\" data-end=\"1750\">Technologies num\u00e9riques<\/strong><\/p>\n<\/li>\n<li data-section-id=\"sgud27\" data-start=\"1751\" data-end=\"1776\">\n<p data-start=\"1753\" data-end=\"1776\"><strong data-start=\"1753\" data-end=\"1776\">Plateformes fintech<\/strong><\/p>\n<\/li>\n<li data-section-id=\"1tdvpxe\" data-start=\"1777\" data-end=\"1797\">\n<p data-start=\"1779\" data-end=\"1797\"><strong data-start=\"1779\" data-end=\"1797\">solutions SaaS<\/strong><\/p>\n<\/li>\n<li data-section-id=\"a0al50\" data-start=\"1798\" data-end=\"1841\">\n<p data-start=\"1800\" data-end=\"1841\"><strong data-start=\"1800\" data-end=\"1841\">technologies \u00e0 fort impact \u00e9conomique<\/strong><\/p>\n<\/li>\n<\/ul>\n<p data-start=\"1843\" data-end=\"1872\">Zones g\u00e9ographiques cibl\u00e9es :<\/p>\n<ul data-start=\"1874\" data-end=\"1939\">\n<li data-section-id=\"1mebwdu\" data-start=\"1874\" data-end=\"1908\">\n<p data-start=\"1876\" data-end=\"1908\">Afrique de l\u2019Ouest francophone<\/p>\n<\/li>\n<li data-section-id=\"acrg54\" data-start=\"1909\" data-end=\"1939\">\n<p data-start=\"1911\" data-end=\"1939\">Afrique centrale francophone<\/p>\n<\/li>\n<\/ul>\n<p data-start=\"1941\" data-end=\"2043\">Les investissements devraient concerner <strong data-start=\"1981\" data-end=\"2015\">plusieurs dizaines de start-up<\/strong> dans les prochaines ann\u00e9es.<\/p>\n<h2 data-section-id=\"1t2t4qt\" data-start=\"2050\" data-end=\"2104\">Pourquoi la BAD mise sur le capital-risque africain<\/h2>\n<p data-start=\"2106\" data-end=\"2263\">L\u2019initiative s\u2019inscrit dans une strat\u00e9gie plus large de la <strong data-start=\"2165\" data-end=\"2202\">Banque africaine de d\u00e9veloppement<\/strong> visant \u00e0 structurer l\u2019\u00e9cosyst\u00e8me du capital-risque africain.<\/p>\n<p data-start=\"2265\" data-end=\"2288\">Quelques donn\u00e9es cl\u00e9s :<\/p>\n<ul data-start=\"2290\" data-end=\"2562\">\n<li data-section-id=\"1lgsy9a\" data-start=\"2290\" data-end=\"2402\">\n<p data-start=\"2292\" data-end=\"2402\">En <strong data-start=\"2295\" data-end=\"2303\">2023<\/strong>, les start-up africaines ont lev\u00e9 environ <strong data-start=\"2346\" data-end=\"2374\">3,5 milliards de dollars<\/strong> selon <strong data-start=\"2381\" data-end=\"2399\">Partech Africa<\/strong>.<\/p>\n<\/li>\n<li data-section-id=\"po1d5q\" data-start=\"2403\" data-end=\"2476\">\n<p data-start=\"2405\" data-end=\"2476\">L\u2019Afrique francophone repr\u00e9sente <strong data-start=\"2438\" data-end=\"2455\">moins de 10 %<\/strong> de ces financements.<\/p>\n<\/li>\n<li data-section-id=\"zqy9xk\" data-start=\"2477\" data-end=\"2562\">\n<p data-start=\"2479\" data-end=\"2562\">Les tours de table en <strong data-start=\"2501\" data-end=\"2521\">phase d\u2019amor\u00e7age<\/strong> restent les plus difficiles \u00e0 s\u00e9curiser.<\/p>\n<\/li>\n<\/ul>\n<p data-start=\"2564\" data-end=\"2669\">R\u00e9sultat : un nombre \u00e9lev\u00e9 de projets prometteurs <strong data-start=\"2614\" data-end=\"2668\">\u00e9chouent avant d\u2019atteindre une phase de croissance<\/strong>.<\/p>\n<p data-start=\"2671\" data-end=\"2743\">Le fonds <strong data-start=\"2680\" data-end=\"2692\">Saviu II<\/strong> vise pr\u00e9cis\u00e9ment \u00e0 combler cette faille du march\u00e9.<\/p>\n<h2 data-section-id=\"gvtwue\" data-start=\"2750\" data-end=\"2822\">Boost Africa : un programme Europe-Afrique pour soutenir l\u2019innovation<\/h2>\n<p data-start=\"2824\" data-end=\"2923\">Le financement s\u2019inscrit dans le cadre de <strong data-start=\"2866\" data-end=\"2882\">Boost Africa<\/strong>, une initiative conjointe soutenue par :<\/p>\n<ul data-start=\"2925\" data-end=\"3051\">\n<li data-section-id=\"1s9qn8c\" data-start=\"2925\" data-end=\"2955\">\n<p data-start=\"2927\" data-end=\"2955\">la <strong data-start=\"2930\" data-end=\"2955\">Commission europ\u00e9enne<\/strong><\/p>\n<\/li>\n<li data-section-id=\"faqrcu\" data-start=\"2956\" data-end=\"2998\">\n<p data-start=\"2958\" data-end=\"2998\">la <strong data-start=\"2961\" data-end=\"2998\">Banque africaine de d\u00e9veloppement<\/strong><\/p>\n<\/li>\n<li data-section-id=\"15zx4p5\" data-start=\"2999\" data-end=\"3051\">\n<p data-start=\"3001\" data-end=\"3051\">plusieurs institutions financi\u00e8res internationales<\/p>\n<\/li>\n<\/ul>\n<p data-start=\"3053\" data-end=\"3063\">Objectif :<\/p>\n<ul data-start=\"3065\" data-end=\"3249\">\n<li data-section-id=\"1dx6isd\" data-start=\"3065\" data-end=\"3120\">\n<p data-start=\"3067\" data-end=\"3120\">renforcer l\u2019\u00e9cosyst\u00e8me de <strong data-start=\"3093\" data-end=\"3120\">capital-risque africain<\/strong><\/p>\n<\/li>\n<li data-section-id=\"19w8zhk\" data-start=\"3121\" data-end=\"3175\">\n<p data-start=\"3123\" data-end=\"3175\">soutenir les <strong data-start=\"3136\" data-end=\"3175\">fonds sp\u00e9cialis\u00e9s dans les start-up<\/strong><\/p>\n<\/li>\n<li data-section-id=\"9u1xqx\" data-start=\"3176\" data-end=\"3249\">\n<p data-start=\"3178\" data-end=\"3249\">faciliter l\u2019acc\u00e8s au financement pour les jeunes entreprises innovantes<\/p>\n<\/li>\n<\/ul>\n<p data-start=\"3251\" data-end=\"3418\">Le m\u00e9canisme de <strong data-start=\"3267\" data-end=\"3285\">premi\u00e8re perte<\/strong> utilis\u00e9 dans cette op\u00e9ration permet de <strong data-start=\"3325\" data-end=\"3363\">s\u00e9curiser les investisseurs priv\u00e9s<\/strong>, ce qui augmente l\u2019effet de levier financier du fonds.<\/p>\n<h2 data-section-id=\"vgnkgi\" data-start=\"3425\" data-end=\"3489\">Ce que cela signifie pour l\u2019\u00e9cosyst\u00e8me technologique africain<\/h2>\n<p data-start=\"3491\" data-end=\"3600\">L\u2019investissement de la BAD reste modeste en valeur absolue, mais il envoie <strong data-start=\"3566\" data-end=\"3599\">un signal important au march\u00e9<\/strong>.<\/p>\n<p data-start=\"3602\" data-end=\"3619\">Effets attendus :<\/p>\n<ul data-start=\"3621\" data-end=\"3829\">\n<li data-section-id=\"1eda0no\" data-start=\"3621\" data-end=\"3697\">\n<p data-start=\"3623\" data-end=\"3697\">augmentation des financements disponibles pour les <strong data-start=\"3674\" data-end=\"3697\">start-up africaines<\/strong><\/p>\n<\/li>\n<li data-section-id=\"18fuclr\" data-start=\"3698\" data-end=\"3761\">\n<p data-start=\"3700\" data-end=\"3761\">mont\u00e9e en puissance des <strong data-start=\"3724\" data-end=\"3761\">fonds de capital-risque r\u00e9gionaux<\/strong><\/p>\n<\/li>\n<li data-section-id=\"ktahxf\" data-start=\"3762\" data-end=\"3829\">\n<p data-start=\"3764\" data-end=\"3829\">meilleure structuration de l\u2019\u00e9cosyst\u00e8me technologique francophone<\/p>\n<\/li>\n<\/ul>\n<p data-start=\"3831\" data-end=\"3933\">\u00c0 moyen terme, ce type d\u2019intervention publique peut <strong data-start=\"3883\" data-end=\"3932\">d\u00e9bloquer des capitaux priv\u00e9s plus importants<\/strong>.<\/p>\n<h2 data-section-id=\"sbabej\" data-start=\"3940\" data-end=\"3971\">Et la Tunisie dans tout \u00e7a ?<\/h2>\n<p data-start=\"3973\" data-end=\"4134\">M\u00eame si <strong data-start=\"3981\" data-end=\"4050\">Saviu II cible principalement l\u2019Afrique subsaharienne francophone<\/strong>, ce type d\u2019initiative a des implications indirectes pour les start-up tunisiennes :<\/p>\n<ul data-start=\"4136\" data-end=\"4317\">\n<li data-section-id=\"40taai\" data-start=\"4136\" data-end=\"4200\">\n<p data-start=\"4138\" data-end=\"4200\">intensification des <strong data-start=\"4158\" data-end=\"4200\">connexions entre \u00e9cosyst\u00e8mes africains<\/strong><\/p>\n<\/li>\n<li data-section-id=\"pgk5ow\" data-start=\"4201\" data-end=\"4241\">\n<p data-start=\"4203\" data-end=\"4241\">multiplication des <strong data-start=\"4222\" data-end=\"4241\">fonds r\u00e9gionaux<\/strong><\/p>\n<\/li>\n<li data-section-id=\"17hcmkt\" data-start=\"4242\" data-end=\"4317\">\n<p data-start=\"4244\" data-end=\"4317\">opportunit\u00e9s de <strong data-start=\"4260\" data-end=\"4317\">partenariats et d\u2019expansion sur les march\u00e9s africains<\/strong><\/p>\n<\/li>\n<\/ul>\n<p data-start=\"4319\" data-end=\"4442\">Pour les entrepreneurs tunisiens tourn\u00e9s vers l\u2019Afrique, ces fonds deviennent des <strong data-start=\"4401\" data-end=\"4441\">partenaires potentiels de croissance<\/strong>.<\/p>\n<p data-start=\"5342\" data-end=\"5434\" data-is-last-node=\"\" data-is-only-node=\"\"><br data-start=\"5359\" data-end=\"5362\" \/><\/p>\n","protected":false},"excerpt":{"rendered":"<p>L\u2019acc\u00e8s au capital reste l\u2019un des principaux freins \u00e0 la croissance des start-up africaines. Malgr\u00e9 un dynamisme entrepreneurial r\u00e9el, les jeunes entreprises technologiques d\u2019Afrique francophone peinent encore \u00e0 attirer des investisseurs institutionnels. Dans ce contexte, le Groupe de la Banque africaine de d\u00e9veloppement (BAD) vient d\u2019annoncer un investissement cibl\u00e9 dans Saviu II, un fonds de [&hellip;]<\/p>\n","protected":false},"author":1,"featured_media":63820,"comment_status":"open","ping_status":"open","sticky":false,"template":"","format":"standard","meta":{"_seopress_robots_primary_cat":"none","_seopress_titles_title":"","_seopress_titles_desc":"BAD investit 6,5 millions \u20ac dans Saviu II pour financer les start-up tech d\u2019Afrique francophone et renforcer l\u2019\u00e9cosyst\u00e8me du capital-risque.","_seopress_robots_index":"","footnotes":""},"categories":[81],"tags":[],"class_list":{"0":"post-69416","1":"post","2":"type-post","3":"status-publish","4":"format-standard","5":"has-post-thumbnail","7":"category-finance"},"_links":{"self":[{"href":"https:\/\/plumeseconomiques.com\/fr\/wp-json\/wp\/v2\/posts\/69416","targetHints":{"allow":["GET"]}}],"collection":[{"href":"https:\/\/plumeseconomiques.com\/fr\/wp-json\/wp\/v2\/posts"}],"about":[{"href":"https:\/\/plumeseconomiques.com\/fr\/wp-json\/wp\/v2\/types\/post"}],"author":[{"embeddable":true,"href":"https:\/\/plumeseconomiques.com\/fr\/wp-json\/wp\/v2\/users\/1"}],"replies":[{"embeddable":true,"href":"https:\/\/plumeseconomiques.com\/fr\/wp-json\/wp\/v2\/comments?post=69416"}],"version-history":[{"count":1,"href":"https:\/\/plumeseconomiques.com\/fr\/wp-json\/wp\/v2\/posts\/69416\/revisions"}],"predecessor-version":[{"id":69419,"href":"https:\/\/plumeseconomiques.com\/fr\/wp-json\/wp\/v2\/posts\/69416\/revisions\/69419"}],"wp:featuredmedia":[{"embeddable":true,"href":"https:\/\/plumeseconomiques.com\/fr\/wp-json\/wp\/v2\/media\/63820"}],"wp:attachment":[{"href":"https:\/\/plumeseconomiques.com\/fr\/wp-json\/wp\/v2\/media?parent=69416"}],"wp:term":[{"taxonomy":"category","embeddable":true,"href":"https:\/\/plumeseconomiques.com\/fr\/wp-json\/wp\/v2\/categories?post=69416"},{"taxonomy":"post_tag","embeddable":true,"href":"https:\/\/plumeseconomiques.com\/fr\/wp-json\/wp\/v2\/tags?post=69416"}],"curies":[{"name":"wp","href":"https:\/\/api.w.org\/{rel}","templated":true}]}}