{"id":69410,"date":"2026-03-13T03:12:02","date_gmt":"2026-03-13T02:12:02","guid":{"rendered":"https:\/\/plumeseconomiques.com\/fr\/?p=69410"},"modified":"2026-03-13T03:12:02","modified_gmt":"2026-03-13T02:12:02","slug":"agriculture-en-tunisie-bayer-celebre-30-ans-dengagement-pour-un-secteur-plus-durable-et-performant","status":"publish","type":"post","link":"https:\/\/plumeseconomiques.com\/fr\/news\/agriculture-en-tunisie-bayer-celebre-30-ans-dengagement-pour-un-secteur-plus-durable-et-performant\/","title":{"rendered":"Agriculture en Tunisie : Bayer c\u00e9l\u00e8bre 30 ans d&rsquo;engagement pour un secteur plus durable et performant"},"content":{"rendered":"<div class=\"ds-message _63c77b1\">\n<div class=\"ds-markdown\">\n<p style=\"text-align: justify;\"><strong><span style=\"color: #000000;\">Agriculture en Tunisie : Bayer c\u00e9l\u00e8bre 30 ans d&rsquo;engagement pour un secteur plus durable et performant<\/span><\/strong><\/p>\n<p class=\"ds-markdown-paragraph\" style=\"text-align: justify;\"><span style=\"color: #000000;\">Alors que l&rsquo;agriculture tunisienne fait face \u00e0 des d\u00e9fis sans pr\u00e9c\u00e9dent li\u00e9s au stress hydrique et au changement climatique, le groupe Bayer a r\u00e9affirm\u00e9 son engagement aux c\u00f4t\u00e9s des agriculteurs locaux. \u00c0 l&rsquo;occasion d&rsquo;une table ronde avec la presse, la division Crop Science du g\u00e9ant allemand a d\u00e9voil\u00e9 les piliers de sa strat\u00e9gie pour accompagner la transformation du secteur : innovation, transfert de comp\u00e9tences et digitalisation.<\/span><\/p>\n<h2 style=\"text-align: justify;\"><span style=\"color: #000000;\">Une Vision Int\u00e9gr\u00e9e pour l&rsquo;Afrique du Nord<\/span><\/h2>\n<p class=\"ds-markdown-paragraph\" style=\"text-align: justify;\"><span style=\"color: #000000;\">Face \u00e0 la pression croissante sur les ressources en eau et la n\u00e9cessit\u00e9 d&rsquo;augmenter la productivit\u00e9, Bayer mise sur une approche globale. L&rsquo;objectif est de construire une agriculture nord-africaine plus r\u00e9siliente, en combinant pratiques durables et accompagnement technique de proximit\u00e9.<\/span><\/p>\n<blockquote>\n<p class=\"ds-markdown-paragraph\" style=\"text-align: center;\"><span style=\"color: #0000ff;\"><strong>Amina L\u2019Kima, Directrice G\u00e9n\u00e9rale &amp; North Africa Commercial Lead \u2013 Crop Science<\/strong>, explique : <em>\u00ab En Afrique du Nord, les agriculteurs font face \u00e0 des d\u00e9fis structurels majeurs qui exigent des solutions durables et adapt\u00e9es. Notre responsabilit\u00e9 est de favoriser le dialogue, d\u2019accompagner la mont\u00e9e en comp\u00e9tence et de soutenir un mod\u00e8le agricole capable de r\u00e9sister aux pressions climatiques tout en cr\u00e9ant de la valeur pour les fili\u00e8res. \u00bb<\/em><\/span><\/p>\n<\/blockquote>\n<h2 style=\"text-align: justify;\"><span style=\"color: #000000;\">30 Ans de Pr\u00e9sence et d&rsquo;Innovation en Tunisie<\/span><\/h2>\n<p class=\"ds-markdown-paragraph\" style=\"text-align: justify;\"><span style=\"color: #000000;\">Implant\u00e9 en Tunisie depuis trois d\u00e9cennies, Bayer ne se contente pas d&rsquo;apporter des intrants ; l&rsquo;entreprise s&rsquo;impose comme un partenaire cl\u00e9 de l&rsquo;\u00e9cosyst\u00e8me agricole tunisien. L&rsquo;accent est mis sur trois piliers fondamentaux : la performance agronomique, la pr\u00e9servation des ressources naturelles et la viabilit\u00e9 \u00e9conomique des exploitations.<\/span><\/p>\n<h3 style=\"text-align: justify;\"><span style=\"color: #000000;\">La Formation au C\u0153ur de la Strat\u00e9gie<\/span><\/h3>\n<p class=\"ds-markdown-paragraph\" style=\"text-align: justify;\"><span style=\"color: #000000;\">Le renforcement des comp\u00e9tences reste un axe majeur de cette strat\u00e9gie locale. Concr\u00e8tement, cela se traduit par :<\/span><\/p>\n<ul style=\"text-align: justify;\">\n<li>\n<p class=\"ds-markdown-paragraph\"><span style=\"color: #000000;\"><strong>La formation de 2 000 agriculteurs<\/strong> chaque ann\u00e9e aux bonnes pratiques agricoles et \u00e0 l&rsquo;utilisation responsable des intrants.<\/span><\/p>\n<\/li>\n<li>\n<p class=\"ds-markdown-paragraph\"><span style=\"color: #000000;\"><strong>La distribution de kits de protection individuelle (EPI)<\/strong> pour garantir la s\u00e9curit\u00e9 d&rsquo;utilisation.<\/span><\/p>\n<\/li>\n<li>\n<p class=\"ds-markdown-paragraph\"><span style=\"color: #000000;\"><strong>Le programme \u00ab\u00a0Safe Use Ambassador\u00a0\u00bb<\/strong> , qui forme les \u00e9tudiants des \u00e9coles agronomiques pour devenir des relais de sensibilisation aupr\u00e8s des agriculteurs sur le terrain.<\/span><\/p>\n<\/li>\n<\/ul>\n<h3 style=\"text-align: justify;\"><span style=\"color: #000000;\">Des Partenariats Institutionnels Solides<\/span><\/h3>\n<p class=\"ds-markdown-paragraph\" style=\"text-align: justify;\"><span style=\"color: #000000;\">Pour ancrer son action dans la r\u00e9alit\u00e9 locale, Bayer renforce ses collaborations historiques. L&rsquo;entreprise travaille main dans la main avec l&rsquo;INAT pour soutenir la recherche appliqu\u00e9e, et participe activement aux initiatives de <strong>CropLife Tunisie<\/strong> en mati\u00e8re de stewardship et de gestion responsable des intrants.<\/span><\/p>\n<blockquote>\n<p class=\"ds-markdown-paragraph\" style=\"text-align: center;\"><span style=\"color: #0000ff;\"><strong>Hanen Chebaane, Repr\u00e9sentante du bureau Bayer en Tunisie &amp; Sales operation Liaison Tunisia<\/strong>, souligne : <em>\u00ab Depuis 30 ans, Bayer fait partie de l\u2019\u00e9cosyst\u00e8me agricole tunisien. Notre priorit\u00e9 est d\u2019\u00eatre aux c\u00f4t\u00e9s des agriculteurs : sur le terrain, dans la formation et dans l\u2019adoption progressive de pratiques plus durables. Les partenariats que nous d\u00e9veloppons renforcent notre capacit\u00e9 \u00e0 contribuer concr\u00e8tement \u00e0 la durabilit\u00e9 du secteur. \u00bb<\/em><\/span><\/p>\n<\/blockquote>\n<h2 style=\"text-align: justify;\"><span style=\"color: #000000;\">Le Digital : Un Levier pour l&rsquo;Agriculture de Demain<\/span><\/h2>\n<p class=\"ds-markdown-paragraph\" style=\"text-align: justify;\"><span style=\"color: #000000;\">Dans un pays o\u00f9 la gestion de l&rsquo;eau est cruciale, Bayer acc\u00e9l\u00e8re le d\u00e9veloppement et l&rsquo;adaptation de services num\u00e9riques. Ces outils d&rsquo;aide \u00e0 la d\u00e9cision, bas\u00e9s sur l&rsquo;analyse de donn\u00e9es et l&rsquo;imagerie, visent \u00e0 optimiser des postes cl\u00e9s :<\/span><\/p>\n<ul style=\"text-align: justify;\">\n<li>\n<p class=\"ds-markdown-paragraph\"><span style=\"color: #000000;\"><strong>L&rsquo;irrigation<\/strong> pour une gestion plus \u00e9conome de l&rsquo;eau.<\/span><\/p>\n<\/li>\n<li>\n<p class=\"ds-markdown-paragraph\"><span style=\"color: #000000;\"><strong>La fertilisation<\/strong> pour r\u00e9duire l&rsquo;impact environnemental.<\/span><\/p>\n<\/li>\n<li>\n<p class=\"ds-markdown-paragraph\"><span style=\"color: #000000;\"><strong>La planification des interventions<\/strong> face aux risques climatiques.<\/span><\/p>\n<\/li>\n<\/ul>\n<p class=\"ds-markdown-paragraph\" style=\"text-align: justify;\"><span style=\"color: #000000;\">Ces technologies, d\u00e9j\u00e0 \u00e9prouv\u00e9es ailleurs, sont progressivement adapt\u00e9es aux conditions tunisiennes. \u00c0 l&rsquo;horizon 2030, Bayer ambitionne de rendre ces services digitaux accessibles \u00e0 l&rsquo;ensemble des exploitations agricoles du pays, contribuant ainsi \u00e0 une agriculture tunisienne \u00e0 la fois plus comp\u00e9titive et respectueuse de l&rsquo;environnement.<\/span><\/p>\n<p><strong>Lire aussi:<\/strong><\/p>\n<div class=\"gsc-thumbnail-inside\">\n<div class=\"gs-title\"><a class=\"gs-title\" dir=\"ltr\" href=\"https:\/\/plumeseconomiques.com\/fr\/magazine\/sous-le-zoom\/Cinq-priorites-du-ministere-de-l-agricultur\/\" data-cturl=\"https:\/\/www.google.com\/url?client=internal-element-cse&amp;cx=011238217578432545340:5m9aarzzppc&amp;q=https:\/\/plumeseconomiques.com\/fr\/magazine\/sous-le-zoom\/Cinq-priorites-du-ministere-de-l-agricultur\/&amp;sa=U&amp;ved=2ahUKEwiJ7LPo5ZuTAxUFRKQEHZJ-PccQFnoECAsQAQ&amp;usg=AOvVaw0pqP956sS7XkTtQjoGXtnK&amp;fexp=121574863,121574862,73152292,73152290\" data-ctorig=\"https:\/\/plumeseconomiques.com\/fr\/magazine\/sous-le-zoom\/Cinq-priorites-du-ministere-de-l-agricultur\/\">Cinq priorit\u00e9s du minist\u00e8re de l&rsquo;<b>agriculture<\/b> &#8211; Plumes Economiques<\/a><\/div>\n<\/div>\n<div class=\"gsc-thumbnail-inside\">\n<div class=\"gs-title\"><a class=\"gs-title\" dir=\"ltr\" href=\"https:\/\/plumeseconomiques.com\/fr\/Dossier\/SeminaireAgriculture-et-developpement-durable-dans-un-environnement-economique-ouvert\/\" data-cturl=\"https:\/\/www.google.com\/url?client=internal-element-cse&amp;cx=011238217578432545340:5m9aarzzppc&amp;q=https:\/\/plumeseconomiques.com\/fr\/Dossier\/SeminaireAgriculture-et-developpement-durable-dans-un-environnement-economique-ouvert\/&amp;sa=U&amp;ved=2ahUKEwiJ7LPo5ZuTAxUFRKQEHZJ-PccQFnoECAkQAQ&amp;usg=AOvVaw0sOhyj2TIiLdMR94G9X4NF&amp;fexp=121574863,121574862,73152292,73152290\" data-ctorig=\"https:\/\/plumeseconomiques.com\/fr\/Dossier\/SeminaireAgriculture-et-developpement-durable-dans-un-environnement-economique-ouvert\/\">S\u00e9minaire- \u00a0\u00bb<b>Agriculture<\/b> et d\u00e9veloppement durable dans un &#8230;<\/a><\/div>\n<\/div>\n<div class=\"gsc-thumbnail-inside\">\n<div class=\"gs-title\"><a class=\"gs-title\" dir=\"ltr\" href=\"https:\/\/plumeseconomiques.com\/fr\/magazine\/sous-le-zoom\/L-UTAP-Le-Grand-defi-pour-l-agriculture-tunisienne-est-de-perenniser-les-filieres-du-lait-et-de-la-viande-roug\/\" data-cturl=\"https:\/\/www.google.com\/url?client=internal-element-cse&amp;cx=011238217578432545340:5m9aarzzppc&amp;q=https:\/\/plumeseconomiques.com\/fr\/magazine\/sous-le-zoom\/L-UTAP-Le-Grand-defi-pour-l-agriculture-tunisienne-est-de-perenniser-les-filieres-du-lait-et-de-la-viande-roug\/&amp;sa=U&amp;ved=2ahUKEwiJ7LPo5ZuTAxUFRKQEHZJ-PccQFnoECAMQAQ&amp;usg=AOvVaw0ODNQ57VqyUYzRqqFxMarz&amp;fexp=121574863,121574862,73152292,73152290\" data-ctorig=\"https:\/\/plumeseconomiques.com\/fr\/magazine\/sous-le-zoom\/L-UTAP-Le-Grand-defi-pour-l-agriculture-tunisienne-est-de-perenniser-les-filieres-du-lait-et-de-la-viande-roug\/\">L&rsquo;UTAP : Le Grand d\u00e9fi pour l&rsquo;<b>agriculture<\/b> tunisienne est de &#8230;<\/a><\/div>\n<\/div>\n<\/div>\n<\/div>\n","protected":false},"excerpt":{"rendered":"<p>Alors que l&rsquo;agriculture tunisienne fait face \u00e0 des d\u00e9fis sans pr\u00e9c\u00e9dent li\u00e9s au stress hydrique et au changement climatique, le groupe Bayer a r\u00e9affirm\u00e9 son engagement aux c\u00f4t\u00e9s des agriculteurs locaux<\/p>\n","protected":false},"author":1,"featured_media":69413,"comment_status":"open","ping_status":"open","sticky":false,"template":"","format":"standard","meta":{"_seopress_robots_primary_cat":"none","_seopress_titles_title":"Agriculture en Tunisie : Bayer c\u00e9l\u00e8bre 30 ans d'engagement","_seopress_titles_desc":"Alors que l'agriculture tunisienne fait face \u00e0 des d\u00e9fis sans pr\u00e9c\u00e9dent li\u00e9s au stress hydrique et au changement climatique, le groupe Bayer a r\u00e9affirm","_seopress_robots_index":"","footnotes":""},"categories":[61],"tags":[],"class_list":{"0":"post-69410","1":"post","2":"type-post","3":"status-publish","4":"format-standard","5":"has-post-thumbnail","7":"category-news"},"_links":{"self":[{"href":"https:\/\/plumeseconomiques.com\/fr\/wp-json\/wp\/v2\/posts\/69410","targetHints":{"allow":["GET"]}}],"collection":[{"href":"https:\/\/plumeseconomiques.com\/fr\/wp-json\/wp\/v2\/posts"}],"about":[{"href":"https:\/\/plumeseconomiques.com\/fr\/wp-json\/wp\/v2\/types\/post"}],"author":[{"embeddable":true,"href":"https:\/\/plumeseconomiques.com\/fr\/wp-json\/wp\/v2\/users\/1"}],"replies":[{"embeddable":true,"href":"https:\/\/plumeseconomiques.com\/fr\/wp-json\/wp\/v2\/comments?post=69410"}],"version-history":[{"count":2,"href":"https:\/\/plumeseconomiques.com\/fr\/wp-json\/wp\/v2\/posts\/69410\/revisions"}],"predecessor-version":[{"id":69415,"href":"https:\/\/plumeseconomiques.com\/fr\/wp-json\/wp\/v2\/posts\/69410\/revisions\/69415"}],"wp:featuredmedia":[{"embeddable":true,"href":"https:\/\/plumeseconomiques.com\/fr\/wp-json\/wp\/v2\/media\/69413"}],"wp:attachment":[{"href":"https:\/\/plumeseconomiques.com\/fr\/wp-json\/wp\/v2\/media?parent=69410"}],"wp:term":[{"taxonomy":"category","embeddable":true,"href":"https:\/\/plumeseconomiques.com\/fr\/wp-json\/wp\/v2\/categories?post=69410"},{"taxonomy":"post_tag","embeddable":true,"href":"https:\/\/plumeseconomiques.com\/fr\/wp-json\/wp\/v2\/tags?post=69410"}],"curies":[{"name":"wp","href":"https:\/\/api.w.org\/{rel}","templated":true}]}}