{"id":69378,"date":"2026-03-12T09:12:29","date_gmt":"2026-03-12T08:12:29","guid":{"rendered":"https:\/\/plumeseconomiques.com\/fr\/?p=69378"},"modified":"2026-03-12T09:12:29","modified_gmt":"2026-03-12T08:12:29","slug":"la-corniche-de-bizerte-en-renovation-100-millions-de-dinars-investis","status":"publish","type":"post","link":"https:\/\/plumeseconomiques.com\/fr\/regions\/la-corniche-de-bizerte-en-renovation-100-millions-de-dinars-investis\/","title":{"rendered":"La corniche de Bizerte en r\u00e9novation : 100 millions de dinars investis"},"content":{"rendered":"<div class=\"flex flex-col text-sm\">\n<article class=\"text-token-text-primary w-full focus:outline-none [--shadow-height:45px] has-data-writing-block:pointer-events-none has-data-writing-block:-mt-(--shadow-height) has-data-writing-block:pt-(--shadow-height) [&amp;:has([data-writing-block])&gt;*]:pointer-events-auto scroll-mt-[calc(var(--header-height)+min(200px,max(70px,20svh)))]\" dir=\"auto\" tabindex=\"-1\" data-turn-id=\"request-WEB:bc9ed304-9a89-42c5-a6c6-e2960a0784fb-8\" data-testid=\"conversation-turn-2\" data-scroll-anchor=\"true\" data-turn=\"assistant\">\n<div class=\"text-base my-auto mx-auto pb-10 [--thread-content-margin:var(--thread-content-margin-xs,calc(var(--spacing)*4))] @w-sm\/main:[--thread-content-margin:var(--thread-content-margin-sm,calc(var(--spacing)*6))] @w-lg\/main:[--thread-content-margin:var(--thread-content-margin-lg,calc(var(--spacing)*16))] px-(--thread-content-margin)\">\n<div class=\"[--thread-content-max-width:40rem] @w-lg\/main:[--thread-content-max-width:48rem] mx-auto max-w-(--thread-content-max-width) flex-1 group\/turn-messages focus-visible:outline-hidden relative flex w-full min-w-0 flex-col agent-turn\" tabindex=\"-1\">\n<div class=\"flex max-w-full flex-col gap-4 grow\">\n<div class=\"min-h-8 text-message relative flex w-full flex-col items-end gap-2 text-start break-words whitespace-normal [.text-message+&amp;]:mt-1\" dir=\"auto\" data-message-author-role=\"assistant\" data-message-id=\"33140833-2a7e-48b8-b049-2f8681c2ebe7\" data-message-model-slug=\"gpt-5-3\">\n<div class=\"flex w-full flex-col gap-1 empty:hidden\">\n<div class=\"markdown prose dark:prose-invert w-full wrap-break-word dark markdown-new-styling\">\n<p data-start=\"77\" data-end=\"200\">La pression de la mer sur les c\u00f4tes tunisiennes s\u2019acc\u00e9l\u00e8re.<br data-start=\"136\" data-end=\"139\" \/>\u00c9rosion, recul du trait de c\u00f4te, infrastructures fragilis\u00e9es.<\/p>\n<p data-start=\"202\" data-end=\"318\">\u00c0 <strong data-start=\"204\" data-end=\"215\">Bizerte<\/strong>, l\u2019\u00c9tat lance un chantier massif pour stabiliser l\u2019une des zones littorales les plus expos\u00e9es du pays.<\/p>\n<p data-start=\"320\" data-end=\"442\">Le projet : <strong data-start=\"332\" data-end=\"400\">r\u00e9habiliter la corniche et prot\u00e9ger le littoral sur 7 kilom\u00e8tres<\/strong>, avec un investissement public estim\u00e9 \u00e0 :<\/p>\n<p data-start=\"444\" data-end=\"470\"><strong data-start=\"444\" data-end=\"470\">100 millions de dinars<\/strong><\/p>\n<p data-start=\"472\" data-end=\"619\">Les travaux ont d\u00e9marr\u00e9 en <strong data-start=\"499\" data-end=\"517\">septembre 2025<\/strong> et combinent plusieurs techniques d\u2019ing\u00e9nierie c\u00f4ti\u00e8re rarement utilis\u00e9es \u00e0 cette \u00e9chelle en Tunisie.<\/p>\n<h2 data-section-id=\"6u2xki\" data-start=\"626\" data-end=\"686\">Un projet strat\u00e9gique contre l\u2019\u00e9rosion c\u00f4ti\u00e8re en Tunisie<\/h2>\n<p data-start=\"688\" data-end=\"786\">La <strong data-start=\"691\" data-end=\"714\">corniche de Bizerte<\/strong> fait face depuis plusieurs ann\u00e9es \u00e0 une <strong data-start=\"755\" data-end=\"785\">\u00e9rosion marine progressive<\/strong>.<\/p>\n<p data-start=\"788\" data-end=\"868\">Dans certaines zones du littoral tunisien, le recul de la plage peut atteindre :<\/p>\n<p data-start=\"870\" data-end=\"938\"><strong data-start=\"870\" data-end=\"894\">0,5 \u00e0 1 m\u00e8tre par an<\/strong> selon plusieurs \u00e9tudes sur la M\u00e9diterran\u00e9e.<\/p>\n<p data-start=\"940\" data-end=\"963\">Cons\u00e9quences directes :<\/p>\n<ul data-start=\"965\" data-end=\"1102\">\n<li data-section-id=\"1b293l2\" data-start=\"965\" data-end=\"981\">\n<p data-start=\"967\" data-end=\"981\">perte de sable<\/p>\n<\/li>\n<li data-section-id=\"1azhu7d\" data-start=\"982\" data-end=\"1022\">\n<p data-start=\"984\" data-end=\"1022\">fragilisation des routes et promenades<\/p>\n<\/li>\n<li data-section-id=\"1yqrky6\" data-start=\"1023\" data-end=\"1064\">\n<p data-start=\"1025\" data-end=\"1064\">pression sur les activit\u00e9s touristiques<\/p>\n<\/li>\n<li data-section-id=\"isf173\" data-start=\"1065\" data-end=\"1102\">\n<p data-start=\"1067\" data-end=\"1102\">d\u00e9gradation des \u00e9cosyst\u00e8mes c\u00f4tiers<\/p>\n<\/li>\n<\/ul>\n<p data-start=\"1104\" data-end=\"1155\">Le projet lanc\u00e9 \u00e0 Bizerte poursuit deux objectifs :<\/p>\n<ul data-start=\"1157\" data-end=\"1271\">\n<li data-section-id=\"1t6f8q7\" data-start=\"1157\" data-end=\"1200\">\n<p data-start=\"1159\" data-end=\"1200\"><strong data-start=\"1159\" data-end=\"1200\">prot\u00e9ger le littoral contre l\u2019\u00e9rosion<\/strong><\/p>\n<\/li>\n<li data-section-id=\"fzj95o\" data-start=\"1201\" data-end=\"1271\">\n<p data-start=\"1203\" data-end=\"1271\"><strong data-start=\"1203\" data-end=\"1271\">r\u00e9am\u00e9nager la corniche pour renforcer l\u2019attractivit\u00e9 touristique<\/strong><\/p>\n<\/li>\n<\/ul>\n<h2 data-section-id=\"w41kxc\" data-start=\"1278\" data-end=\"1315\">7 kilom\u00e8tres de littoral concern\u00e9s<\/h2>\n<p data-start=\"1317\" data-end=\"1346\">Le programme couvre environ :<\/p>\n<p data-start=\"1348\" data-end=\"1364\"><strong data-start=\"1348\" data-end=\"1364\">7 km de c\u00f4te<\/strong><\/p>\n<p data-start=\"1366\" data-end=\"1477\">Les interventions visent les secteurs les plus expos\u00e9s entre la zone urbaine de Bizerte et les plages voisines.<\/p>\n<p data-start=\"1479\" data-end=\"1514\">Principales op\u00e9rations techniques :<\/p>\n<ul data-start=\"1516\" data-end=\"1750\">\n<li data-section-id=\"mxd7dk\" data-start=\"1516\" data-end=\"1587\">\n<p data-start=\"1518\" data-end=\"1587\">construction de <strong data-start=\"1534\" data-end=\"1552\">3 \u00e9pis rocheux<\/strong> pour casser l\u2019\u00e9nergie des vagues<\/p>\n<\/li>\n<li data-section-id=\"2lviaz\" data-start=\"1588\" data-end=\"1630\">\n<p data-start=\"1590\" data-end=\"1630\"><strong data-start=\"1590\" data-end=\"1628\">rechargement artificiel des plages<\/strong><\/p>\n<\/li>\n<li data-section-id=\"1givsad\" data-start=\"1631\" data-end=\"1658\">\n<p data-start=\"1633\" data-end=\"1658\">stabilisation des dunes<\/p>\n<\/li>\n<li data-section-id=\"surw4z\" data-start=\"1659\" data-end=\"1692\">\n<p data-start=\"1661\" data-end=\"1692\">am\u00e9nagement d\u2019espaces c\u00f4tiers<\/p>\n<\/li>\n<li data-section-id=\"ub3b22\" data-start=\"1693\" data-end=\"1750\">\n<p data-start=\"1695\" data-end=\"1750\">installation d\u2019\u00e9quipements de protection contre le vent<\/p>\n<\/li>\n<\/ul>\n<p data-start=\"1752\" data-end=\"1857\">Ces solutions sont largement utilis\u00e9es dans plusieurs pays m\u00e9diterran\u00e9ens confront\u00e9s aux m\u00eames probl\u00e8mes.<\/p>\n<h2 data-section-id=\"1rlc8k3\" data-start=\"1864\" data-end=\"1928\">Un million de m\u00e8tres cubes de sable pour restaurer les plages<\/h2>\n<p data-start=\"1930\" data-end=\"2004\">L\u2019op\u00e9ration la plus spectaculaire concerne le <strong data-start=\"1976\" data-end=\"2003\">rechargement des plages<\/strong>.<\/p>\n<p data-start=\"2006\" data-end=\"2044\">Le projet pr\u00e9voit l\u2019apport d\u2019environ :<\/p>\n<p data-start=\"2046\" data-end=\"2071\"><strong data-start=\"2046\" data-end=\"2071\">1 000 000 m\u00b3 de sable<\/strong><\/p>\n<p data-start=\"2073\" data-end=\"2153\">Le sable sera pr\u00e9lev\u00e9 <strong data-start=\"2095\" data-end=\"2107\">au large<\/strong>, puis redistribu\u00e9 sur les plages fragilis\u00e9es.<\/p>\n<p data-start=\"2155\" data-end=\"2165\">Objectif :<\/p>\n<ul data-start=\"2167\" data-end=\"2286\">\n<li data-section-id=\"jo5s4o\" data-start=\"2167\" data-end=\"2210\">\n<p data-start=\"2169\" data-end=\"2210\">recr\u00e9er une largeur de plage suffisante<\/p>\n<\/li>\n<li data-section-id=\"1xzg5gl\" data-start=\"2211\" data-end=\"2243\">\n<p data-start=\"2213\" data-end=\"2243\">ralentir l\u2019impact des vagues<\/p>\n<\/li>\n<li data-section-id=\"1alqtes\" data-start=\"2244\" data-end=\"2286\">\n<p data-start=\"2246\" data-end=\"2286\">stabiliser le littoral sur le long terme<\/p>\n<\/li>\n<\/ul>\n<p data-start=\"2288\" data-end=\"2332\">Ce type d\u2019intervention est d\u00e9j\u00e0 utilis\u00e9 en :<\/p>\n<ul data-start=\"2334\" data-end=\"2378\">\n<li data-section-id=\"1ckjlr7\" data-start=\"2334\" data-end=\"2345\">\n<p data-start=\"2336\" data-end=\"2345\">Espagne<\/p>\n<\/li>\n<li data-section-id=\"19byc1g\" data-start=\"2346\" data-end=\"2356\">\n<p data-start=\"2348\" data-end=\"2356\">Italie<\/p>\n<\/li>\n<li data-section-id=\"w5ual1\" data-start=\"2357\" data-end=\"2367\">\n<p data-start=\"2359\" data-end=\"2367\">France<\/p>\n<\/li>\n<li data-section-id=\"19am64u\" data-start=\"2368\" data-end=\"2378\">\n<p data-start=\"2370\" data-end=\"2378\">Pays-Bas<\/p>\n<\/li>\n<\/ul>\n<h2 data-section-id=\"l8hxkf\" data-start=\"2385\" data-end=\"2442\">Trois \u00e9pis rocheux pour casser la puissance des vagues<\/h2>\n<p data-start=\"2444\" data-end=\"2475\">Autre \u00e9l\u00e9ment cl\u00e9 du chantier :<\/p>\n<p data-start=\"2477\" data-end=\"2495\"><strong data-start=\"2477\" data-end=\"2495\">3 \u00e9pis rocheux<\/strong><\/p>\n<p data-start=\"2497\" data-end=\"2559\">Ces structures sont construites perpendiculairement au rivage.<\/p>\n<p data-start=\"2561\" data-end=\"2572\">Leur r\u00f4le :<\/p>\n<ul data-start=\"2574\" data-end=\"2696\">\n<li data-section-id=\"1hh373f\" data-start=\"2574\" data-end=\"2623\">\n<p data-start=\"2576\" data-end=\"2623\">ralentir le transport du sable par les courants<\/p>\n<\/li>\n<li data-section-id=\"1ifmlcf\" data-start=\"2624\" data-end=\"2665\">\n<p data-start=\"2626\" data-end=\"2665\">limiter la perte de sable vers le large<\/p>\n<\/li>\n<li data-section-id=\"z93nn7\" data-start=\"2666\" data-end=\"2696\">\n<p data-start=\"2668\" data-end=\"2696\">r\u00e9duire l\u2019\u00e9nergie des vagues<\/p>\n<\/li>\n<\/ul>\n<p data-start=\"2698\" data-end=\"2795\">Ce syst\u00e8me permet de <strong data-start=\"2719\" data-end=\"2754\">maintenir le sable sur la plage<\/strong> et d\u2019am\u00e9liorer la stabilit\u00e9 du littoral.<\/p>\n<h2 data-section-id=\"1wpcl5o\" data-start=\"2802\" data-end=\"2836\">600 m\u00e8tres d\u2019am\u00e9nagement c\u00f4tier<\/h2>\n<p data-start=\"2838\" data-end=\"2914\">Le projet comprend aussi un <strong data-start=\"2866\" data-end=\"2913\">r\u00e9am\u00e9nagement urbain partiel de la corniche<\/strong>.<\/p>\n<p data-start=\"2916\" data-end=\"2944\">Un espace c\u00f4tier d\u2019environ :<\/p>\n<p data-start=\"2946\" data-end=\"2960\"><strong data-start=\"2946\" data-end=\"2960\">600 m\u00e8tres<\/strong><\/p>\n<p data-start=\"2962\" data-end=\"2985\">sera restructur\u00e9 avec :<\/p>\n<ul data-start=\"2987\" data-end=\"3098\">\n<li data-section-id=\"s0loj3\" data-start=\"2987\" data-end=\"3009\">\n<p data-start=\"2989\" data-end=\"3009\">zones de promenade<\/p>\n<\/li>\n<li data-section-id=\"1kp78og\" data-start=\"3010\" data-end=\"3034\">\n<p data-start=\"3012\" data-end=\"3034\">protection des dunes<\/p>\n<\/li>\n<li data-section-id=\"7fe4ta\" data-start=\"3035\" data-end=\"3065\">\n<p data-start=\"3037\" data-end=\"3065\">installation de brise-vent<\/p>\n<\/li>\n<li data-section-id=\"1k1xsiz\" data-start=\"3066\" data-end=\"3098\">\n<p data-start=\"3068\" data-end=\"3098\">stabilisation des sols sableux<\/p>\n<\/li>\n<\/ul>\n<p data-start=\"3100\" data-end=\"3123\">L\u2019objectif est double :<\/p>\n<ul data-start=\"3125\" data-end=\"3195\">\n<li data-section-id=\"1i40x6n\" data-start=\"3125\" data-end=\"3153\">\n<p data-start=\"3127\" data-end=\"3153\">prot\u00e9ger le site naturel<\/p>\n<\/li>\n<li data-section-id=\"25b45c\" data-start=\"3154\" data-end=\"3195\">\n<p data-start=\"3156\" data-end=\"3195\">am\u00e9liorer la fr\u00e9quentation touristique.<\/p>\n<\/li>\n<\/ul>\n<h2 data-section-id=\"dlwonk\" data-start=\"3202\" data-end=\"3244\">La Tunisie face \u00e0 un d\u00e9fi c\u00f4tier majeur<\/h2>\n<p data-start=\"3246\" data-end=\"3274\">La Tunisie poss\u00e8de environ :<\/p>\n<p data-start=\"3276\" data-end=\"3305\"><strong data-start=\"3276\" data-end=\"3305\">1 300 kilom\u00e8tres de c\u00f4tes<\/strong><\/p>\n<p data-start=\"3307\" data-end=\"3456\">Selon plusieurs programmes de gestion du littoral m\u00e9diterran\u00e9en, <strong data-start=\"3372\" data-end=\"3411\">plus de 40 % des plages tunisiennes<\/strong> pr\u00e9sentent aujourd\u2019hui des signes d\u2019\u00e9rosion.<\/p>\n<p data-start=\"3458\" data-end=\"3488\">Les zones les plus sensibles :<\/p>\n<ul data-start=\"3490\" data-end=\"3546\">\n<li data-section-id=\"1n8h5hb\" data-start=\"3490\" data-end=\"3501\">\n<p data-start=\"3492\" data-end=\"3501\">Bizerte<\/p>\n<\/li>\n<li data-section-id=\"16pjvo9\" data-start=\"3502\" data-end=\"3513\">\n<p data-start=\"3504\" data-end=\"3513\">Cap Bon<\/p>\n<\/li>\n<li data-section-id=\"7taab6\" data-start=\"3514\" data-end=\"3524\">\n<p data-start=\"3516\" data-end=\"3524\">Djerba<\/p>\n<\/li>\n<li data-section-id=\"1rnmr5l\" data-start=\"3525\" data-end=\"3537\">\n<p data-start=\"3527\" data-end=\"3537\">Monastir<\/p>\n<\/li>\n<li data-section-id=\"1tksuyo\" data-start=\"3538\" data-end=\"3546\">\n<p data-start=\"3540\" data-end=\"3546\">Mahdia<\/p>\n<\/li>\n<\/ul>\n<p data-start=\"3548\" data-end=\"3608\">La combinaison de plusieurs facteurs acc\u00e9l\u00e8re le ph\u00e9nom\u00e8ne :<\/p>\n<ul data-start=\"3610\" data-end=\"3733\">\n<li data-section-id=\"17kpzp7\" data-start=\"3610\" data-end=\"3640\">\n<p data-start=\"3612\" data-end=\"3640\">mont\u00e9e du niveau de la mer<\/p>\n<\/li>\n<li data-section-id=\"q4pzhd\" data-start=\"3641\" data-end=\"3669\">\n<p data-start=\"3643\" data-end=\"3669\">urbanisation du littoral<\/p>\n<\/li>\n<li data-section-id=\"nrih04\" data-start=\"3670\" data-end=\"3706\">\n<p data-start=\"3672\" data-end=\"3706\">disparition des dunes naturelles<\/p>\n<\/li>\n<li data-section-id=\"1ls20rq\" data-start=\"3707\" data-end=\"3733\">\n<p data-start=\"3709\" data-end=\"3733\">temp\u00eates plus fr\u00e9quentes<\/p>\n<\/li>\n<\/ul>\n<h2 data-section-id=\"13ntlr3\" data-start=\"3740\" data-end=\"3797\">Un test grandeur nature pour la protection du littoral<\/h2>\n<p data-start=\"3799\" data-end=\"3873\">Le chantier de la <strong data-start=\"3817\" data-end=\"3840\">corniche de Bizerte<\/strong> agit comme un <strong data-start=\"3855\" data-end=\"3872\">projet pilote<\/strong>.<\/p>\n<p data-start=\"3875\" data-end=\"3936\">Il permettra d\u2019\u00e9valuer l\u2019efficacit\u00e9 de plusieurs techniques :<\/p>\n<ul data-start=\"3938\" data-end=\"4013\">\n<li data-section-id=\"14puor0\" data-start=\"3938\" data-end=\"3970\">\n<p data-start=\"3940\" data-end=\"3970\">rechargement massif de sable<\/p>\n<\/li>\n<li data-section-id=\"3qryk5\" data-start=\"3971\" data-end=\"3987\">\n<p data-start=\"3973\" data-end=\"3987\">\u00e9pis rocheux<\/p>\n<\/li>\n<li data-section-id=\"svlxth\" data-start=\"3988\" data-end=\"4013\">\n<p data-start=\"3990\" data-end=\"4013\">stabilisation des dunes<\/p>\n<\/li>\n<\/ul>\n<p data-start=\"4015\" data-end=\"4129\">Si les r\u00e9sultats sont positifs, ces m\u00e9thodes pourraient \u00eatre d\u00e9ploy\u00e9es dans d\u2019autres r\u00e9gions c\u00f4ti\u00e8res tunisiennes.<\/p>\n<h2 data-section-id=\"8dtpi\" data-start=\"4136\" data-end=\"4149\">Bizerte &#8211; un chantier pilote pour la protection du littoral tunisien<\/h2>\n<p data-start=\"4151\" data-end=\"4231\">La r\u00e9habilitation de la <strong data-start=\"4175\" data-end=\"4198\">corniche de Bizerte<\/strong> d\u00e9passe un simple projet urbain.<\/p>\n<p data-start=\"4233\" data-end=\"4302\">C\u2019est un <strong data-start=\"4242\" data-end=\"4301\">chantier strat\u00e9gique de protection du littoral tunisien<\/strong>.<\/p>\n<p data-start=\"4304\" data-end=\"4319\">Chiffres cl\u00e9s :<\/p>\n<ul data-start=\"4321\" data-end=\"4509\">\n<li data-section-id=\"1l1kx3o\" data-start=\"4321\" data-end=\"4368\">\n<p data-start=\"4323\" data-end=\"4368\"><strong data-start=\"4323\" data-end=\"4349\">100 millions de dinars<\/strong> d\u2019investissement<\/p>\n<\/li>\n<li data-section-id=\"kpjlv7\" data-start=\"4369\" data-end=\"4398\">\n<p data-start=\"4371\" data-end=\"4398\"><strong data-start=\"4371\" data-end=\"4387\">7 km de c\u00f4te<\/strong> prot\u00e9g\u00e9s<\/p>\n<\/li>\n<li data-section-id=\"1phenm\" data-start=\"4399\" data-end=\"4437\">\n<p data-start=\"4401\" data-end=\"4437\"><strong data-start=\"4401\" data-end=\"4426\">1 million m\u00b3 de sable<\/strong> recharg\u00e9<\/p>\n<\/li>\n<li data-section-id=\"wd96ay\" data-start=\"4438\" data-end=\"4471\">\n<p data-start=\"4440\" data-end=\"4471\"><strong data-start=\"4440\" data-end=\"4458\">3 \u00e9pis rocheux<\/strong> construits<\/p>\n<\/li>\n<li data-section-id=\"4cdyb5\" data-start=\"4472\" data-end=\"4509\">\n<p data-start=\"4474\" data-end=\"4509\"><strong data-start=\"4474\" data-end=\"4509\">600 m\u00e8tres d\u2019am\u00e9nagement c\u00f4tier<\/strong><\/p>\n<\/li>\n<\/ul>\n<p data-start=\"4511\" data-end=\"4666\">Face \u00e0 l\u2019\u00e9rosion qui touche une grande partie du littoral m\u00e9diterran\u00e9en, ce projet servira de test pour la future strat\u00e9gie nationale de gestion des c\u00f4tes.<\/p>\n<p data-start=\"4895\" data-end=\"5029\" data-is-last-node=\"\" data-is-only-node=\"\">\n<\/div>\n<\/div>\n<\/div>\n<\/div>\n<div class=\"z-0 flex min-h-[46px] justify-start\"><\/div>\n<div class=\"mt-3 w-full empty:hidden\">\n<div class=\"text-center\"><\/div>\n<\/div>\n<\/div>\n<\/div>\n<\/article>\n<\/div>\n<div class=\"pointer-events-none h-px w-px absolute bottom-0\" aria-hidden=\"true\" data-edge=\"true\"><\/div>\n","protected":false},"excerpt":{"rendered":"<p>La pression de la mer sur les c\u00f4tes tunisiennes s\u2019acc\u00e9l\u00e8re.\u00c9rosion, recul du trait de c\u00f4te, infrastructures fragilis\u00e9es. \u00c0 Bizerte, l\u2019\u00c9tat lance un chantier massif pour stabiliser l\u2019une des zones littorales les plus expos\u00e9es du pays. Le projet : r\u00e9habiliter la corniche et prot\u00e9ger le littoral sur 7 kilom\u00e8tres, avec un investissement public estim\u00e9 \u00e0 : [&hellip;]<\/p>\n","protected":false},"author":1,"featured_media":69381,"comment_status":"open","ping_status":"open","sticky":false,"template":"","format":"standard","meta":{"_seopress_robots_primary_cat":"none","_seopress_titles_title":"Bizerte : 100 millions de dinars pour prot\u00e9ger et transformer la corniche","_seopress_titles_desc":"Bizerte investit 100 millions de dinars pour prot\u00e9ger 7 km de corniche contre l\u2019\u00e9rosion marine. Analyse du projet et des enjeux du littoral tunisien.","_seopress_robots_index":"","footnotes":""},"categories":[64],"tags":[],"class_list":{"0":"post-69378","1":"post","2":"type-post","3":"status-publish","4":"format-standard","5":"has-post-thumbnail","7":"category-regions"},"_links":{"self":[{"href":"https:\/\/plumeseconomiques.com\/fr\/wp-json\/wp\/v2\/posts\/69378","targetHints":{"allow":["GET"]}}],"collection":[{"href":"https:\/\/plumeseconomiques.com\/fr\/wp-json\/wp\/v2\/posts"}],"about":[{"href":"https:\/\/plumeseconomiques.com\/fr\/wp-json\/wp\/v2\/types\/post"}],"author":[{"embeddable":true,"href":"https:\/\/plumeseconomiques.com\/fr\/wp-json\/wp\/v2\/users\/1"}],"replies":[{"embeddable":true,"href":"https:\/\/plumeseconomiques.com\/fr\/wp-json\/wp\/v2\/comments?post=69378"}],"version-history":[{"count":1,"href":"https:\/\/plumeseconomiques.com\/fr\/wp-json\/wp\/v2\/posts\/69378\/revisions"}],"predecessor-version":[{"id":69382,"href":"https:\/\/plumeseconomiques.com\/fr\/wp-json\/wp\/v2\/posts\/69378\/revisions\/69382"}],"wp:featuredmedia":[{"embeddable":true,"href":"https:\/\/plumeseconomiques.com\/fr\/wp-json\/wp\/v2\/media\/69381"}],"wp:attachment":[{"href":"https:\/\/plumeseconomiques.com\/fr\/wp-json\/wp\/v2\/media?parent=69378"}],"wp:term":[{"taxonomy":"category","embeddable":true,"href":"https:\/\/plumeseconomiques.com\/fr\/wp-json\/wp\/v2\/categories?post=69378"},{"taxonomy":"post_tag","embeddable":true,"href":"https:\/\/plumeseconomiques.com\/fr\/wp-json\/wp\/v2\/tags?post=69378"}],"curies":[{"name":"wp","href":"https:\/\/api.w.org\/{rel}","templated":true}]}}