{"id":68071,"date":"2026-01-21T15:32:37","date_gmt":"2026-01-21T14:32:37","guid":{"rendered":"https:\/\/plumeseconomiques.com\/fr\/?p=68071"},"modified":"2026-01-21T15:35:20","modified_gmt":"2026-01-21T14:35:20","slug":"entrepreneuriat-en-tunisie-riyeda-13-le-grand-rassemblement-qui-donne-un-visage-et-un-avenir-aux-reves-de-la-jeunesse","status":"publish","type":"post","link":"https:\/\/plumeseconomiques.com\/fr\/news\/entrepreneuriat-en-tunisie-riyeda-13-le-grand-rassemblement-qui-donne-un-visage-et-un-avenir-aux-reves-de-la-jeunesse\/","title":{"rendered":"Entrepreneuriat en Tunisie : RIYEDA 13, le grand rassemblement qui donne un visage et un avenir aux r\u00eaves de la jeunesse"},"content":{"rendered":"<p style=\"text-align: justify;\"><span style=\"color: #000000;\"><strong>Entrepreneuriat en Tunisie : RIYEDA 13, le grand rassemblement qui donne un visage et un avenir aux r\u00eaves de la jeunesse<\/strong><\/span><\/p>\n<p class=\"ds-markdown-paragraph\" style=\"text-align: justify;\"><span style=\"color: #000000;\">Les 28 et 29 janvier 2026, la Cit\u00e9 de la Culture de Tunis vibrera au rythme des ambitions. La 13\u00e8me \u00e9dition de RIYEDA, le plus grand \u00e9v\u00e9nement national pour l&rsquo;entrepreneuriat et l&rsquo;innovation, pose une question vitale : et si la force de nos jeunes \u00e9tait la cl\u00e9 pour construire une Tunisie plus inclusive et prosp\u00e8re ? Rencontres, inspiration et actions concr\u00e8tes au programme.<\/span><\/p>\n<hr \/>\n<h3 style=\"text-align: justify;\"><span style=\"color: #000000;\"><strong>RIYEDA 13 : Bien plus qu&rsquo;un salon, un mouvement citoyen pour l&#8217;emploi et l&rsquo;inclusion<\/strong><\/span><\/h3>\n<p class=\"ds-markdown-paragraph\" style=\"text-align: justify;\"><span style=\"color: #000000;\">Plac\u00e9e sous le th\u00e8me f\u00e9d\u00e9rateur <strong>\u00ab Autonomiser et Entreprendre pour une Inclusion Sociale et \u00c9conomique \u00bb<\/strong>, cette \u00e9dition historique transcende le simple cadre professionnel. Elle incarne un v\u00e9ritable plaidoyer pour faire de <strong>l&rsquo;entrepreneuriat en Tunisie<\/strong> une cause nationale. Face au d\u00e9fi de l&#8217;emploi des jeunes, RIYEDA porte un message d&rsquo;espoir : cr\u00e9er son activit\u00e9 n&rsquo;est plus une simple option, mais une voie d&rsquo;avenir durable et un puissant levier d&rsquo;<strong>inclusion sociale<\/strong>.<\/span><\/p>\n<p class=\"ds-markdown-paragraph\" style=\"text-align: justify;\"><span style=\"color: #000000;\">\u00ab Nous croyons que chaque jeune, chaque femme, chaque porteur de projet, quelle que soit sa r\u00e9gion, a en lui le potentiel de devenir un acteur \u00e9conomique. RIYEDA est la plateforme qui allume cette \u00e9tincelle et l&rsquo;accompagne jusqu&rsquo;\u00e0 la concr\u00e9tisation \u00bb, explique Skander Haddar, organisateur de l&rsquo;\u00e9v\u00e9nement.<\/span><\/p>\n<h3 style=\"text-align: justify;\"><span style=\"color: #000000;\"><strong>Un \u00e9cosyst\u00e8me entier se mobilise pour les entrepreneurs tunisiens<\/strong><\/span><\/h3>\n<p class=\"ds-markdown-paragraph\" style=\"text-align: justify;\"><span style=\"color: #000000;\">L&rsquo;\u00e9v\u00e9nement, orchestr\u00e9 par <strong>TPM Events<\/strong>, f\u00e9d\u00e8re l&rsquo;ensemble des forces vives du pays. Il b\u00e9n\u00e9ficie du soutien officiel du <strong>Minist\u00e8re de l\u2019Emploi et de la Formation Professionnelle<\/strong>, du <strong>Minist\u00e8re de la Famille, de la Femme, de l\u2019Enfance et des Personnes \u00c2g\u00e9es<\/strong>, ainsi que des agences cl\u00e9s comme l&rsquo;<strong>APII<\/strong> et l&rsquo;<strong>APIA<\/strong>. Cette mobilisation exceptionnelle de plus de 100 partenaires publics et priv\u00e9s d\u00e9montre l&rsquo;urgence collective d&rsquo;agir pour la <strong>jeunesse tunisienne<\/strong> et le <strong>d\u00e9veloppement territorial<\/strong>.<\/span><\/p>\n<h3 style=\"text-align: justify;\"><span style=\"color: #000000;\"><strong>Une programmation immersive d\u00e9di\u00e9e \u00e0 l&rsquo;action et aux r\u00e9sultats<\/strong><\/span><\/h3>\n<p class=\"ds-markdown-paragraph\" style=\"text-align: justify;\"><span style=\"color: #000000;\">Sur plus de 10 000 visiteurs attendus, RIYEDA 13 promet deux jours intenses de partage et d&rsquo;apprentissage. L&rsquo;objectif est clair : passer de l&rsquo;inspiration \u00e0 l&rsquo;action.<\/span><\/p>\n<h4 style=\"text-align: justify;\"><span style=\"color: #000000;\"><strong>Des sessions con\u00e7ues pour transformer les id\u00e9es en projets<\/strong><\/span><\/h4>\n<ul style=\"text-align: justify;\">\n<li>\n<p class=\"ds-markdown-paragraph\"><span style=\"color: #000000;\"><strong>50 sessions vari\u00e9es<\/strong> : panels strat\u00e9giques, keynotes vibrantes d&rsquo;experts internationaux, et surtout, des ateliers pratiques o\u00f9 l&rsquo;on apprend en faisant.<\/span><\/p>\n<\/li>\n<li>\n<p class=\"ds-markdown-paragraph\"><span style=\"color: #000000;\"><strong>80 speakers et experts<\/strong> \u00e0 l&rsquo;\u00e9coute pour partager leurs succ\u00e8s, mais aussi leurs \u00e9checs, et guider les participants.<\/span><\/p>\n<\/li>\n<li>\n<p class=\"ds-markdown-paragraph\"><span style=\"color: #000000;\"><strong>100 exposants<\/strong> : un village entrepreneurial unique pour d\u00e9couvrir les aides, les financements et rencontrer directement institutions et investisseurs.<\/span><\/p>\n<\/li>\n<\/ul>\n<h3 style=\"text-align: justify;\"><span style=\"color: #000000;\"><strong>Des visages et des histres derri\u00e8re les startups : l&rsquo;humain au c\u0153ur de l&rsquo;innovation<\/strong><\/span><\/h3>\n<p class=\"ds-markdown-paragraph\" style=\"text-align: justify;\"><span style=\"color: #000000;\">Cette ann\u00e9e, RIYEDA mettra particuli\u00e8rement en lumi\u00e8re les parcours inspirants. On y rencontrera Salma, qui a d\u00e9velopp\u00e9 une application agricole depuis Gab\u00e8s ; ou encore Karim, dont l&rsquo;entreprise sociale int\u00e8gre des personnes en situation de handicap. Ces histoires rappellent que <strong>l&rsquo;innovation en Tunisie<\/strong> a un visage et qu&rsquo;elle est un formidable outil d&rsquo;<strong>autonomisation<\/strong>.<\/span><\/p>\n<p class=\"ds-markdown-paragraph\" style=\"text-align: justify;\"><span style=\"color: #000000;\">\u00ab Chaque \u00e9dition, je vois des \u00e9tincelles s&rsquo;allumer dans les yeux des participants. Notre r\u00f4le est de souffler sur ces braises pour en faire des flammes durables qui contribueront \u00e0 notre \u00e9conomie \u00bb, t\u00e9moigne Rim Hajji, charg\u00e9e de communication et d&rsquo;inscription.<\/span><\/p>\n<hr \/>\n<p class=\"ds-markdown-paragraph\" style=\"text-align: justify;\"><span style=\"color: #000000;\"><strong>Infos pratiques &amp; Inscriptions :<\/strong><\/span><br \/>\n<span style=\"color: #000000;\">Ne manquez pas le rendez-vous de tous les possibles. Inscrivez-vous d\u00e8s maintenant pour garantir votre place et forger votre r\u00e9seau au sein de l&rsquo;\u00e9cosyst\u00e8me entrepreneurial tunisien.<\/span><\/p>\n<ul style=\"text-align: justify;\">\n<li>\n<p class=\"ds-markdown-paragraph\"><span style=\"color: #000000;\"><strong>Site officiel pour l&rsquo;inscription et le programme d\u00e9taill\u00e9<\/strong> : <a style=\"color: #000000;\" href=\"http:\/\/www.riyeda.tn\" target=\"_blank\" rel=\"noopener\">www.riyeda.tn<\/a><\/span><\/p>\n<\/li>\n<li>\n<p class=\"ds-markdown-paragraph\"><span style=\"color: #000000;\"><strong>Contact et Infoline<\/strong> :<\/span><\/p>\n<ul>\n<li>\n<p class=\"ds-markdown-paragraph\"><span style=\"color: #000000;\"><strong>Mme Rim Hajji<\/strong> : 90 587 009 \/ 57 262 651<\/span><\/p>\n<\/li>\n<li>\n<p class=\"ds-markdown-paragraph\"><span style=\"color: #000000;\"><strong>M. Skander Haddar (Organisateur)<\/strong> : 22 982 982<\/span><\/p>\n<\/li>\n<\/ul>\n<\/li>\n<\/ul>\n<p class=\"ds-markdown-paragraph\" style=\"text-align: justify;\"><span style=\"color: #000000;\"><strong>Lire aussi:<\/strong><\/span><\/p>\n<div class=\"gsc-thumbnail-inside\">\n<div class=\"gs-title\"><a class=\"gs-title\" dir=\"ltr\" href=\"https:\/\/plumeseconomiques.com\/fr\/amp\/conso\/hi-tech\/la-start-up-malienne-keneya-koura-digitalise\/\" data-cturl=\"https:\/\/www.google.com\/url?client=internal-element-cse&amp;cx=011238217578432545340:5m9aarzzppc&amp;q=https:\/\/plumeseconomiques.com\/fr\/amp\/conso\/hi-tech\/la-start-up-malienne-keneya-koura-digitalise\/&amp;sa=U&amp;ved=2ahUKEwjRwb6R7ZySAxUuTaQEHXtgG0IQFnoECAMQAg&amp;usg=AOvVaw1fo0OBZgx2jLjs9wumRa9s\" data-ctorig=\"https:\/\/plumeseconomiques.com\/fr\/amp\/conso\/hi-tech\/la-start-up-malienne-keneya-koura-digitalise\/\">La start-up malienne K\u00e9n\u00e8ya Koura digitalise des processus de &#8230;<\/a><\/div>\n<\/div>\n<div class=\"gsc-thumbnail-inside\">\n<div class=\"gs-title\"><a class=\"gs-title\" dir=\"ltr\" href=\"https:\/\/plumeseconomiques.com\/fr\/news\/TPM-et-l-APII-organisent-la-2eme-edition-de-Startup-Tunisia-en-2-tournees\/\" data-cturl=\"https:\/\/www.google.com\/url?client=internal-element-cse&amp;cx=011238217578432545340:5m9aarzzppc&amp;q=https:\/\/plumeseconomiques.com\/fr\/news\/TPM-et-l-APII-organisent-la-2eme-edition-de-Startup-Tunisia-en-2-tournees\/&amp;sa=U&amp;ved=2ahUKEwjRwb6R7ZySAxUuTaQEHXtgG0IQFnoECAUQAQ&amp;usg=AOvVaw3DZq6GxexDeizZk1BCMZQt\" data-ctorig=\"https:\/\/plumeseconomiques.com\/fr\/news\/TPM-et-l-APII-organisent-la-2eme-edition-de-Startup-Tunisia-en-2-tournees\/\">TPM et l&rsquo;APII organisent la 2\u00e8me \u00e9dition de <b>Startup<\/b> Tunisia en 2 &#8230;<\/a><\/div>\n<\/div>\n<div class=\"gsc-thumbnail-inside\">\n<div class=\"gs-title\"><a class=\"gs-title\" dir=\"ltr\" href=\"https:\/\/plumeseconomiques.com\/fr\/eco-women\/les-startup\/\" data-cturl=\"https:\/\/www.google.com\/url?client=internal-element-cse&amp;cx=011238217578432545340:5m9aarzzppc&amp;q=https:\/\/plumeseconomiques.com\/fr\/eco-women\/les-startup\/&amp;sa=U&amp;ved=2ahUKEwjRwb6R7ZySAxUuTaQEHXtgG0IQFnoECAIQAQ&amp;usg=AOvVaw1cbAsuq9BxuZ8j4LSO1s4V\" data-ctorig=\"https:\/\/plumeseconomiques.com\/fr\/eco-women\/les-startup\/\">Les <b>Startup<\/b> offrent des opportunit\u00e9s pour les 40% des femmes &#8230;<\/a><\/div>\n<\/div>\n<p class=\"ds-markdown-paragraph\" style=\"text-align: justify;\"><span style=\"color: #000000;\">\u00a0<\/span><\/p>\n","protected":false},"excerpt":{"rendered":"<p>Les 28 et 29 janvier 2026, la Cit\u00e9 de la Culture de Tunis vibrera au rythme des ambitions. La 13\u00e8me \u00e9dition de RIYEDA<\/p>\n","protected":false},"author":1,"featured_media":68074,"comment_status":"open","ping_status":"open","sticky":false,"template":"","format":"standard","meta":{"_seopress_robots_primary_cat":"none","_seopress_titles_title":"Entrepreneuriat en Tunisie : RIYEDA 13, le grand rassemblement","_seopress_titles_desc":"Les 28 et 29 janvier 2026, la Cit\u00e9 de la Culture de Tunis vibrera au rythme des ambitions. La 13\u00e8me \u00e9dition de RIYEDA","_seopress_robots_index":"","footnotes":""},"categories":[61],"tags":[],"class_list":{"0":"post-68071","1":"post","2":"type-post","3":"status-publish","4":"format-standard","5":"has-post-thumbnail","7":"category-news"},"_links":{"self":[{"href":"https:\/\/plumeseconomiques.com\/fr\/wp-json\/wp\/v2\/posts\/68071","targetHints":{"allow":["GET"]}}],"collection":[{"href":"https:\/\/plumeseconomiques.com\/fr\/wp-json\/wp\/v2\/posts"}],"about":[{"href":"https:\/\/plumeseconomiques.com\/fr\/wp-json\/wp\/v2\/types\/post"}],"author":[{"embeddable":true,"href":"https:\/\/plumeseconomiques.com\/fr\/wp-json\/wp\/v2\/users\/1"}],"replies":[{"embeddable":true,"href":"https:\/\/plumeseconomiques.com\/fr\/wp-json\/wp\/v2\/comments?post=68071"}],"version-history":[{"count":0,"href":"https:\/\/plumeseconomiques.com\/fr\/wp-json\/wp\/v2\/posts\/68071\/revisions"}],"wp:featuredmedia":[{"embeddable":true,"href":"https:\/\/plumeseconomiques.com\/fr\/wp-json\/wp\/v2\/media\/68074"}],"wp:attachment":[{"href":"https:\/\/plumeseconomiques.com\/fr\/wp-json\/wp\/v2\/media?parent=68071"}],"wp:term":[{"taxonomy":"category","embeddable":true,"href":"https:\/\/plumeseconomiques.com\/fr\/wp-json\/wp\/v2\/categories?post=68071"},{"taxonomy":"post_tag","embeddable":true,"href":"https:\/\/plumeseconomiques.com\/fr\/wp-json\/wp\/v2\/tags?post=68071"}],"curies":[{"name":"wp","href":"https:\/\/api.w.org\/{rel}","templated":true}]}}