{"id":67965,"date":"2025-12-01T17:36:25","date_gmt":"2025-12-01T16:36:25","guid":{"rendered":"https:\/\/plumeseconomiques.com\/fr\/?p=67965"},"modified":"2025-12-04T18:04:01","modified_gmt":"2025-12-04T17:04:01","slug":"tetra-pak-annonce-la-nomination-de-haithem-debbiche-au-poste-de-directeur-general-pour-la-region-maghreb-et-afrique-de-louest","status":"publish","type":"post","link":"https:\/\/plumeseconomiques.com\/fr\/news\/tetra-pak-annonce-la-nomination-de-haithem-debbiche-au-poste-de-directeur-general-pour-la-region-maghreb-et-afrique-de-louest\/","title":{"rendered":"Tetra Pak annonce la nomination de Haithem Debbiche au poste de Directeur G\u00e9n\u00e9ral pour la r\u00e9gion Maghreb et Afrique de l&rsquo;Ouest"},"content":{"rendered":"<p style=\"text-align: justify;\"><span style=\"color: #000000;\"><strong>Tetra Pak annonce la nomination de Haithem Debbiche au poste de Directeur G\u00e9n\u00e9ral pour la r\u00e9gion Maghreb et Afrique de l&rsquo;Ouest<\/strong><\/span><\/p>\n<p style=\"text-align: justify;\"><span style=\"color: #000000;\">Tetra Pak nomme un nouveau Directeur G\u00e9n\u00e9ral Maghreb et Afrique de l\u2019Ouest, Monsieur Haithem Debbiche.<\/span><\/p>\n<p style=\"text-align: justify;\"><span style=\"color: #000000;\">M Debbiche qui occupait depuis 2024 le poste de Directeur g\u00e9n\u00e9ral sur la r\u00e9gion Afrique de l\u2019Ouest, succ\u00e8de \u00e0 Monsieur Laurent Rodier sur la r\u00e9gion Maghreb et devient ainsi le Directeur G\u00e9n\u00e9ral de toute la r\u00e9gion Maghreb &amp; Afrique de l\u2019Ouest.<\/span><\/p>\n<p style=\"text-align: justify;\"><span style=\"color: #000000;\">Dipl\u00f4m\u00e9 de l&rsquo;Universit\u00e9 Paris Sorbonne et fort de ses 21 ans d\u2019exp\u00e9rience au sein de Tetra Pak, M Haithem Debbiche a occup\u00e9 diverses fonctions strat\u00e9giques au sein de l&rsquo;organisationet a jou\u00e9 un r\u00f4le cl\u00e9 dans le d\u00e9veloppement de nos activit\u00e9s et de nos relations avec nos partenaires au Maghreb et en Afrique de l\u2019Ouest.\u00a0<\/span><\/p>\n<p style=\"text-align: justify;\"><span style=\"color: #000000;\">Avec pr\u00e8s de 20 ann\u00e9es d\u2019exercice dans la r\u00e9gion du Maghreb, Mr Debbiche a construit un savoir-faire etdispose d\u2019une connaissance \u00e9largie de la r\u00e9gion et de ses caract\u00e9ristiques.<\/span><\/p>\n<blockquote>\n<p style=\"text-align: justify;\"><span style=\"color: #0000ff;\"><em>\u00ab\u00a0Je suis honor\u00e9 par cette nomination et heureux de renouer avec nos partenaires et \u00e9quipes au Maghreb. Le Maghreb et l&rsquo;Afrique de l&rsquo;Ouest repr\u00e9sentent un march\u00e9 \u00e0 fort potentiel\u00a0\u00bb a d\u00e9clar\u00e9 <\/em>Haithem Debbiche. Il a ajout\u00e9<em>\u00a0: \u00ab\u00a0Poursuivre le d\u00e9veloppement de solutions alimentaires innovantes et s\u00fbres sur ce march\u00e9, et avec nos clients, est ma priorit\u00e9. Gr\u00e2ce \u00e0 l&rsquo;expertise mondiale de Tetra Pak et \u00e0 nos \u00e9quipes, nous continuerons, avec nos partenaires, \u00e0 r\u00e9pondre aux besoins actuels des consommateurs et \u00e0 anticiper les produits du futur\u00a0\u00bb<\/em>.<\/span><\/p>\n<\/blockquote>\n<p style=\"text-align: justify;\"><span style=\"color: #000000;\">Tetra Pak innove depuis plus de 70 ans et met au service de ses clients une expertise mondiale en fourniture d\u2019\u00e9quipement, de solutions de traitement et de conditionnement pour les aliments. Cette proximit\u00e9 locale permet \u00e0 Tetra Pak d\u2019assurer une disponibilit\u00e9 continue de ses experts et de ses services et ce, en toute circonstance.<\/span><\/p>\n<p><strong>Lire aussi:<\/strong><\/p>\n<div class=\"gsc-thumbnail-inside\">\n<div class=\"gs-title\"><a class=\"gs-title\" dir=\"ltr\" href=\"https:\/\/plumeseconomiques.com\/fr\/news\/tetra-pak-et-sotipapier-lancent-le-recyclage-des-emballages-alimentaires-en-carton\/\" data-cturl=\"https:\/\/www.google.com\/url?client=internal-element-cse&amp;cx=011238217578432545340:5m9aarzzppc&amp;q=https:\/\/plumeseconomiques.com\/fr\/news\/tetra-pak-et-sotipapier-lancent-le-recyclage-des-emballages-alimentaires-en-carton\/&amp;sa=U&amp;ved=2ahUKEwjM-6_drqSRAxWwNPsDHdTdGoAQFnoECAEQAg&amp;usg=AOvVaw3EOboqSScrRLX7qBx6w7IK\" data-ctorig=\"https:\/\/plumeseconomiques.com\/fr\/news\/tetra-pak-et-sotipapier-lancent-le-recyclage-des-emballages-alimentaires-en-carton\/\"><b>TETRA PAK<\/b> et SOTIPAPIER lancent le recyclage des emballages &#8230;<\/a><\/div>\n<\/div>\n<div class=\"gsc-thumbnail-inside\">\n<div class=\"gs-title\"><a class=\"gs-title\" dir=\"ltr\" href=\"https:\/\/plumeseconomiques.com\/fr\/amp\/news\/tetra-pak-recoit-la-visite-de-lambassadrice-de-suede\/\" data-cturl=\"https:\/\/www.google.com\/url?client=internal-element-cse&amp;cx=011238217578432545340:5m9aarzzppc&amp;q=https:\/\/plumeseconomiques.com\/fr\/amp\/news\/tetra-pak-recoit-la-visite-de-lambassadrice-de-suede\/&amp;sa=U&amp;ved=2ahUKEwjM-6_drqSRAxWwNPsDHdTdGoAQFnoECAoQAg&amp;usg=AOvVaw1C-p4MCJntHUmjCTNhIdFj\" data-ctorig=\"https:\/\/plumeseconomiques.com\/fr\/amp\/news\/tetra-pak-recoit-la-visite-de-lambassadrice-de-suede\/\"><b>Tetra Pak<\/b> re\u00e7oit la visite de l&rsquo;ambassadrice de Su\u00e8de<\/a><\/div>\n<\/div>\n<div class=\"gsc-thumbnail-inside\">\n<div class=\"gs-title\"><a class=\"gs-title\" dir=\"ltr\" href=\"https:\/\/plumeseconomiques.com\/fr\/news\/tetra-pak-lance-une-campagne-de-sensibilisation\/\" data-cturl=\"https:\/\/www.google.com\/url?client=internal-element-cse&amp;cx=011238217578432545340:5m9aarzzppc&amp;q=https:\/\/plumeseconomiques.com\/fr\/news\/tetra-pak-lance-une-campagne-de-sensibilisation\/&amp;sa=U&amp;ved=2ahUKEwjM-6_drqSRAxWwNPsDHdTdGoAQFnoECAQQAg&amp;usg=AOvVaw0o1r5IsvZ2pCie8vwocb3U\" data-ctorig=\"https:\/\/plumeseconomiques.com\/fr\/news\/tetra-pak-lance-une-campagne-de-sensibilisation\/\"><b>Tetra Pak<\/b> lance une campagne de sensibilisation sur le recyclage &#8230;<\/a><\/div>\n<\/div>\n","protected":false},"excerpt":{"rendered":"<p>Tetra Pak nomme un nouveau Directeur G\u00e9n\u00e9ral Maghreb et Afrique de l\u2019Ouest, Monsieur Haithem Debbiche.<\/p>\n","protected":false},"author":1,"featured_media":67968,"comment_status":"open","ping_status":"open","sticky":false,"template":"","format":"standard","meta":{"_seopress_robots_primary_cat":"none","_seopress_titles_title":"Tetra Pak annonce la nomination de Haithem Debbiche au poste","_seopress_titles_desc":"Tetra Pak nomme un nouveau Directeur G\u00e9n\u00e9ral Maghreb et Afrique de l\u2019Ouest, Monsieur Haithem Debbiche.","_seopress_robots_index":"","footnotes":""},"categories":[61],"tags":[],"class_list":{"0":"post-67965","1":"post","2":"type-post","3":"status-publish","4":"format-standard","5":"has-post-thumbnail","7":"category-news"},"_links":{"self":[{"href":"https:\/\/plumeseconomiques.com\/fr\/wp-json\/wp\/v2\/posts\/67965","targetHints":{"allow":["GET"]}}],"collection":[{"href":"https:\/\/plumeseconomiques.com\/fr\/wp-json\/wp\/v2\/posts"}],"about":[{"href":"https:\/\/plumeseconomiques.com\/fr\/wp-json\/wp\/v2\/types\/post"}],"author":[{"embeddable":true,"href":"https:\/\/plumeseconomiques.com\/fr\/wp-json\/wp\/v2\/users\/1"}],"replies":[{"embeddable":true,"href":"https:\/\/plumeseconomiques.com\/fr\/wp-json\/wp\/v2\/comments?post=67965"}],"version-history":[{"count":0,"href":"https:\/\/plumeseconomiques.com\/fr\/wp-json\/wp\/v2\/posts\/67965\/revisions"}],"wp:featuredmedia":[{"embeddable":true,"href":"https:\/\/plumeseconomiques.com\/fr\/wp-json\/wp\/v2\/media\/67968"}],"wp:attachment":[{"href":"https:\/\/plumeseconomiques.com\/fr\/wp-json\/wp\/v2\/media?parent=67965"}],"wp:term":[{"taxonomy":"category","embeddable":true,"href":"https:\/\/plumeseconomiques.com\/fr\/wp-json\/wp\/v2\/categories?post=67965"},{"taxonomy":"post_tag","embeddable":true,"href":"https:\/\/plumeseconomiques.com\/fr\/wp-json\/wp\/v2\/tags?post=67965"}],"curies":[{"name":"wp","href":"https:\/\/api.w.org\/{rel}","templated":true}]}}