{"id":65435,"date":"2024-06-22T01:03:48","date_gmt":"2024-06-22T00:03:48","guid":{"rendered":"https:\/\/plumeseconomiques.com\/fr\/?p=65435"},"modified":"2024-06-22T01:06:03","modified_gmt":"2024-06-22T00:06:03","slug":"universite-davila-et-universite-de-carthage","status":"publish","type":"post","link":"https:\/\/plumeseconomiques.com\/fr\/news\/universite-davila-et-universite-de-carthage\/","title":{"rendered":"Universit\u00e9 d&rsquo;Avila et Universit\u00e9 de Carthage (Tunisie) Collaborer \u00e0 travers le monde pour lancer un nouveau camp d&rsquo;\u00e9t\u00e9 sur l&rsquo;innovation"},"content":{"rendered":"<p style=\"text-align: justify;\"><strong><span style=\"color: #000000;\">Universit\u00e9 d&rsquo;Avila et Universit\u00e9 de Carthage (Tunisie) <\/span><span style=\"color: #000000;\">Collaborer \u00e0 travers le monde pour lancer un nouveau camp d&rsquo;\u00e9t\u00e9 sur l&rsquo;innovation<\/span><\/strong><\/p>\n<p style=\"text-align: justify;\"><span style=\"color: #000000;\"><em>Un \u00e9tudiant participant recevra une bourse d&rsquo;\u00e9tudes \u00e0 part enti\u00e8re pour \u00e9tudier \u00e0 Avila \u00e0 l&rsquo;automne.<\/em><\/span><span style=\"color: #000000;\"><em>\u00a0<\/em><\/span><\/p>\n<p style=\"text-align: justify;\"><span style=\"color: #000000;\">Cet \u00e9t\u00e9, l&rsquo;Universit\u00e9 d&rsquo;Avila poursuit son engagement \u00e0 fournir une <em>\u00e9ducation sans limites <\/em>au-del\u00e0 de l&rsquo;oc\u00e9an pour se connecter avec les \u00e9tudiants d&rsquo;Afrique du Nord. <\/span><\/p>\n<p style=\"text-align: justify;\"><span style=\"color: #000000;\">Fin juin, Avila proposera son premier camp d&rsquo;\u00e9t\u00e9 de l&rsquo;innovation en Tunisie, mettant en avant des partenariats innovants avec l&rsquo;universit\u00e9 de Carthage, la Cit\u00e9 des sciences de Tunis, Amideast, l&rsquo;ambassade des \u00c9tats-Unis \u00e0 Tunis et AmCham.<\/span><\/p>\n<p style=\"text-align: justify;\"><span style=\"color: #000000;\"> Ce camp transformateur rassemble des \u00e9tudiants de diff\u00e9rents pays et horizons pour une semaine compl\u00e8te d&rsquo;apprentissage tout en donnant aux \u00e9tudiants d&rsquo;Avila l&rsquo;occasion de vivre une exp\u00e9rience internationale unique.<\/span><\/p>\n<p style=\"text-align: justify;\"><span style=\"color: #000000;\"><strong>Le Summer Innovation Camp aura lieu du 24 au 28 juin 2024, \u00e0 Tunis Science City, et <\/strong>est con\u00e7u pour inspirer, \u00e9duquer et connecter la prochaine g\u00e9n\u00e9ration de leaders et d&rsquo;innovateurs. Le camp d&rsquo;\u00e9t\u00e9 de l&rsquo;innovation<\/span><\/p>\n<p style=\"text-align: justify;\"><span style=\"color: #000000;\">Le programme de cinq jours comprend des s\u00e9minaires et des discussions interactives, avec des \u00e9tudiants et des professionnels qui apprennent aupr\u00e8s de chefs d&rsquo;entreprise et d&rsquo;universitaires am\u00e9ricains. Les \u00e9tudiants obtiendront un <\/span><span style=\"color: #000000;\">certificat et cr\u00e9dit d&rsquo;\u00e9tudes.<\/span><\/p>\n<p style=\"text-align: justify;\"><span style=\"color: #000000;\">\u00ab\u00a0Cet \u00e9v\u00e9nement, le premier du genre, est une occasion unique pour les \u00e9tudiants d&rsquo;\u00e9couter des conf\u00e9renciers de renomm\u00e9e mondiale, de rencontrer des leaders de l&rsquo;industrie et d&rsquo;explorer des sujets d&rsquo;avant-garde\u00a0\u00bb, a d\u00e9clar\u00e9 Jim Burkee, Ph.D., pr\u00e9sident de l&rsquo;universit\u00e9 d&rsquo;Avila. \u00ab\u00a0Nous sommes ravis de b\u00e9n\u00e9ficier d&rsquo;un soutien aussi fort gr\u00e2ce \u00e0 nos partenariats avec ces organisations r\u00e9put\u00e9es et nous sommes convaincus que ce sera une exp\u00e9rience inoubliable pour un grand nombre de participants.\u00a0\u00bb<\/span><\/p>\n<p style=\"text-align: justify;\"><span style=\"color: #000000;\">\u00ab\u00a0Pouvoir travailler avec l&rsquo;universit\u00e9 d&rsquo;Avila sur ce projet a \u00e9t\u00e9 une collaboration extraordinaire\u00a0\u00bb, a d\u00e9clar\u00e9 Nadia Mzoughi, pr\u00e9sidente de l&rsquo;universit\u00e9 de Carthage. \u00ab\u00a0Le fait que deux \u00e9tablissements d&rsquo;enseignement sup\u00e9rieur &#8211; dans deux pays &#8211; travaillent ensemble de mani\u00e8re transparente \u00e0 travers le monde pour cr\u00e9er une opportunit\u00e9 pour les \u00e9tudiants de toutes les cultures est un v\u00e9ritable acte de synergie et d&rsquo;innovation. Nous sommes tr\u00e8s heureux du partenariat qui s&rsquo;est d\u00e9velopp\u00e9 et nous nous r\u00e9jouissons de travailler ensemble \u00e0 l&rsquo;avenir.\u00a0\u00bb<\/span><\/p>\n<p style=\"text-align: justify;\"><span style=\"color: #000000;\">Le Summer Innovation Camp est compos\u00e9 d&rsquo;experts et de chefs d&rsquo;entreprise de renomm\u00e9e internationale qui pr\u00e9senteront des expos\u00e9s sur des sujets tels que l&rsquo;intelligence artificielle,<\/span><\/p>\n<p style=\"text-align: justify;\"><span style=\"color: #000000;\">l&rsquo;esprit d&rsquo;entreprise et le d\u00e9veloppement durable. Les participants prendront \u00e9galement part \u00e0 des ateliers et interagiront avec d&rsquo;autres \u00e9tudiants et professionnels dans le cadre d&rsquo;une exp\u00e9rience d&rsquo;apprentissage interactive qui leur permettra d&rsquo;acqu\u00e9rir une connaissance du monde r\u00e9el.<\/span><\/p>\n<p style=\"text-align: justify;\"><strong>Lire aussi:<\/strong><\/p>\n<div class=\"gsc-thumbnail-inside\">\n<div class=\"gs-title\"><a class=\"gs-title\" dir=\"ltr\" href=\"https:\/\/plumeseconomiques.com\/fr\/news\/L-Universite-de-Tunis-El-Manar-classee-parmi-le-top-800-universites-a-l-echelle-mondial\/\" data-cturl=\"https:\/\/www.google.com\/url?client=internal-element-cse&amp;cx=011238217578432545340:5m9aarzzppc&amp;q=https:\/\/plumeseconomiques.com\/fr\/news\/L-Universite-de-Tunis-El-Manar-classee-parmi-le-top-800-universites-a-l-echelle-mondial\/&amp;sa=U&amp;ved=2ahUKEwjg9-2h9O2GAxVNS_EDHTs-D_EQFnoECAAQAQ&amp;usg=AOvVaw0MhGRrD0p-YZw01LVBFpRS&amp;arm=e&amp;fexp=72519171,72519168\" data-ctorig=\"https:\/\/plumeseconomiques.com\/fr\/news\/L-Universite-de-Tunis-El-Manar-classee-parmi-le-top-800-universites-a-l-echelle-mondial\/\">L&rsquo;<b>Universit\u00e9<\/b> de Tunis El Manar class\u00e9e parmi le top 800 <b>universit\u00e9s<\/b> &#8230;<\/a><\/div>\n<\/div>\n<div class=\"gsc-thumbnail-inside\">\n<div class=\"gs-title\"><a class=\"gs-title\" dir=\"ltr\" href=\"https:\/\/plumeseconomiques.com\/fr\/communique\/Cynapsys-mediatise-son-partenariat-strategique-avec-L-Universite-SESAM\/\" data-cturl=\"https:\/\/www.google.com\/url?client=internal-element-cse&amp;cx=011238217578432545340:5m9aarzzppc&amp;q=https:\/\/plumeseconomiques.com\/fr\/communique\/Cynapsys-mediatise-son-partenariat-strategique-avec-L-Universite-SESAM\/&amp;sa=U&amp;ved=2ahUKEwjg9-2h9O2GAxVNS_EDHTs-D_EQFnoECAkQAQ&amp;usg=AOvVaw1e9HbKNPckCDAmnM1yN5_Y&amp;arm=e&amp;fexp=72519171,72519168\" data-ctorig=\"https:\/\/plumeseconomiques.com\/fr\/communique\/Cynapsys-mediatise-son-partenariat-strategique-avec-L-Universite-SESAM\/\">Cynapsys m\u00e9diatise son partenariat strat\u00e9gique avec L&rsquo;<b>Universit\u00e9<\/b> &#8230;<\/a><\/div>\n<\/div>\n<div class=\"gsc-thumbnail-inside\">\n<div class=\"gs-title\"><a class=\"gs-title\" dir=\"ltr\" href=\"https:\/\/plumeseconomiques.com\/fr\/communique\/Partenariat-gagnant-gagnant-entre-Attijari-Bank-Tunisiel-Universite-SESAM\/\" data-cturl=\"https:\/\/www.google.com\/url?client=internal-element-cse&amp;cx=011238217578432545340:5m9aarzzppc&amp;q=https:\/\/plumeseconomiques.com\/fr\/communique\/Partenariat-gagnant-gagnant-entre-Attijari-Bank-Tunisiel-Universite-SESAM\/&amp;sa=U&amp;ved=2ahUKEwjg9-2h9O2GAxVNS_EDHTs-D_EQFnoECAgQAQ&amp;usg=AOvVaw37NdRKrQ3DqskJd1iP6Jbh&amp;arm=e&amp;fexp=72519171,72519168\" data-ctorig=\"https:\/\/plumeseconomiques.com\/fr\/communique\/Partenariat-gagnant-gagnant-entre-Attijari-Bank-Tunisiel-Universite-SESAM\/\">Partenariat gagnant-gagnant entre Attijari Bank Tunisie &amp; l &#8230;<\/a><\/div>\n<\/div>\n","protected":false},"excerpt":{"rendered":"<p>Un \u00e9tudiant participant recevra une bourse d&rsquo;\u00e9tudes \u00e0 part enti\u00e8re pour \u00e9tudier \u00e0 Avila \u00e0 l&rsquo;automne.\u00a0<\/p>\n","protected":false},"author":1,"featured_media":65436,"comment_status":"open","ping_status":"open","sticky":false,"template":"","format":"standard","meta":{"_seopress_robots_primary_cat":"","_seopress_titles_title":"","_seopress_titles_desc":"","_seopress_robots_index":"","footnotes":""},"categories":[61],"tags":[],"class_list":{"0":"post-65435","1":"post","2":"type-post","3":"status-publish","4":"format-standard","5":"has-post-thumbnail","7":"category-news"},"_links":{"self":[{"href":"https:\/\/plumeseconomiques.com\/fr\/wp-json\/wp\/v2\/posts\/65435","targetHints":{"allow":["GET"]}}],"collection":[{"href":"https:\/\/plumeseconomiques.com\/fr\/wp-json\/wp\/v2\/posts"}],"about":[{"href":"https:\/\/plumeseconomiques.com\/fr\/wp-json\/wp\/v2\/types\/post"}],"author":[{"embeddable":true,"href":"https:\/\/plumeseconomiques.com\/fr\/wp-json\/wp\/v2\/users\/1"}],"replies":[{"embeddable":true,"href":"https:\/\/plumeseconomiques.com\/fr\/wp-json\/wp\/v2\/comments?post=65435"}],"version-history":[{"count":0,"href":"https:\/\/plumeseconomiques.com\/fr\/wp-json\/wp\/v2\/posts\/65435\/revisions"}],"wp:featuredmedia":[{"embeddable":true,"href":"https:\/\/plumeseconomiques.com\/fr\/wp-json\/wp\/v2\/media\/65436"}],"wp:attachment":[{"href":"https:\/\/plumeseconomiques.com\/fr\/wp-json\/wp\/v2\/media?parent=65435"}],"wp:term":[{"taxonomy":"category","embeddable":true,"href":"https:\/\/plumeseconomiques.com\/fr\/wp-json\/wp\/v2\/categories?post=65435"},{"taxonomy":"post_tag","embeddable":true,"href":"https:\/\/plumeseconomiques.com\/fr\/wp-json\/wp\/v2\/tags?post=65435"}],"curies":[{"name":"wp","href":"https:\/\/api.w.org\/{rel}","templated":true}]}}