{"id":65427,"date":"2024-06-22T00:45:37","date_gmt":"2024-06-21T23:45:37","guid":{"rendered":"https:\/\/plumeseconomiques.com\/fr\/?p=65427"},"modified":"2024-06-22T00:46:53","modified_gmt":"2024-06-21T23:46:53","slug":"gtex-menatex-lancement-de-la-seconde-phase","status":"publish","type":"post","link":"https:\/\/plumeseconomiques.com\/fr\/news\/gtex-menatex-lancement-de-la-seconde-phase\/","title":{"rendered":"GTEX\/MENATEX : lancement de la seconde phase visant \u00e0 appuyer le secteur Textile et Habillement en Tunisie"},"content":{"rendered":"<p style=\"text-align: justify;\"><span style=\"color: #000000;\"><strong>GTEX\/MENATEX : lancement de la seconde phase visant \u00e0 appuyer le secteur Textile et Habillement en Tunisie<\/strong><\/span><\/p>\n<p style=\"text-align: justify;\"><span style=\"color: #000000;\">Le Programme Global Textiles et Habillement (GTEX) et le Programme Textiles Pour la R\u00e9gion Moyen-Orient et Afrique du Nord (MENATEX), en abr\u00e9g\u00e9 \u00ab\u00a0GTEX\/MENATEX\u00a0\u00bb, a annonc\u00e9 le d\u00e9marrage officiel en Tunisie de sa seconde phase d\u2019une dur\u00e9e de 4 ans \u00ab\u00a02024 &#8211; 2027\u00a0\u00bb. <\/span><\/p>\n<p style=\"text-align: justify;\"><span style=\"color: #000000;\"><strong>Le programme GTEX\/MENATEX<\/strong> est mis en \u0153uvre par le Centre de Commerce International (ITC) et financ\u00e9 par le Secr\u00e9tariat d&rsquo;\u00c9tat \u00e0 l&rsquo;\u00e9conomie (SECO) de la Conf\u00e9d\u00e9ration Suisse et l&rsquo;Agence su\u00e9doise de coop\u00e9ration internationale au d\u00e9veloppement (Sida). <\/span><\/p>\n<p style=\"text-align: justify;\"><span style=\"color: #000000;\">II vise \u00e0 soutenir le secteur Textile et Habillement dans 5 pays dont la Tunisie, pour accro\u00eetre\u00a0sa comp\u00e9titivit\u00e9 \u00e0 l&rsquo;exportation, en se concentrant sur la digitalisation, les aspects de durabilit\u00e9 et de circularit\u00e9 en tant que moteurs cl\u00e9s de la comp\u00e9titivit\u00e9. Il s\u2019engage \u00e9galement \u00e0 cr\u00e9er des emplois d\u00e9cents, en particulier pour les femmes, tout en contribuant \u00e0 r\u00e9duire la pauvret\u00e9 et \u00e0 att\u00e9nuer le changement climatique.<\/span><\/p>\n<p style=\"text-align: justify;\"><span style=\"color: #000000;\">Pour ce faire, le programme a pour double objectif de soutenir l\u2019\u00e9cosyst\u00e8me institutionnel en Tunisie, ainsi que les entreprises et les cr\u00e9ateurs de mode du secteur textile et habillement.<\/span><\/p>\n<p style=\"text-align: justify;\"><span style=\"color: #000000;\">Le lancement officiel de cette nouvelle phase a \u00e9t\u00e9 c\u00e9l\u00e9br\u00e9 le vendredi 14 juin 2024 \u00e0 Tunis, en pr\u00e9sence de l\u2019\u00e9quipe de l\u2019ITC, des repr\u00e9sentants des donateurs du projet, SECO et Sida, des repr\u00e9sentants des institutions tunisiennes et d\u2019autres initiatives et bailleurs de fonds travaillant sur l\u2019appui au secteur textile et habillement. Ont pris part \u00e9galement \u00e0 la c\u00e9r\u00e9monie, les responsables des entreprises industrielles et les cr\u00e9ateurs de mode qui viennent d\u2019\u00eatre s\u00e9lectionn\u00e9s en tant que b\u00e9n\u00e9ficiaires de cette 2<sup>\u00e8me<\/sup> phase du projet.<\/span><\/p>\n<p style=\"text-align: justify;\"><span style=\"color: #000000;\">Lors du mot de bienvenue de cette c\u00e9r\u00e9monie, <strong>M. Mehdi Chaker, gestionnaire du projet en Tunisie au niveau du Centre de Commerce International<\/strong>, a d\u00e9clar\u00e9 \u00ab\u00a0Nous c\u00e9l\u00e9brons \u00e0 travers cet \u00e9v\u00e8nement les succ\u00e8s de la premi\u00e8re phase, et entamons un nouveau chapitre prometteur visant \u00e0 renforcer la comp\u00e9titivit\u00e9 \u00e0 l&rsquo;exportation du secteur textile tunisien, gr\u00e2ce \u00e0 un engagement pour le d\u00e9veloppement \u00e9conomique et la cr\u00e9ation d&#8217;emplois\u00a0\u00bb. <\/span><\/p>\n<p style=\"text-align: justify;\"><span style=\"color: #000000;\">La rencontre a \u00e9galement \u00e9t\u00e9 marqu\u00e9e par des allocutions et des messages forts de la part de repr\u00e9sentants de premier plan des deux donateurs et des partenaires institutionnels du projet.<\/span><\/p>\n<p style=\"text-align: justify;\"><span style=\"color: #000000;\"><strong>Mme Fatma Thabet Chiboub, Ministre de l&rsquo;Industrie, des Mines et de l&rsquo;\u00c9nergie<\/strong>, a affirm\u00e9 \u00ab Les r\u00e9ussites de la premi\u00e8re phase nous permettent de d\u00e9buter cette deuxi\u00e8me phase avec confiance. Gr\u00e2ce au soutien du SECO, de la Sida et des institutions nationales, nous esp\u00e9rons am\u00e9liorer la qualit\u00e9 et la comp\u00e9titivit\u00e9 des produits textiles tunisiens. \u00bb<\/span><\/p>\n<p style=\"text-align: justify;\"><span style=\"color: #000000;\"><strong>Son Excellence M. Josef Renggli, Ambassadeur de Suisse en Tunisie<\/strong>, a soulign\u00e9 l&rsquo;engagement de la coop\u00e9ration suisse pour le soutien du d\u00e9veloppement \u00e9conomique de la Tunisie, notamment dans le secteur du textile\u00a0: \u00ab\u00a0Nous visons \u00e0 renforcer la comp\u00e9titivit\u00e9 du textile tunisien pour cr\u00e9er davantage de valeur ajout\u00e9e, avec un accent particulier sur la durabilit\u00e9, la digitalisation et l&rsquo;\u00e9galit\u00e9 des genres. \u00bb<\/span><\/p>\n<p style=\"text-align: justify;\"><span style=\"color: #000000;\">De son c\u00f4t\u00e9, <strong>Mme Matilda Linden, Cheffe de mission adjointe \u00e0 l\u2019ambassade de la Su\u00e8de en Tunisie<\/strong>, a d\u00e9clar\u00e9\u00a0: \u00ab\u00a0Nous nous engageons \u00e0 renforcer un mod\u00e8le textile tunisien durable et circulaire, conforme aux normes et r\u00e9glementations europ\u00e9ennes.\u00a0\u00bb<\/span><\/p>\n<p style=\"text-align: justify;\"><span style=\"color: #000000;\">Enfin, M. <strong>Haithem Bouagila, Pr\u00e9sident de la FTTH a ajout\u00e9 :<\/strong>\u00a0\u00ab\u00a0Durant la phase 2 du projet, nous soutiendrons plus efficacement les PME et les cr\u00e9ateurs de mode b\u00e9n\u00e9ficiaires pour les aider \u00e0 acc\u00e9der aux march\u00e9s internationaux. Pour cela, il est crucial d&rsquo;am\u00e9liorer le cadre r\u00e9glementaire national et de renforcer la collaboration entre les diff\u00e9rents acteurs de ce secteur.\u00a0\u00bb<\/span><\/p>\n<p style=\"text-align: justify;\"><span style=\"color: #000000;\">Au cours de cette c\u00e9r\u00e9monie, les invit\u00e9s ont eu l\u2019occasion de retracer les r\u00e9alisations en Tunisie de la phase 1 et les r\u00e9sultats attendus de la 2\u00e8me phase du projet GTEX\/MENATEX.<\/span><\/p>\n<p style=\"text-align: justify;\"><span style=\"color: #000000;\">Les pr\u00e9sentations ont \u00e9t\u00e9 suivies d&rsquo;un espace d\u2019\u00e9change entre les diff\u00e9rentes organisations nationales et internationales pr\u00e9sentes. La soir\u00e9e s&rsquo;est cl\u00f4tur\u00e9e par un d\u00e9fil\u00e9 de mode, offrant un aper\u00e7u des derni\u00e8res collections des cr\u00e9ateurs et cr\u00e9atrices de mode tunisiens membres du projet.<\/span><\/p>\n<p style=\"text-align: justify;\"><span style=\"color: #000000;\"><strong>Retour sur les <\/strong><strong>accomplissements de la Premi\u00e8re Phase (2018 &#8211; 2023)<\/strong><\/span><\/p>\n<p style=\"text-align: justify;\"><span style=\"color: #000000;\">La premi\u00e8re phase du projet a permis d\u2019atteindre de notables r\u00e9alisations pour l\u2019industrie tunisienne du textile et de l\u2019habillement, notamment\u00a0en termes de :<\/span><\/p>\n<ul style=\"text-align: justify;\">\n<li style=\"text-align: justify;\"><span style=\"color: #000000;\"><strong>Appui strat\u00e9gique aux politiques nationales :<\/strong>participation \u00e0 l\u2019\u00e9laboration d\u2019\u00e9tudes strat\u00e9giques, telles que l\u2019\u00e9tude sur l&rsquo;impact de la crise du COVID-19 et le plan de relance. Elle a \u00e9galement soutenu la mise en place de l\u2019acte de comp\u00e9titivit\u00e9 du secteur T&amp;H qui a \u00e9t\u00e9 sign\u00e9 entre le Gouvernement et la F\u00e9d\u00e9ration Tunisienne du Textile et Habillement (FTTH).<\/span><\/li>\n<li style=\"text-align: justify;\"><span style=\"color: #000000;\"><strong>Renforcement des capacit\u00e9s des organismes d\u2019appui et des Institutions acad\u00e9miques :<\/strong>plus de 450 participants des institutions partenaires et plus de 40 enseignants universitaires ont b\u00e9n\u00e9fici\u00e9 de formations cibl\u00e9es, permettant un renforcement significatif des capacit\u00e9s locales, ainsi que la digitalisation des services pour les institutions d\u2019appui \u00e0 l\u2019industrie textile.<\/span><\/li>\n<li style=\"text-align: justify;\"><span style=\"color: #000000;\"><strong>Am\u00e9lioration de la comp\u00e9titivit\u00e9 des PME et des cr\u00e9ateurs de mode du secteur :<\/strong>A travers la formation et le coaching des PME et des cr\u00e9ateurs de mode, facilitant leur acc\u00e8s aux march\u00e9s internationaux. Plus de 60 PME et cr\u00e9ateurs tunisiens ont particip\u00e9 \u00e0 des salons internationaux et \u00e0 des missions B2B et de sourcing en France, Turquie, \u00c9gypte, Maroc, Italie, Allemagne, Belgique, Espagne, et aux Pays-Bas. Ces efforts ont abouti \u00e0 environ 600 nouveaux contrats sign\u00e9s par les b\u00e9n\u00e9ficiaires avec des clients et fournisseurs internationaux.<\/span><\/li>\n<li style=\"text-align: justify;\"><span style=\"color: #000000;\"><strong>Renforcement des capacit\u00e9s en digitalisation et durabilit\u00e9 :<\/strong>parmi les r\u00e9alisations, 19 PME ont adopt\u00e9 des processus de num\u00e9risation, et 30 PME ont int\u00e9gr\u00e9 des pratiques de durabilit\u00e9 sociale et environnementale, d\u00e9montrant un engagement envers des pratiques plus durables et modernes.<\/span><\/li>\n<li style=\"text-align: justify;\"><span style=\"color: #000000;\"><strong>Appui sp\u00e9cifique aux r\u00e9gions int\u00e9rieures :<\/strong>un effort particulier a \u00e9t\u00e9 fait pour soutenir les PME des r\u00e9gions int\u00e9rieures, avec 8 PME augmentant leur comp\u00e9titivit\u00e9, dont 2 PME qui ont commenc\u00e9 \u00e0 produire des produits finis.<\/span><\/li>\n<\/ul>\n<div class=\"better-gallery-container\"><div id=\"gallery-1619834342\" class=\"better-gallery  better-gallery-img-publisher-lg\" data-gallery-id=\"1619834342\"><div class=\"gallery-title clearfix\"><h3 class=\"main-title\">GTEX\/MENATEX : lancement de la seconde phase visant \u00e0 appuyer le secteur Textile et Habillement en Tunisie<\/h3>    <span class=\"prev\"><i class=\"fa fa-angle-left\"><\/i> pr\u00e9c\u00e9dent<\/span>\n                    <span class=\"count\"><i class=\"current\">1<\/i> De <i class=\"total\">3<\/i><\/span>\n                    <span class=\"next\">Suivant <i class=\"fa fa-angle-right\"><\/i><\/span>\n                <\/div> <div class=\"fotorama\" data-nav=\"thumbs\" data-auto=\"false\" data-ratio=\"16\/7\"><div data-thumb=\"https:\/\/www.plumeseconomiques.com\/fr\/wp-content\/uploads\/2024\/06\/GTEXMENATEX-3-150x150.jpg\">\n                        <a href=\"https:\/\/www.plumeseconomiques.com\/fr\/wp-content\/uploads\/2024\/06\/GTEXMENATEX-3.jpg\" class=\"slide-link\" data-not-rel=\"true\">\n                            <img decoding=\"async\"  data-id=\"65432\" src=\"https:\/\/www.plumeseconomiques.com\/fr\/wp-content\/uploads\/2024\/06\/GTEXMENATEX-3-700x430.jpg\">\n                        <\/a>\n                    <div class=\"slide-title-wrap\"><\/div><\/div><div data-thumb=\"https:\/\/www.plumeseconomiques.com\/fr\/wp-content\/uploads\/2024\/06\/GTEXMENATEX-2-150x150.jpg\">\n                        <a href=\"https:\/\/www.plumeseconomiques.com\/fr\/wp-content\/uploads\/2024\/06\/GTEXMENATEX-2.jpg\" class=\"slide-link\" data-not-rel=\"true\">\n                            <img decoding=\"async\"  data-id=\"65431\" src=\"https:\/\/www.plumeseconomiques.com\/fr\/wp-content\/uploads\/2024\/06\/GTEXMENATEX-2-700x430.jpg\">\n                        <\/a>\n                    <div class=\"slide-title-wrap\"><\/div><\/div><div data-thumb=\"https:\/\/www.plumeseconomiques.com\/fr\/wp-content\/uploads\/2024\/06\/GTEXMENATEX-1-150x150.jpg\">\n                        <a href=\"https:\/\/www.plumeseconomiques.com\/fr\/wp-content\/uploads\/2024\/06\/GTEXMENATEX-1.jpg\" class=\"slide-link\" data-not-rel=\"true\">\n                            <img decoding=\"async\" alt=\"GTEX\/MENATEX : lancement de la seconde phase visant \u00e0 appuyer le secteur Textile et Habillement en Tunisie\" data-id=\"65430\" src=\"https:\/\/www.plumeseconomiques.com\/fr\/wp-content\/uploads\/2024\/06\/GTEXMENATEX-1-700x430.jpg\">\n                        <\/a>\n                    <div class=\"slide-title-wrap\"><\/div><\/div><\/div><\/div><script>var prt_gal_img_1619834342 = [\"https:\\\/\\\/www.plumeseconomiques.com\\\/fr\\\/wp-content\\\/uploads\\\/2024\\\/06\\\/GTEXMENATEX-3.jpg\",\"https:\\\/\\\/www.plumeseconomiques.com\\\/fr\\\/wp-content\\\/uploads\\\/2024\\\/06\\\/GTEXMENATEX-2.jpg\",\"https:\\\/\\\/www.plumeseconomiques.com\\\/fr\\\/wp-content\\\/uploads\\\/2024\\\/06\\\/GTEXMENATEX-1.jpg\"]; var prt_gal_cap_1619834342 = [\"\",\"\",\"\"]; <\/script><\/div>\n<p style=\"text-align: justify;\"><strong>Lire aussi:<\/strong><\/p>\n<div class=\"gsc-thumbnail-inside\">\n<div class=\"gs-title\"><a class=\"gs-title\" dir=\"ltr\" href=\"https:\/\/plumeseconomiques.com\/fr\/news\/TextileethabillementBaissedesexportationsde229\/\" data-cturl=\"https:\/\/www.google.com\/url?client=internal-element-cse&amp;cx=011238217578432545340:5m9aarzzppc&amp;q=https:\/\/plumeseconomiques.com\/fr\/news\/TextileethabillementBaissedesexportationsde229\/&amp;sa=U&amp;ved=2ahUKEwiN9_Wh7-2GAxUScKQEHUn4DUAQFnoECAUQAQ&amp;usg=AOvVaw3yKQfUOugqck6KOzD1m9z_&amp;arm=e&amp;fexp=72519171,72519168\" data-ctorig=\"https:\/\/plumeseconomiques.com\/fr\/news\/TextileethabillementBaissedesexportationsde229\/\"><b>Textile<\/b> et habillement: Baisse des exportations de 2,29%<\/a><\/div>\n<\/div>\n<div class=\"gsc-thumbnail-inside\">\n<div class=\"gs-title\"><a class=\"gs-title\" dir=\"ltr\" href=\"https:\/\/plumeseconomiques.com\/fr\/news\/Textile-6-7-d-augmentation-des-exportations\/\" data-cturl=\"https:\/\/www.google.com\/url?client=internal-element-cse&amp;cx=011238217578432545340:5m9aarzzppc&amp;q=https:\/\/plumeseconomiques.com\/fr\/news\/Textile-6-7-d-augmentation-des-exportations\/&amp;sa=U&amp;ved=2ahUKEwiN9_Wh7-2GAxUScKQEHUn4DUAQFnoECAkQAQ&amp;usg=AOvVaw1iR6WPFJgQNlWwtNuVVM0B&amp;arm=e&amp;fexp=72519171,72519168\" data-ctorig=\"https:\/\/plumeseconomiques.com\/fr\/news\/Textile-6-7-d-augmentation-des-exportations\/\"><b>Textile<\/b>: 6.7% d&rsquo;augmentation des exportations \u2013 Plumes Economiques<\/a><\/div>\n<\/div>\n<div class=\"gsc-thumbnail-inside\">\n<div class=\"gs-title\"><a class=\"gs-title\" dir=\"ltr\" href=\"https:\/\/plumeseconomiques.com\/fr\/chiffre-cle\/le-secteur-textile-habillement-tunisien-en-chiffres\/\" data-cturl=\"https:\/\/www.google.com\/url?client=internal-element-cse&amp;cx=011238217578432545340:5m9aarzzppc&amp;q=https:\/\/plumeseconomiques.com\/fr\/chiffre-cle\/le-secteur-textile-habillement-tunisien-en-chiffres\/&amp;sa=U&amp;ved=2ahUKEwiN9_Wh7-2GAxUScKQEHUn4DUAQFnoECAMQAg&amp;usg=AOvVaw2EAdhuRvYGKWkTZv2M5X_9&amp;arm=e&amp;fexp=72519171,72519168\" data-ctorig=\"https:\/\/plumeseconomiques.com\/fr\/chiffre-cle\/le-secteur-textile-habillement-tunisien-en-chiffres\/\">Le secteur <b>textile<\/b> habillement tunisien en chiffres<\/a><\/div>\n<\/div>\n","protected":false},"excerpt":{"rendered":"<p>Le Programme Global Textiles et Habillement (GTEX) et le Programme Textiles Pour la R\u00e9gion Moyen-Orient et Afrique du Nord (MENATEX), en abr\u00e9g\u00e9 \u00ab\u00a0GTEX\/MENATEX\u00a0\u00bb, a annonc\u00e9 le d\u00e9marrage officiel en Tunisie de sa seconde phase d\u2019une dur\u00e9e de 4 ans \u00ab\u00a02024 &#8211; 2027\u00a0\u00bb.<\/p>\n<p>Le programme GTEX\/MENATEX est mis en \u0153uvre par le Centre de Commerce International (ITC) et financ\u00e9 par le Secr\u00e9tariat d&rsquo;\u00c9tat \u00e0 l&rsquo;\u00e9conomie (SECO) de la Conf\u00e9d\u00e9ration Suisse et l&rsquo;Agence su\u00e9doise de coop\u00e9ration internationale au d\u00e9veloppement (Sida).<\/p>\n<p>II vise \u00e0 soutenir le secteur Textile et Habillement dans 5 pays dont la Tunisie, pour accro\u00eetre\u00a0sa comp\u00e9titivit\u00e9 \u00e0 l&rsquo;exportation, en se concentrant sur la digitalisation, les aspects de durabilit\u00e9 et de circularit\u00e9 en tant que moteurs cl\u00e9s de la comp\u00e9titivit\u00e9. Il s\u2019engage \u00e9galement \u00e0 cr\u00e9er des emplois d\u00e9cents, en particulier pour les femmes, tout en contribuant \u00e0 r\u00e9duire la pauvret\u00e9 et \u00e0 att\u00e9nuer le changement climatique.<\/p>\n","protected":false},"author":1,"featured_media":65429,"comment_status":"open","ping_status":"open","sticky":false,"template":"","format":"standard","meta":{"_seopress_robots_primary_cat":"","_seopress_titles_title":"","_seopress_titles_desc":"","_seopress_robots_index":"","footnotes":""},"categories":[61],"tags":[],"class_list":{"0":"post-65427","1":"post","2":"type-post","3":"status-publish","4":"format-standard","5":"has-post-thumbnail","7":"category-news"},"_links":{"self":[{"href":"https:\/\/plumeseconomiques.com\/fr\/wp-json\/wp\/v2\/posts\/65427","targetHints":{"allow":["GET"]}}],"collection":[{"href":"https:\/\/plumeseconomiques.com\/fr\/wp-json\/wp\/v2\/posts"}],"about":[{"href":"https:\/\/plumeseconomiques.com\/fr\/wp-json\/wp\/v2\/types\/post"}],"author":[{"embeddable":true,"href":"https:\/\/plumeseconomiques.com\/fr\/wp-json\/wp\/v2\/users\/1"}],"replies":[{"embeddable":true,"href":"https:\/\/plumeseconomiques.com\/fr\/wp-json\/wp\/v2\/comments?post=65427"}],"version-history":[{"count":0,"href":"https:\/\/plumeseconomiques.com\/fr\/wp-json\/wp\/v2\/posts\/65427\/revisions"}],"wp:featuredmedia":[{"embeddable":true,"href":"https:\/\/plumeseconomiques.com\/fr\/wp-json\/wp\/v2\/media\/65429"}],"wp:attachment":[{"href":"https:\/\/plumeseconomiques.com\/fr\/wp-json\/wp\/v2\/media?parent=65427"}],"wp:term":[{"taxonomy":"category","embeddable":true,"href":"https:\/\/plumeseconomiques.com\/fr\/wp-json\/wp\/v2\/categories?post=65427"},{"taxonomy":"post_tag","embeddable":true,"href":"https:\/\/plumeseconomiques.com\/fr\/wp-json\/wp\/v2\/tags?post=65427"}],"curies":[{"name":"wp","href":"https:\/\/api.w.org\/{rel}","templated":true}]}}