{"id":65135,"date":"2024-06-20T21:50:56","date_gmt":"2024-06-20T20:50:56","guid":{"rendered":"https:\/\/plumeseconomiques.com\/fr\/?p=65135"},"modified":"2024-06-20T21:52:09","modified_gmt":"2024-06-20T20:52:09","slug":"le-nigeria-cherche-un-gestionnaire","status":"publish","type":"post","link":"https:\/\/plumeseconomiques.com\/fr\/international-echo\/le-nigeria-cherche-un-gestionnaire\/","title":{"rendered":"Le Nigeria cherche un gestionnaire pour un fonds d\u2019investissement de 10 milliards\u00a0$ destin\u00e9 \u00e0 la diaspora"},"content":{"rendered":"<p style=\"text-align: justify;\"><strong><span style=\"color: #000000;\">Le Nigeria cherche un gestionnaire pour un fonds d\u2019investissement de 10 milliards\u00a0$ destin\u00e9 \u00e0 la diaspora<\/span><\/strong><\/p>\n<p class=\"texte\" style=\"text-align: justify;\"><span style=\"color: #000000;\">Le nouveau fonds devrait capter une partie des transferts des migrants pour l\u2019investir dans des secteurs prioritaires. Il s\u2019agit notamment des infrastructures, de la sant\u00e9 et de l&rsquo;\u00e9ducation.\u00a0<\/span><\/p>\n<p class=\"texte\" style=\"text-align: justify;\"><span style=\"color: #000000;\">Le gouvernement nig\u00e9rian a lanc\u00e9, ce vendredi 26 avril 2024, un appel d\u2019offres portant sur le choix d\u2019un gestionnaire de fonds pour la conception et la mise en place d\u2019un fonds d\u2019investissement destin\u00e9 \u00e0 capter une partie des transferts des migrants pour soutenir des projets dans des secteurs prioritaires tels que les infrastructures, les soins de sant\u00e9 et l&rsquo;\u00e9ducation.<\/span><\/p>\n<p class=\"texte\" style=\"text-align: justify;\"><span style=\"color: #000000;\">Ce fonds, dont la taille a \u00e9t\u00e9 fix\u00e9e \u00e0 10 milliards de dollars, aura une dur\u00e9e de vie de 10 ans, qui pourrait \u00eatre prolong\u00e9e de deux ans suppl\u00e9mentaires.<\/span><\/p>\n<p class=\"texte\" style=\"text-align: justify;\"><span style=\"color: #000000;\">Son lancement <em>\u00ab\u00a0se situe dans le cadre d&rsquo;efforts plus larges visant \u00e0 renforcer les liens entre le Nigeria et sa diaspora, \u00e0 promouvoir le d\u00e9veloppement national et \u00e0 exploiter le potentiel de 20 millions de Nig\u00e9rians vivant \u00e0 l&rsquo;\u00e9tranger en tant qu\u2019agents de changement et de d\u00e9veloppement\u00a0\u00bb,<\/em> a soulign\u00e9 le minist\u00e8re de l&rsquo;Industrie, du Commerce et de l&rsquo;Investissement dans son avis d\u2019appel d\u2019offres.<\/span><\/p>\n<p class=\"texte\" style=\"text-align: justify;\"><span style=\"color: #000000;\">Le minist\u00e8re a \u00e9galement indiqu\u00e9 que les gestionnaires de fonds int\u00e9ress\u00e9s doivent avoir eu des activit\u00e9s v\u00e9rifiables au Nigeria au cours des cinq derni\u00e8res ann\u00e9es, des ant\u00e9c\u00e9dents en mati\u00e8re de mobilisation de capitaux et de gestion de fonds de capital-risque importants et rentables. Ils sont invit\u00e9s \u00e0 pr\u00e9senter leur candidature avant le 6 mai 2024.<\/span><\/p>\n<p class=\"texte\" style=\"text-align: justify;\"><span style=\"color: #000000;\">Les transferts des Nig\u00e9rians r\u00e9sidant \u00e0 l\u2019\u00e9tranger vers leur pays d\u2019origine se sont \u00e9tablis \u00e0 20,1 milliards de dollars en 2022, selon les donn\u00e9es de la Banque mondiale. Mais ces transferts ne passent pas souvent par le march\u00e9 officiel des changes, o\u00f9 la raret\u00e9 du billet vert est un probl\u00e8me persistant qui contribue \u00e0 la volatilit\u00e9 et \u00e0 la d\u00e9pr\u00e9ciation du naira. \u00a0\u00a0<\/span><\/p>\n<p><strong>Lire aussi:<\/strong><\/p>\n<div class=\"gsc-thumbnail-inside\">\n<div class=\"gs-title\"><a class=\"gs-title\" dir=\"ltr\" href=\"https:\/\/plumeseconomiques.com\/fr\/eco-sport\/actualite-sportive\/Coupe-d-Afrique-des-vainqueurs-de-CoupeL-Etoile-detrone-le-Zamalek\/\" data-cturl=\"https:\/\/www.google.com\/url?client=internal-element-cse&amp;cx=011238217578432545340:5m9aarzzppc&amp;q=https:\/\/plumeseconomiques.com\/fr\/eco-sport\/actualite-sportive\/Coupe-d-Afrique-des-vainqueurs-de-CoupeL-Etoile-detrone-le-Zamalek\/&amp;sa=U&amp;ved=2ahUKEwjW8ryah-uGAxV-AfsDHZzSBSMQFnoECAIQAQ&amp;usg=AOvVaw18XC55SpTE_I3OIDoiNC3B&amp;arm=e&amp;fexp=72519171,72519168\" data-ctorig=\"https:\/\/plumeseconomiques.com\/fr\/eco-sport\/actualite-sportive\/Coupe-d-Afrique-des-vainqueurs-de-CoupeL-Etoile-detrone-le-Zamalek\/\">Coupe d&rsquo;<b>Afrique<\/b> des vainqueurs de Coupe \u2013 L&rsquo;Etoile d\u00e9trone le &#8230;<\/a><\/div>\n<\/div>\n<div class=\"gsc-thumbnail-inside\">\n<div class=\"gs-title\"><a class=\"gs-title\" dir=\"ltr\" href=\"https:\/\/plumeseconomiques.com\/fr\/magazine\/sous-le-zoom\/les-7-plus-belles-villes-dafrique-ayant-une-dynamique-de-smart-city\/\" data-cturl=\"https:\/\/www.google.com\/url?client=internal-element-cse&amp;cx=011238217578432545340:5m9aarzzppc&amp;q=https:\/\/plumeseconomiques.com\/fr\/magazine\/sous-le-zoom\/les-7-plus-belles-villes-dafrique-ayant-une-dynamique-de-smart-city\/&amp;sa=U&amp;ved=2ahUKEwjW8ryah-uGAxV-AfsDHZzSBSMQFnoECAMQAg&amp;usg=AOvVaw3_0NASwN4kGM1IaYg45PzL&amp;arm=e&amp;fexp=72519171,72519168\" data-ctorig=\"https:\/\/plumeseconomiques.com\/fr\/magazine\/sous-le-zoom\/les-7-plus-belles-villes-dafrique-ayant-une-dynamique-de-smart-city\/\">Les 7 plus belles villes d&rsquo;<b>Afrique<\/b> ayant une dynamique de Smart City<\/a><\/div>\n<\/div>\n<div class=\"gsc-thumbnail-inside\">\n<div class=\"gs-title\"><a class=\"gs-title\" dir=\"ltr\" href=\"https:\/\/plumeseconomiques.com\/fr\/Dossier\/L-explosion-demographique-en-Afrique-est-une-bombe-a-retardement-selon-les-gouverneurs-de-la-BAD\/\" data-cturl=\"https:\/\/www.google.com\/url?client=internal-element-cse&amp;cx=011238217578432545340:5m9aarzzppc&amp;q=https:\/\/plumeseconomiques.com\/fr\/Dossier\/L-explosion-demographique-en-Afrique-est-une-bombe-a-retardement-selon-les-gouverneurs-de-la-BAD\/&amp;sa=U&amp;ved=2ahUKEwjW8ryah-uGAxV-AfsDHZzSBSMQFnoECAUQAQ&amp;usg=AOvVaw1EQZXYE2Pff0oiGrouHwW8&amp;arm=e&amp;fexp=72519171,72519168\" data-ctorig=\"https:\/\/plumeseconomiques.com\/fr\/Dossier\/L-explosion-demographique-en-Afrique-est-une-bombe-a-retardement-selon-les-gouverneurs-de-la-BAD\/\">L&rsquo;explosion d\u00e9mographique en <b>Afrique<\/b> est une bombe \u00e0 &#8230;<\/a><\/div>\n<\/div>\n","protected":false},"excerpt":{"rendered":"<p>Le nouveau fonds devrait capter une partie des transferts des migrants pour l\u2019investir dans des secteurs prioritaires. Il s\u2019agit notamment des infrastructures, de la sant\u00e9 et de l&rsquo;\u00e9ducation.\u00a0<\/p>\n","protected":false},"author":1,"featured_media":65375,"comment_status":"open","ping_status":"open","sticky":false,"template":"","format":"standard","meta":{"_seopress_robots_primary_cat":"","_seopress_titles_title":"","_seopress_titles_desc":"","_seopress_robots_index":"","footnotes":""},"categories":[78],"tags":[],"class_list":{"0":"post-65135","1":"post","2":"type-post","3":"status-publish","4":"format-standard","5":"has-post-thumbnail","7":"category-international-echo"},"_links":{"self":[{"href":"https:\/\/plumeseconomiques.com\/fr\/wp-json\/wp\/v2\/posts\/65135","targetHints":{"allow":["GET"]}}],"collection":[{"href":"https:\/\/plumeseconomiques.com\/fr\/wp-json\/wp\/v2\/posts"}],"about":[{"href":"https:\/\/plumeseconomiques.com\/fr\/wp-json\/wp\/v2\/types\/post"}],"author":[{"embeddable":true,"href":"https:\/\/plumeseconomiques.com\/fr\/wp-json\/wp\/v2\/users\/1"}],"replies":[{"embeddable":true,"href":"https:\/\/plumeseconomiques.com\/fr\/wp-json\/wp\/v2\/comments?post=65135"}],"version-history":[{"count":0,"href":"https:\/\/plumeseconomiques.com\/fr\/wp-json\/wp\/v2\/posts\/65135\/revisions"}],"wp:featuredmedia":[{"embeddable":true,"href":"https:\/\/plumeseconomiques.com\/fr\/wp-json\/wp\/v2\/media\/65375"}],"wp:attachment":[{"href":"https:\/\/plumeseconomiques.com\/fr\/wp-json\/wp\/v2\/media?parent=65135"}],"wp:term":[{"taxonomy":"category","embeddable":true,"href":"https:\/\/plumeseconomiques.com\/fr\/wp-json\/wp\/v2\/categories?post=65135"},{"taxonomy":"post_tag","embeddable":true,"href":"https:\/\/plumeseconomiques.com\/fr\/wp-json\/wp\/v2\/tags?post=65135"}],"curies":[{"name":"wp","href":"https:\/\/api.w.org\/{rel}","templated":true}]}}