{"id":64875,"date":"2024-03-01T21:05:02","date_gmt":"2024-03-01T20:05:02","guid":{"rendered":"https:\/\/plumeseconomiques.com\/fr\/?p=64875"},"modified":"2024-03-01T21:12:43","modified_gmt":"2024-03-01T20:12:43","slug":"lentreprise-francaise-edf-enr-simplante-en-tunisie","status":"publish","type":"post","link":"https:\/\/plumeseconomiques.com\/fr\/news\/lentreprise-francaise-edf-enr-simplante-en-tunisie\/","title":{"rendered":"L\u2019entreprise fran\u00e7aise EDF ENR s\u2019implante en Tunisie"},"content":{"rendered":"<p style=\"text-align: justify;\"><span style=\"color: #000000;\"><strong>L\u2019entreprise fran\u00e7aise EDF ENR s\u2019implante en Tunisie<\/strong><\/span><\/p>\n<p style=\"text-align: justify;\"><span style=\"color: #000000;\">EDF ENR continue son expansion internationale avec l\u2019ouverture d\u2019une filiale en Tunisie, inaugur\u00e9e ce jour en pr\u00e9sence de M. Manuel BUFALA, Charg\u00e9 d\u2019Affaires a.i. de l\u2019Ambassade de France en Tunisie, du Directeur G\u00e9n\u00e9ral de l\u2019\u00e9lectricit\u00e9 et de la transition \u00e9nerg\u00e9tique, aupr\u00e8s du Minist\u00e8re de l\u2019Industrie, des Mines et de l\u2019Energie, M. Belhassen CHIBOUB et de Benjamin DECLAS, Pr\u00e9sident Directeur G\u00e9n\u00e9ral d\u2019EDF ENR.<\/span><\/p>\n<p style=\"text-align: justify;\"><span style=\"color: #000000;\">En s\u2019implantant en Tunisie, EDF ENR souhaite accompagner les acteurs \u00e9conomiques tunisiens dans leurs strat\u00e9gies de d\u00e9carbonation.<\/span><\/p>\n<p style=\"text-align: justify;\"><span style=\"color: #000000;\">La filiale mettra son expertise dans le domaine de la production d\u2019\u00e9nergie photovolta\u00efque \u00e0 disposition de ses clients en Tunisie\u00a0via un accompagnement pendant toute la dur\u00e9e des projets : des solutions cl\u00e9 en main, des produits innovants, fiables et performants, un r\u00e9seau de partenaires locaux qualifi\u00e9s et rigoureusement s\u00e9lectionn\u00e9s.<\/span><\/p>\n<p style=\"text-align: justify;\"><span style=\"color: #000000;\">EDF ENR, filiale d\u2019EDF, est une r\u00e9f\u00e9rence dans le domaine des syst\u00e8mes photovolta\u00efques d\u00e9centralis\u00e9s. Avec plus de vingt ans d&rsquo;exp\u00e9rience dans le d\u00e9ploiement de g\u00e9n\u00e9rateurs photovolta\u00efques sur diff\u00e9rents types de structures, que ce soit sur b\u00e2timents, au sol ou en ombri\u00e8re de parking, l&rsquo;entreprise s\u2019est positionn\u00e9e en tant qu&rsquo;acteur majeur dans le domaine de l&rsquo;\u00e9nergie renouvelable. <\/span><\/p>\n<p style=\"text-align: justify;\"><span style=\"color: #000000;\">Elle comptabilise plus de 80 000 installations chez les particuliers et plus de 3 000 r\u00e9alisations chez les professionnels et les collectivit\u00e9s locales. L&rsquo;engagement d&rsquo;EDF ENR se traduit par une volont\u00e9 constante de d\u00e9velopper la production locale d&rsquo;une \u00e9nergie propre, d\u00e9carbon\u00e9e et respectueuse de l&rsquo;environnement.<\/span><\/p>\n<p><strong>Lire aussi:<\/strong><\/p>\n<div class=\"gsc-thumbnail-inside\">\n<div class=\"gs-title\"><a class=\"gs-title\" dir=\"ltr\" href=\"https:\/\/plumeseconomiques.com\/fr\/news\/entreprise-touristique-paiement-echelonne-des-impots-sur-les-benefices\/\" data-cturl=\"https:\/\/www.google.com\/url?client=internal-element-cse&amp;cx=011238217578432545340:5m9aarzzppc&amp;q=https:\/\/plumeseconomiques.com\/fr\/news\/entreprise-touristique-paiement-echelonne-des-impots-sur-les-benefices\/&amp;sa=U&amp;ved=2ahUKEwibyO_c7dOEAxVjU0EAHfBeDkIQFnoECAUQAg&amp;usg=AOvVaw1I0btNZbDOsHgZfoZal56p\" data-ctorig=\"https:\/\/plumeseconomiques.com\/fr\/news\/entreprise-touristique-paiement-echelonne-des-impots-sur-les-benefices\/\"><b>Entreprise<\/b> touristique : paiement \u00e9chelonne des imp\u00f4ts sur les &#8230;<\/a><\/div>\n<\/div>\n<div class=\"gsc-thumbnail-inside\">\n<div class=\"gs-title\"><a class=\"gs-title\" dir=\"ltr\" href=\"https:\/\/plumeseconomiques.com\/fr\/communique\/le-nouveau-label-entreprise-formatrice-garant-dun-partenaire-de-qualite-et-responsable-dans-le-dispositif-de-la-formation-professionnelle-initiale\/\" data-cturl=\"https:\/\/www.google.com\/url?client=internal-element-cse&amp;cx=011238217578432545340:5m9aarzzppc&amp;q=https:\/\/plumeseconomiques.com\/fr\/communique\/le-nouveau-label-entreprise-formatrice-garant-dun-partenaire-de-qualite-et-responsable-dans-le-dispositif-de-la-formation-professionnelle-initiale\/&amp;sa=U&amp;ved=2ahUKEwibyO_c7dOEAxVjU0EAHfBeDkIQFnoECAkQAg&amp;usg=AOvVaw0JeD2hFW1HP_kDHXKcxiy4\" data-ctorig=\"https:\/\/plumeseconomiques.com\/fr\/communique\/le-nouveau-label-entreprise-formatrice-garant-dun-partenaire-de-qualite-et-responsable-dans-le-dispositif-de-la-formation-professionnelle-initiale\/\">Le nouveau label \u00ab<b>Entreprise<\/b> Formatrice \u00bb, garant d&rsquo;un partenaire &#8230;<\/a><\/div>\n<\/div>\n<div class=\"gsc-thumbnail-inside\">\n<div class=\"gs-title\"><a class=\"gs-title\" dir=\"ltr\" href=\"https:\/\/plumeseconomiques.com\/fr\/finance\/investia-entreprise-vient-au-secours-des-pme-en-mal-de-liquidite\/\" data-cturl=\"https:\/\/www.google.com\/url?client=internal-element-cse&amp;cx=011238217578432545340:5m9aarzzppc&amp;q=https:\/\/plumeseconomiques.com\/fr\/finance\/investia-entreprise-vient-au-secours-des-pme-en-mal-de-liquidite\/&amp;sa=U&amp;ved=2ahUKEwibyO_c7dOEAxVjU0EAHfBeDkIQFnoECAIQAg&amp;usg=AOvVaw0CEoodcu4fVgS5ubu9jb_S\" data-ctorig=\"https:\/\/plumeseconomiques.com\/fr\/finance\/investia-entreprise-vient-au-secours-des-pme-en-mal-de-liquidite\/\">Investia <b>Entreprise<\/b> vient au secours des PME en mal de liquidit\u00e9 &#8230;<\/a><\/div>\n<\/div>\n","protected":false},"excerpt":{"rendered":"<p>EDF ENR continue son expansion internationale avec l\u2019ouverture d\u2019une filiale en Tunisie, inaugur\u00e9e ce jour en pr\u00e9sence de M. Manuel BUFALA, Charg\u00e9 d\u2019Affaires a.i. de l\u2019Ambassade de France en Tunisie, du Directeur G\u00e9n\u00e9ral de l\u2019\u00e9lectricit\u00e9 et de la transition \u00e9nerg\u00e9tique, aupr\u00e8s du Minist\u00e8re de l\u2019Industrie, des Mines et de l\u2019Energie, M. Belhassen CHIBOUB et de Benjamin DECLAS, Pr\u00e9sident Directeur G\u00e9n\u00e9ral d\u2019EDF ENR.<\/p>\n","protected":false},"author":1,"featured_media":64876,"comment_status":"open","ping_status":"open","sticky":false,"template":"","format":"standard","meta":{"_seopress_robots_primary_cat":"","_seopress_titles_title":"","_seopress_titles_desc":"","_seopress_robots_index":"","footnotes":""},"categories":[61],"tags":[6170,6169,21],"class_list":{"0":"post-64875","1":"post","2":"type-post","3":"status-publish","4":"format-standard","5":"has-post-thumbnail","7":"category-news","8":"tag-edf-enr","9":"tag-entreprise-francaise","10":"tag-tunisie"},"_links":{"self":[{"href":"https:\/\/plumeseconomiques.com\/fr\/wp-json\/wp\/v2\/posts\/64875","targetHints":{"allow":["GET"]}}],"collection":[{"href":"https:\/\/plumeseconomiques.com\/fr\/wp-json\/wp\/v2\/posts"}],"about":[{"href":"https:\/\/plumeseconomiques.com\/fr\/wp-json\/wp\/v2\/types\/post"}],"author":[{"embeddable":true,"href":"https:\/\/plumeseconomiques.com\/fr\/wp-json\/wp\/v2\/users\/1"}],"replies":[{"embeddable":true,"href":"https:\/\/plumeseconomiques.com\/fr\/wp-json\/wp\/v2\/comments?post=64875"}],"version-history":[{"count":0,"href":"https:\/\/plumeseconomiques.com\/fr\/wp-json\/wp\/v2\/posts\/64875\/revisions"}],"wp:featuredmedia":[{"embeddable":true,"href":"https:\/\/plumeseconomiques.com\/fr\/wp-json\/wp\/v2\/media\/64876"}],"wp:attachment":[{"href":"https:\/\/plumeseconomiques.com\/fr\/wp-json\/wp\/v2\/media?parent=64875"}],"wp:term":[{"taxonomy":"category","embeddable":true,"href":"https:\/\/plumeseconomiques.com\/fr\/wp-json\/wp\/v2\/categories?post=64875"},{"taxonomy":"post_tag","embeddable":true,"href":"https:\/\/plumeseconomiques.com\/fr\/wp-json\/wp\/v2\/tags?post=64875"}],"curies":[{"name":"wp","href":"https:\/\/api.w.org\/{rel}","templated":true}]}}