{"id":64408,"date":"2024-01-17T21:28:03","date_gmt":"2024-01-17T20:28:03","guid":{"rendered":"https:\/\/plumeseconomiques.com\/fr\/?p=64408"},"modified":"2024-01-17T21:28:03","modified_gmt":"2024-01-17T20:28:03","slug":"dorsaf-bejaoui-a-la-tete-de-sofrecom-tunisie","status":"publish","type":"post","link":"https:\/\/plumeseconomiques.com\/fr\/news\/dorsaf-bejaoui-a-la-tete-de-sofrecom-tunisie\/","title":{"rendered":"Dorsaf Bejaoui : \u00e0 la t\u00eate de Sofrecom Tunisie"},"content":{"rendered":"<p style=\"text-align: justify;\"><strong><span style=\"color: #000000;\">Dorsaf Bejaoui : \u00e0 la t\u00eate de Sofrecom Tunisie<\/span><\/strong><\/p>\n<p style=\"text-align: justify;\"><span style=\"color: #000000;\">Nomination r\u00e9cente de Dorsaf Bejaoui \u00e0 la t\u00eate de Sofrecom Tunisie, un acteur majeur du secteur. Cette figure \u00e9minente a pris le r\u00f4le de directrice g\u00e9n\u00e9rale en janvier 2024, apr\u00e8s avoir occup\u00e9 le poste par int\u00e9rim depuis septembre 2023.<\/span><\/p>\n<p style=\"text-align: justify;\"><span style=\"color: #000000;\">Dipl\u00f4m\u00e9e de l\u2019\u00c9cole nationale d\u2019ing\u00e9nieurs de Tunis, Bejaoui apporte \u00e0 sa nouvelle fonction une carri\u00e8re exceptionnelle de plus de 25 ans, marqu\u00e9e par son leadership dans d\u2019importantes entreprises multinationales \u0153uvrant dans des domaines vari\u00e9s tels que les t\u00e9l\u00e9communications, l\u2019\u00e9dition logicielle, la distribution et l\u2019industrie.<\/span><\/p>\n<p style=\"text-align: justify;\"><span style=\"color: #000000;\">Au cours de son parcours, elle a exerc\u00e9 des responsabilit\u00e9s cl\u00e9s, notamment en tant que directrice de programmes des solutions de gestion de r\u00e9seaux chez Alcatel-Lucent. Elle a \u00e9galement dirig\u00e9 le Centre de ressources partag\u00e9es EMEA pour l\u2019avant-vente, d\u00e9montrant son expertise dans la gestion et la mise en \u0153uvre de solutions technologiques complexes.<\/span><\/p>\n<p style=\"text-align: justify;\"><span style=\"color: #000000;\">Sa contribution significative s\u2019\u00e9tend au-del\u00e0 des t\u00e9l\u00e9communications. Elle a dirig\u00e9 des projets de transformation organisationnelle et op\u00e9rationnelle chez des g\u00e9ants tels que D\u00e9lice-Danone et Monoprix en Tunisie, illustrant sa capacit\u00e9 \u00e0 exceller dans des contextes diversifi\u00e9s.<\/span><\/p>\n<p style=\"text-align: justify;\"><span style=\"color: #000000;\">Bejaoui a \u00e9galement jou\u00e9 un r\u00f4le essentiel dans la transformation des ressources humaines en tant que directrice centrale de la transformation RH chez Tunisie Telecom, montrant son engagement envers le d\u00e9veloppement professionnel et le bien-\u00eatre des employ\u00e9s.<\/span><\/p>\n<p style=\"text-align: justify;\"><span style=\"color: #000000;\">Son affiliation ant\u00e9rieure en tant que directrice des ressources humaines de Sofrecom Tunisie et Alg\u00e9rie a \u00e9galement contribu\u00e9 \u00e0 sa compr\u00e9hension approfondie des dynamiques internes de l\u2019entreprise, positionnant ainsi Bejaoui comme la candidate id\u00e9ale pour mener Sofrecom Tunisie vers de nouveaux sommets.<\/span><\/p>\n<p style=\"text-align: justify;\"><span style=\"color: #000000;\">En plus de ses comp\u00e9tences en leadership, Dorsaf Bejaoui a \u00e9t\u00e9 un catalyseur de la croissance au sein du groupe Sofrecom, contribuant activement au d\u00e9veloppement d\u2019outils de r\u00e9silience organisationnelle.<\/span><\/p>\n<p><strong>Lire aussi:<\/strong><\/p>\n<div class=\"gsc-thumbnail-inside\">\n<div class=\"gs-title\"><a class=\"gs-title\" dir=\"ltr\" href=\"https:\/\/plumeseconomiques.com\/fr\/news\/servicom-nomination-dun-sequestre-judiciaire\/\" data-cturl=\"https:\/\/www.google.com\/url?client=internal-element-cse&amp;cx=011238217578432545340:5m9aarzzppc&amp;q=https:\/\/plumeseconomiques.com\/fr\/news\/servicom-nomination-dun-sequestre-judiciaire\/&amp;sa=U&amp;ved=2ahUKEwj22aGgoOWDAxXnGxAIHaclCtEQFnoECAAQAg&amp;usg=AOvVaw09h3OxMoqdH1Z_scbZMI7o\" data-ctorig=\"https:\/\/plumeseconomiques.com\/fr\/news\/servicom-nomination-dun-sequestre-judiciaire\/\">SERVICOM \u2013 <b>Nomination<\/b> d&rsquo;un s\u00e9questre judiciaire \u2013 Plumes &#8230;<\/a><\/div>\n<\/div>\n<div class=\"gsc-thumbnail-inside\">\n<div class=\"gs-title\"><a class=\"gs-title\" dir=\"ltr\" href=\"https:\/\/plumeseconomiques.com\/fr\/news\/nomination-de-lassaad-ben-dhiab-a-la-tete-de-tunisie-telecom\/\" data-cturl=\"https:\/\/www.google.com\/url?client=internal-element-cse&amp;cx=011238217578432545340:5m9aarzzppc&amp;q=https:\/\/plumeseconomiques.com\/fr\/news\/nomination-de-lassaad-ben-dhiab-a-la-tete-de-tunisie-telecom\/&amp;sa=U&amp;ved=2ahUKEwj22aGgoOWDAxXnGxAIHaclCtEQFnoECAkQAg&amp;usg=AOvVaw1uf-OZ2BhNG6uN4iNfKu0C\" data-ctorig=\"https:\/\/plumeseconomiques.com\/fr\/news\/nomination-de-lassaad-ben-dhiab-a-la-tete-de-tunisie-telecom\/\"><b>Nomination<\/b> de Lassa\u00e2d Ben Dhiab \u00e0 la t\u00eate de Tunisie Telecom &#8230;<\/a><\/div>\n<\/div>\n<div class=\"gsc-thumbnail-inside\">\n<div class=\"gs-title\"><a class=\"gs-title\" dir=\"ltr\" href=\"https:\/\/plumeseconomiques.com\/fr\/eco-sport\/actualite-sportive\/qnb-annonce-la-nomination-de-neymar-jr-ambassadeur-mondial-de-la-marque-du-groupe-qnb\/\" data-cturl=\"https:\/\/www.google.com\/url?client=internal-element-cse&amp;cx=011238217578432545340:5m9aarzzppc&amp;q=https:\/\/plumeseconomiques.com\/fr\/eco-sport\/actualite-sportive\/qnb-annonce-la-nomination-de-neymar-jr-ambassadeur-mondial-de-la-marque-du-groupe-qnb\/&amp;sa=U&amp;ved=2ahUKEwj22aGgoOWDAxXnGxAIHaclCtEQFnoECAUQAg&amp;usg=AOvVaw0Oj0hpN88HGzNcvZ3Tgb5N\" data-ctorig=\"https:\/\/plumeseconomiques.com\/fr\/eco-sport\/actualite-sportive\/qnb-annonce-la-nomination-de-neymar-jr-ambassadeur-mondial-de-la-marque-du-groupe-qnb\/\">QNB annonce la <b>nomination<\/b> de Neymar Jr ambassadeur mondial &#8230;<\/a><\/div>\n<\/div>\n","protected":false},"excerpt":{"rendered":"<p>Nomination r\u00e9cente de Dorsaf Bejaoui \u00e0 la t\u00eate de Sofrecom Tunisie, un acteur majeur du secteur. Cette figure \u00e9minente a pris le r\u00f4le de directrice g\u00e9n\u00e9rale en janvier 2024, apr\u00e8s avoir occup\u00e9 le poste par int\u00e9rim depuis septembre 2023.<\/p>\n","protected":false},"author":1,"featured_media":64409,"comment_status":"open","ping_status":"open","sticky":false,"template":"","format":"standard","meta":{"_seopress_robots_primary_cat":"","_seopress_titles_title":"","_seopress_titles_desc":"","_seopress_robots_index":"","footnotes":""},"categories":[85,61],"tags":[6079,4670],"class_list":{"0":"post-64408","1":"post","2":"type-post","3":"status-publish","4":"format-standard","5":"has-post-thumbnail","7":"category-eco-women","8":"category-news","9":"tag-dorsaf-bejaoui","10":"tag-sofrecom-tunisie"},"_links":{"self":[{"href":"https:\/\/plumeseconomiques.com\/fr\/wp-json\/wp\/v2\/posts\/64408","targetHints":{"allow":["GET"]}}],"collection":[{"href":"https:\/\/plumeseconomiques.com\/fr\/wp-json\/wp\/v2\/posts"}],"about":[{"href":"https:\/\/plumeseconomiques.com\/fr\/wp-json\/wp\/v2\/types\/post"}],"author":[{"embeddable":true,"href":"https:\/\/plumeseconomiques.com\/fr\/wp-json\/wp\/v2\/users\/1"}],"replies":[{"embeddable":true,"href":"https:\/\/plumeseconomiques.com\/fr\/wp-json\/wp\/v2\/comments?post=64408"}],"version-history":[{"count":0,"href":"https:\/\/plumeseconomiques.com\/fr\/wp-json\/wp\/v2\/posts\/64408\/revisions"}],"wp:featuredmedia":[{"embeddable":true,"href":"https:\/\/plumeseconomiques.com\/fr\/wp-json\/wp\/v2\/media\/64409"}],"wp:attachment":[{"href":"https:\/\/plumeseconomiques.com\/fr\/wp-json\/wp\/v2\/media?parent=64408"}],"wp:term":[{"taxonomy":"category","embeddable":true,"href":"https:\/\/plumeseconomiques.com\/fr\/wp-json\/wp\/v2\/categories?post=64408"},{"taxonomy":"post_tag","embeddable":true,"href":"https:\/\/plumeseconomiques.com\/fr\/wp-json\/wp\/v2\/tags?post=64408"}],"curies":[{"name":"wp","href":"https:\/\/api.w.org\/{rel}","templated":true}]}}