{"id":63757,"date":"2023-11-30T01:17:19","date_gmt":"2023-11-30T00:17:19","guid":{"rendered":"https:\/\/plumeseconomiques.com\/fr\/?p=63757"},"modified":"2023-11-30T01:25:30","modified_gmt":"2023-11-30T00:25:30","slug":"pluxee-remplace-officiellement-sodexo-en-tunisie","status":"publish","type":"post","link":"https:\/\/plumeseconomiques.com\/fr\/news\/pluxee-remplace-officiellement-sodexo-en-tunisie\/","title":{"rendered":"PLUXEE remplace officiellement Sodexo en Tunisie"},"content":{"rendered":"<p style=\"text-align: justify;\"><strong><span style=\"color: #000000;\">PLUXEE remplace officiellement Sodexo en Tunisie<\/span><\/strong><\/p>\n<p style=\"text-align: justify;\"><span style=\"color: #000000;\">Le 28 novembre 2023, lors d\u2019une conf\u00e9rence de presse \u00e0 Tunis, PLUXEE ( EX Sodexo) le sp\u00e9cialiste des avantages et r\u00e9compenses des collaborateurs, a annonc\u00e9 changement de nom et de strat\u00e9gie dans 31 pays, dont la Tunisie.<\/span><\/p>\n<p style=\"text-align: justify;\"><span style=\"color: #000000;\"><img loading=\"lazy\" decoding=\"async\" class=\"size-full wp-image-63766 aligncenter\" src=\"https:\/\/www.plumeseconomiques.com\/fr\/wp-content\/uploads\/2023\/11\/Pluxee3.jpg\" alt=\"Pluxee conference\" width=\"840\" height=\"451\" srcset=\"https:\/\/www.plumeseconomiques.com\/fr\/wp-content\/uploads\/2023\/11\/Pluxee3.jpg 840w, https:\/\/www.plumeseconomiques.com\/fr\/wp-content\/uploads\/2023\/11\/Pluxee3-300x161.jpg 300w, https:\/\/www.plumeseconomiques.com\/fr\/wp-content\/uploads\/2023\/11\/Pluxee3-768x412.jpg 768w\" sizes=\"auto, (max-width: 840px) 100vw, 840px\" \/><\/span><\/p>\n<p style=\"text-align: justify;\"><span style=\"color: #000000;\">Le nom de Sodexo, grav\u00e9 dans la m\u00e9moire des tunisiens depuis 25 ans d\u00e9j\u00e0 (1998) vient de changer le nom est certainement bien plus que \u00e7a\u00a0!<\/span><\/p>\n<p style=\"text-align: justify;\"><span style=\"color: #000000;\">Cette nouvelle identit\u00e9, sera cot\u00e9e sur la bourse de Paris sous son nouveau nom \u00e0 partir de f\u00e9vrier 2024.<\/span><\/p>\n<p style=\"text-align: justify;\"><span style=\"color: #000000;\">L\u2019objectif de ce changement de marque est triple\u00a0 est de \u00ab\u00a0mieux accompagner les entreprises face aux \u00e9volutions du monde du travail et aux attentes individuelles de bien-\u00eatre et d\u2019\u00e9panouissement ; \u00e0 soutenir une trajectoire de croissance, en cr\u00e9ant plus de valeur pour toutes les parties-prenantes\u00a0\u00bb.<\/span><\/p>\n<blockquote>\n<p style=\"text-align: center;\"><span style=\"color: #000000;\"><img loading=\"lazy\" decoding=\"async\" class=\"alignnone size-full wp-image-63765\" src=\"https:\/\/www.plumeseconomiques.com\/fr\/wp-content\/uploads\/2023\/11\/PDG-pluxee.jpg\" alt=\"PDG Pluxee\" width=\"700\" height=\"411\" srcset=\"https:\/\/www.plumeseconomiques.com\/fr\/wp-content\/uploads\/2023\/11\/PDG-pluxee.jpg 700w, https:\/\/www.plumeseconomiques.com\/fr\/wp-content\/uploads\/2023\/11\/PDG-pluxee-300x176.jpg 300w, https:\/\/www.plumeseconomiques.com\/fr\/wp-content\/uploads\/2023\/11\/PDG-pluxee-357x210.jpg 357w\" sizes=\"auto, (max-width: 700px) 100vw, 700px\" \/><\/span><\/p>\n<p style=\"text-align: center;\"><span style=\"color: #000000;\"><span style=\"color: #0000ff;\">\u2018\u2019Le changement de nom \u00e9tait une d\u00e9cision strat\u00e9gique qui vise \u00e0 mieux refl\u00e9ter l\u2019engagement de l\u2019entreprise \u00e0 offrir des exp\u00e9riences plus personnalis\u00e9es et plus enrichissantes \u00e0 ses clients et consommateurs\u2019\u2019 d\u00e9clare M. Slim Ben Ammar, directeur g\u00e9n\u00e9ral de Pluxee en Tunisie, <\/span><\/span><br \/>\n<span style=\"color: #0000ff;\">\u00ab\u00a0Pluxee est un nom qui \u00e9voque la joie et l\u2019opportunit\u00e9\u00a0\u00bb, \u00ab\u00a0Il repr\u00e9sente notre volont\u00e9 de cr\u00e9er des moments heureux pour nos clients et consommateurs, en leur offrant des avantages et r\u00e9compenses qui leur correspondent vraiment.\u00a0\u00bb<\/span><\/p>\n<\/blockquote>\n<p style=\"text-align: justify;\"><span style=\"color: #000000;\"><strong>Les Axes Strat\u00e9giques de Pluxee\u00a0:<\/strong><strong> proximit\u00e9, innovation et responsabilit\u00e9<\/strong><\/span><\/p>\n<p style=\"text-align: justify;\"><span style=\"color: #000000;\"><strong>\u00a0La proximit\u00e9<\/strong>\u00a0: Pluxee vise \u00e0 renforcer ses relations avec ses clients et consommateurs, en leur offrant des services et des offres personnalis\u00e9s.<\/span><\/p>\n<p style=\"text-align: justify;\"><span style=\"color: #000000;\"><strong>L\u2019innovation<\/strong>\u00a0: Les clients de Pluxee auront des solutions innovantes qui r\u00e9pondent \u00e0 leurs besoins d\u2019avantage.<\/span><\/p>\n<p style=\"text-align: justify;\"><span style=\"color: #000000;\"><strong>La responsabilit\u00e9<\/strong>\u00a0: Pluxee une entreprise responsable agissant de mani\u00e8re durable et inclusive sera l\u2019engagement de l\u2019entreprise envers ses clients et consommateurs.<\/span><\/p>\n<p style=\"text-align: justify;\"><span style=\"color: #000000;\"><br \/>\n<img loading=\"lazy\" decoding=\"async\" class=\"size-full wp-image-63762 aligncenter\" src=\"https:\/\/www.plumeseconomiques.com\/fr\/wp-content\/uploads\/2023\/11\/pluxee-1.jpg\" alt=\"PDG Pluxee\" width=\"700\" height=\"406\" srcset=\"https:\/\/www.plumeseconomiques.com\/fr\/wp-content\/uploads\/2023\/11\/pluxee-1.jpg 700w, https:\/\/www.plumeseconomiques.com\/fr\/wp-content\/uploads\/2023\/11\/pluxee-1-300x174.jpg 300w\" sizes=\"auto, (max-width: 700px) 100vw, 700px\" \/><\/span><span style=\"color: #000000;\">Le changement de nom, \u2018\u2019Pluxee\u2019\u2019 englobe une panoplie de services aux entreprises et aux particuliers dans 31 pays. Ces services comprennent des cartes pr\u00e9pay\u00e9es, des programmes de fid\u00e9lisation, des solutions de paiement mobile et des programmes de bien-\u00eatre.<\/span><\/p>\n<p style=\"text-align: justify;\"><img loading=\"lazy\" decoding=\"async\" class=\"size-full wp-image-63759 aligncenter\" src=\"https:\/\/www.plumeseconomiques.com\/fr\/wp-content\/uploads\/2023\/11\/Carte-Pluxee.jpg\" alt=\"Carte Pluxee\" width=\"700\" height=\"471\" srcset=\"https:\/\/www.plumeseconomiques.com\/fr\/wp-content\/uploads\/2023\/11\/Carte-Pluxee.jpg 700w, https:\/\/www.plumeseconomiques.com\/fr\/wp-content\/uploads\/2023\/11\/Carte-Pluxee-300x202.jpg 300w\" sizes=\"auto, (max-width: 700px) 100vw, 700px\" \/><\/p>\n<p style=\"text-align: justify;\"><span style=\"color: #000000;\">\u00c9galement en Tunisie, Pluxee propose notamment des cartes repas, des cartes cadeaux, des cartes d\u2019habillement et des programmes de cashback. L\u2019entreprise travaille \u00e9galement sur le d\u00e9veloppement de nouvelles offres, notamment des programmes de bien-\u00eatre et de durabilit\u00e9.<\/span><\/p>\n<blockquote><p><span style=\"color: #0000ff;\"><img loading=\"lazy\" decoding=\"async\" class=\"alignnone size-full wp-image-63763 aligncenter\" src=\"https:\/\/www.plumeseconomiques.com\/fr\/wp-content\/uploads\/2023\/11\/Pluxee-2.jpg\" alt=\"pluxee \" width=\"700\" height=\"428\" srcset=\"https:\/\/www.plumeseconomiques.com\/fr\/wp-content\/uploads\/2023\/11\/Pluxee-2.jpg 700w, https:\/\/www.plumeseconomiques.com\/fr\/wp-content\/uploads\/2023\/11\/Pluxee-2-300x183.jpg 300w\" sizes=\"auto, (max-width: 700px) 100vw, 700px\" \/>\u00ab\u00a0Ce projet propose des conseils et des outils pour aider les gens \u00e0 manger plus sainement, \u00e0 faire de l\u2019exercice et \u00e0 r\u00e9duire leur stress\u00a0\u00bb, a d\u00e9clar\u00e9 Mme Hazar Chebbi directrice marketing de Pluxee en Tunisie. \u00ab\u00a0Nous pensons que tout le monde a le droit de vivre bien, et nous sommes l\u00e0 pour aider les gens \u00e0 atteindre leurs objectifs de sant\u00e9.\u00a0\u00bb<\/span><\/p><\/blockquote>\n<p><img loading=\"lazy\" decoding=\"async\" class=\"alignnone size-full wp-image-63764 aligncenter\" src=\"https:\/\/www.plumeseconomiques.com\/fr\/wp-content\/uploads\/2023\/11\/sodexo-pluxee2.jpg\" alt=\"pluxee sodexo\" width=\"700\" height=\"350\" srcset=\"https:\/\/www.plumeseconomiques.com\/fr\/wp-content\/uploads\/2023\/11\/sodexo-pluxee2.jpg 700w, https:\/\/www.plumeseconomiques.com\/fr\/wp-content\/uploads\/2023\/11\/sodexo-pluxee2-300x150.jpg 300w\" sizes=\"auto, (max-width: 700px) 100vw, 700px\" \/><\/p>\n<p style=\"text-align: justify;\"><span style=\"color: #000000;\">Avec son changement de nom et sa nouvelle strat\u00e9gie, Pluxee affirme sa volont\u00e9 de devenir un leader mondial des avantages et r\u00e9compenses des collaborateurs. L\u2019entreprise compte poursuivre son d\u00e9veloppement dans 31 pays et dans le monde entier, en proposant des offres innovantes et responsables qui r\u00e9pondent aux besoins des clients et consommateurs.<\/span><\/p>\n<p style=\"text-align: justify;\"><span style=\"color: #000000;\"><strong><img loading=\"lazy\" decoding=\"async\" class=\"size-full wp-image-63760 aligncenter\" src=\"https:\/\/www.plumeseconomiques.com\/fr\/wp-content\/uploads\/2023\/11\/Pluxee-conference.jpg\" alt=\"Conference Pluxee\" width=\"700\" height=\"410\" srcset=\"https:\/\/www.plumeseconomiques.com\/fr\/wp-content\/uploads\/2023\/11\/Pluxee-conference.jpg 700w, https:\/\/www.plumeseconomiques.com\/fr\/wp-content\/uploads\/2023\/11\/Pluxee-conference-300x176.jpg 300w, https:\/\/www.plumeseconomiques.com\/fr\/wp-content\/uploads\/2023\/11\/Pluxee-conference-357x210.jpg 357w\" sizes=\"auto, (max-width: 700px) 100vw, 700px\" \/><\/strong><\/span><\/p>\n<p style=\"text-align: justify;\"><span style=\"color: #000000;\"><strong>Les produits Pluxee arrivent ! Disponibles \u00e0 partir du 5 d\u00e9cembre. Pour les commandes avant le 5 d\u00e9cembre :Elles arriveront sous la marque de \u00ab\u00a0Sodexo\u00a0\u00bb.<\/strong><\/span><\/p>\n<p style=\"text-align: justify;\"><strong><img loading=\"lazy\" decoding=\"async\" class=\"size-full wp-image-63761 aligncenter\" src=\"https:\/\/www.plumeseconomiques.com\/fr\/wp-content\/uploads\/2023\/11\/sodexo-pluxee.jpg\" alt=\"Pluxee Groupe\" width=\"700\" height=\"350\" srcset=\"https:\/\/www.plumeseconomiques.com\/fr\/wp-content\/uploads\/2023\/11\/sodexo-pluxee.jpg 700w, https:\/\/www.plumeseconomiques.com\/fr\/wp-content\/uploads\/2023\/11\/sodexo-pluxee-300x150.jpg 300w\" sizes=\"auto, (max-width: 700px) 100vw, 700px\" \/>Lire aussi:<\/strong><\/p>\n<div class=\"gsc-thumbnail-inside\">\n<div class=\"gs-title\"><a class=\"gs-title\" dir=\"ltr\" href=\"https:\/\/plumeseconomiques.com\/fr\/actualites-feminin\/Le-Salon-de-l-emploi-FACE-a-FACE-300-femmes-a-la-recherche-d-emploi-et-une-quarantaine-d-entreprises\/\" data-cturl=\"https:\/\/www.google.com\/url?client=internal-element-cse&amp;cx=011238217578432545340:5m9aarzzppc&amp;q=https:\/\/plumeseconomiques.com\/fr\/actualites-feminin\/Le-Salon-de-l-emploi-FACE-a-FACE-300-femmes-a-la-recherche-d-emploi-et-une-quarantaine-d-entreprises\/&amp;sa=U&amp;ved=2ahUKEwjFoMWctOqCAxWG_bsIHf26AYQQFnoECAIQAg&amp;usg=AOvVaw3X2SMZ1iU2fD_riuqbyBQV\" data-ctorig=\"https:\/\/plumeseconomiques.com\/fr\/actualites-feminin\/Le-Salon-de-l-emploi-FACE-a-FACE-300-femmes-a-la-recherche-d-emploi-et-une-quarantaine-d-entreprises\/\">Le Salon de l&#8217;emploi FACE \u00e0 FACE : 300 femmes \u00e0 la recherche d &#8230;<\/a><\/div>\n<\/div>\n<div class=\"gsc-thumbnail-inside\">\n<div class=\"gs-title\"><a class=\"gs-title\" dir=\"ltr\" href=\"https:\/\/plumeseconomiques.com\/fr\/news\/L-UBCI-Lancement-du-Quizz-_-Apprendre-avec-l-UBCI\/\" data-cturl=\"https:\/\/www.google.com\/url?client=internal-element-cse&amp;cx=011238217578432545340:5m9aarzzppc&amp;q=https:\/\/plumeseconomiques.com\/fr\/news\/L-UBCI-Lancement-du-Quizz-_-Apprendre-avec-l-UBCI\/&amp;sa=U&amp;ved=2ahUKEwjFoMWctOqCAxWG_bsIHf26AYQQFnoECAAQAQ&amp;usg=AOvVaw0QX-bqgFENarz0HQC9EH5e\" data-ctorig=\"https:\/\/plumeseconomiques.com\/fr\/news\/L-UBCI-Lancement-du-Quizz-_-Apprendre-avec-l-UBCI\/\">L&rsquo;UBCI Lancement du Quizz \u00a0\u00bb Apprendre avec l&rsquo;UBCI \u00bb \u2013 Plumes &#8230;<\/a><\/div>\n<\/div>\n<div class=\"gsc-thumbnail-inside\">\n<div class=\"gs-title\"><a class=\"gs-title\" dir=\"ltr\" href=\"https:\/\/plumeseconomiques.com\/fr\/news\/la-smt-developpe-sa-plateforme-pour-les-societes-joker-servimax-et-top-check\/\" data-cturl=\"https:\/\/www.google.com\/url?client=internal-element-cse&amp;cx=011238217578432545340:5m9aarzzppc&amp;q=https:\/\/plumeseconomiques.com\/fr\/news\/la-smt-developpe-sa-plateforme-pour-les-societes-joker-servimax-et-top-check\/&amp;sa=U&amp;ved=2ahUKEwixuYj9s-qCAxVXh_0HHZUMD04QFnoECAAQAg&amp;usg=AOvVaw2T6aiOYbtkRlpxsq1rfNNl\" data-ctorig=\"https:\/\/plumeseconomiques.com\/fr\/news\/la-smt-developpe-sa-plateforme-pour-les-societes-joker-servimax-et-top-check\/\">La SMT d\u00e9veloppe sa plateforme pour les soci\u00e9t\u00e9s Joker, Servimax &#8230;<\/a><\/div>\n<\/div>\n<div class=\"notranslate\" style=\"all: initial;\"><\/div>\n","protected":false},"excerpt":{"rendered":"<p>PLUXEE remplace officiellement Sodexo en Tunisie Le 28 novembre 2023, lors d\u2019une conf\u00e9rence de presse \u00e0 Tunis, PLUXEE ( EX Sodexo) le sp\u00e9cialiste des avantages et r\u00e9compenses des collaborateurs, a annonc\u00e9 changement de nom et de strat\u00e9gie dans 31 pays, dont la Tunisie. Le nom de Sodexo, grav\u00e9 dans la m\u00e9moire des tunisiens depuis 25 [&hellip;]<\/p>\n","protected":false},"author":1,"featured_media":63758,"comment_status":"open","ping_status":"open","sticky":false,"template":"","format":"standard","meta":{"_seopress_robots_primary_cat":"","_seopress_titles_title":"","_seopress_titles_desc":"","_seopress_robots_index":"","footnotes":""},"categories":[61],"tags":[5973,5972],"class_list":{"0":"post-63757","1":"post","2":"type-post","3":"status-publish","4":"format-standard","5":"has-post-thumbnail","7":"category-news","8":"tag-pluxee","9":"tag-sodexo"},"_links":{"self":[{"href":"https:\/\/plumeseconomiques.com\/fr\/wp-json\/wp\/v2\/posts\/63757","targetHints":{"allow":["GET"]}}],"collection":[{"href":"https:\/\/plumeseconomiques.com\/fr\/wp-json\/wp\/v2\/posts"}],"about":[{"href":"https:\/\/plumeseconomiques.com\/fr\/wp-json\/wp\/v2\/types\/post"}],"author":[{"embeddable":true,"href":"https:\/\/plumeseconomiques.com\/fr\/wp-json\/wp\/v2\/users\/1"}],"replies":[{"embeddable":true,"href":"https:\/\/plumeseconomiques.com\/fr\/wp-json\/wp\/v2\/comments?post=63757"}],"version-history":[{"count":0,"href":"https:\/\/plumeseconomiques.com\/fr\/wp-json\/wp\/v2\/posts\/63757\/revisions"}],"wp:featuredmedia":[{"embeddable":true,"href":"https:\/\/plumeseconomiques.com\/fr\/wp-json\/wp\/v2\/media\/63758"}],"wp:attachment":[{"href":"https:\/\/plumeseconomiques.com\/fr\/wp-json\/wp\/v2\/media?parent=63757"}],"wp:term":[{"taxonomy":"category","embeddable":true,"href":"https:\/\/plumeseconomiques.com\/fr\/wp-json\/wp\/v2\/categories?post=63757"},{"taxonomy":"post_tag","embeddable":true,"href":"https:\/\/plumeseconomiques.com\/fr\/wp-json\/wp\/v2\/tags?post=63757"}],"curies":[{"name":"wp","href":"https:\/\/api.w.org\/{rel}","templated":true}]}}