{"id":63629,"date":"2023-11-15T22:58:27","date_gmt":"2023-11-15T21:58:27","guid":{"rendered":"https:\/\/plumeseconomiques.com\/fr\/?p=63629"},"modified":"2023-11-15T22:58:27","modified_gmt":"2023-11-15T21:58:27","slug":"chomage-une-diminution-de-11-au-troisieme-trimestre-2023","status":"publish","type":"post","link":"https:\/\/plumeseconomiques.com\/fr\/magazine\/sous-le-zoom\/chomage-une-diminution-de-11-au-troisieme-trimestre-2023\/","title":{"rendered":"Ch\u00f4mage : une diminution de 1,1% au Troisi\u00e8me trimestre 2023"},"content":{"rendered":"<p style=\"text-align: justify;\"><span style=\"color: #000000;\"><strong>Ch\u00f4mage : une diminution de 1,1% au Troisi\u00e8me trimestre 2023 <\/strong><\/span><\/p>\n<p>&nbsp;<\/p>\n<p style=\"text-align: justify;\"><span style=\"color: #000000;\"><strong>\u00c9volution du nombre d\u2019actifs<\/strong><\/span><\/p>\n<p style=\"text-align: justify;\"><span style=\"color: #000000;\">Au troisi\u00e8me trimestre de 2023 la population active s\u2019inscrit en baisse, s\u2019\u00e9tablissant \u00e0 4032,2 mille individus contre 4096 mille au deuxi\u00e8me trimestre de l\u2019ann\u00e9e en cours, soit une diminution de 63,8 mille individus. <\/span><\/p>\n<p style=\"text-align: justify;\"><span style=\"color: #000000;\">Cette population se r\u00e9partit en 2849,3 mille hommes et 1182,9 femmes, soit respectivement 70,7 % et 29,3 % de l\u2019ensemble de la population active.<\/span><\/p>\n<p style=\"text-align: justify;\"><span style=\"color: #000000;\">Cette baisse de la population active pendant le troisi\u00e8me trimestre de l\u2019ann\u00e9e 2023 correspond \u00e0 une diminution de 1,1 point de pourcentage du taux d\u2019activit\u00e9 qui atteint 45,2 % de la population en \u00e2ge d\u2019activit\u00e9 (\u00e2g\u00e9e de plus de 15 ans) contre 46,3 % le trimestre pr\u00e9c\u00e9dent.<\/span><\/p>\n<p style=\"text-align: justify;\"><span style=\"color: #000000;\"><strong>\u00c9volution du nombre d\u2019actifs occup\u00e9s<\/strong><\/span><\/p>\n<p style=\"text-align: justify;\"><span style=\"color: #000000;\">Le nombre des occup\u00e9s recule \u00e0 3394,1 mille au troisi\u00e8me trimestre de l\u2019ann\u00e9e 2023 contre 3457,9 au trimestre pr\u00e9c\u00e9dent, soit une baisse de 63,8 mille.<\/span><br \/>\n<span style=\"color: #000000;\">Cette population est r\u00e9partie in\u00e9galement entre les deux sexes : 2468,3 mille hommes contre 925,6 mille femmes, soit respectivement 72,7 % et 27,3 % de la population active occup\u00e9e.\u00a0<\/span><\/p>\n<p style=\"text-align: justify;\"><span style=\"color: #000000;\"><strong>R\u00e9partition des occup\u00e9s selon le secteur d\u2019activit\u00e9<\/strong><\/span><\/p>\n<p style=\"text-align: justify;\"><span style=\"color: #000000;\">La r\u00e9partition des occup\u00e9s selon les secteurs d\u2019activit\u00e9s se pr\u00e9sente comme suit : 53 % dans le secteur des services, 20 % dans le secteur des industries manufacturi\u00e8res, 14 % dans le secteur des industries non manufacturi\u00e8res et 13 % dans le secteur de l\u2019agriculture et de la p\u00eache.<\/span><\/p>\n<p style=\"text-align: justify;\"><span style=\"color: #000000;\"><strong>Hausse du taux de ch\u00f4mage qui s\u2019\u00e9tablit \u00e0 15,8 %<\/strong><\/span><\/p>\n<p style=\"text-align: justify;\"><span style=\"color: #000000;\">Le nombre de ch\u00f4meurs s&rsquo;est stabilis\u00e9 au cours du troisi\u00e8me trimestre de l&rsquo;ann\u00e9e 2023, atteignant 638,1 mille. Malgr\u00e9 cette stabilit\u00e9 et en raison de la diminution de la population active, le taux de ch\u00f4mage a augment\u00e9 au cours de ce troisi\u00e8me trimestre pour atteindre 15,8 % (contre 15,6 % au deuxi\u00e8me trimestre de cette ann\u00e9e et 15,3 au troisi\u00e8me trimestre de 2022). Le taux de ch\u00f4mage des hommes a augment\u00e9, passant de 13,2 % au deuxi\u00e8me trimestre \u00e0 13,4 %, tandis que pour les femmes, le taux de ch\u00f4mage a atteint 21,7 % au cours du troisi\u00e8me trimestre de l&rsquo;ann\u00e9e 2023, compar\u00e9 \u00e0 21,1 % au deuxi\u00e8me trimestre.<\/span><\/p>\n<p style=\"text-align: justify;\"><span style=\"color: #000000;\"><strong>Taux de ch\u00f4mage des jeunes 15-24 ans<\/strong><\/span><\/p>\n<p style=\"text-align: justify;\"><span style=\"color: #000000;\">Le taux de ch\u00f4mage des jeunes \u00e2g\u00e9s de 15 \u00e0 24 ans a augment\u00e9 au cours du troisi\u00e8me trimestre de l&rsquo;ann\u00e9e 2023, atteignant 39,1 % (contre 38,1 % au deuxi\u00e8me trimestre de cette ann\u00e9e et 37,8 % au troisi\u00e8me trimestre de 2022). Ce taux est de 39,3 % pour les hommes et 38,6 % pour les femmes de cette tranche d\u2019\u00e2ge au cours du troisi\u00e8me trimestre de l&rsquo;ann\u00e9e 2023.<\/span><\/p>\n<p style=\"text-align: justify;\"><span style=\"color: #000000;\"><strong>Taux de ch\u00f4mage des dipl\u00f4m\u00e9s de l\u2019enseignement sup\u00e9rieur<\/strong><\/span><\/p>\n<p style=\"text-align: justify;\"><span style=\"color: #000000;\">Le taux de ch\u00f4mage des dipl\u00f4m\u00e9s de l\u2019enseignement sup\u00e9rieur augmente pour atteindre 24,6 % au troisi\u00e8me trimestre de l\u2019ann\u00e9e 2023 (contre 23,7 % au deuxi\u00e8me trimestre de cette ann\u00e9e et 24,3 % au troisi\u00e8me trimestre de 2022). Ce taux est de 14,4 % chez les hommes et de 32,9 % chez les femmes de cette cat\u00e9gorie.<\/span><\/p>\n<p><strong>Lire aussi:<\/strong><\/p>\n<div class=\"gsc-thumbnail-inside\">\n<div class=\"gs-title\"><a class=\"gs-title\" dir=\"ltr\" href=\"https:\/\/plumeseconomiques.com\/fr\/magazine\/sous-le-zoom\/emploi-les-industries-manufacturieres-et-les-services-contribuent-avec-92-du-nombre-total-de-lemployabilite-en-2018\/\" data-cturl=\"https:\/\/www.google.com\/url?client=internal-element-cse&amp;cx=011238217578432545340:5m9aarzzppc&amp;q=https:\/\/plumeseconomiques.com\/fr\/magazine\/sous-le-zoom\/emploi-les-industries-manufacturieres-et-les-services-contribuent-avec-92-du-nombre-total-de-lemployabilite-en-2018\/&amp;sa=U&amp;ved=2ahUKEwi92o2V_8aCAxXXWUEAHdGMD90QFnoECAIQAg&amp;usg=AOvVaw29OamtXtnGHcTnFzeTBVUf\" data-ctorig=\"https:\/\/plumeseconomiques.com\/fr\/magazine\/sous-le-zoom\/emploi-les-industries-manufacturieres-et-les-services-contribuent-avec-92-du-nombre-total-de-lemployabilite-en-2018\/\"><b>Emploi<\/b> : les industries manufacturi\u00e8res et les services contribuent &#8230;<\/a><\/div>\n<\/div>\n<div class=\"gsc-thumbnail-inside\">\n<div class=\"gs-title\"><a class=\"gs-title\" dir=\"ltr\" href=\"https:\/\/plumeseconomiques.com\/fr\/Dossier\/la-strategie-nationale-de-lemploi-sera-annoncee-le-30-juin-prochain\/\" data-cturl=\"https:\/\/www.google.com\/url?client=internal-element-cse&amp;cx=011238217578432545340:5m9aarzzppc&amp;q=https:\/\/plumeseconomiques.com\/fr\/Dossier\/la-strategie-nationale-de-lemploi-sera-annoncee-le-30-juin-prochain\/&amp;sa=U&amp;ved=2ahUKEwi92o2V_8aCAxXXWUEAHdGMD90QFnoECAUQAg&amp;usg=AOvVaw0B2uVfq_w8P_jXV_6OqNK9\" data-ctorig=\"https:\/\/plumeseconomiques.com\/fr\/Dossier\/la-strategie-nationale-de-lemploi-sera-annoncee-le-30-juin-prochain\/\">La strat\u00e9gie nationale de l&rsquo;<b>emploi<\/b> sera annonc\u00e9e le 30 juin prochain &#8230;<\/a><\/div>\n<\/div>\n<div class=\"gsc-thumbnail-inside\">\n<div class=\"gs-title\"><a class=\"gs-title\" dir=\"ltr\" href=\"https:\/\/plumeseconomiques.com\/fr\/Dossier\/Le-plan-national-de-l-emploi-au-centre-de-la-reunion-du-conseil-des-ministres\/\" data-cturl=\"https:\/\/www.google.com\/url?client=internal-element-cse&amp;cx=011238217578432545340:5m9aarzzppc&amp;q=https:\/\/plumeseconomiques.com\/fr\/Dossier\/Le-plan-national-de-l-emploi-au-centre-de-la-reunion-du-conseil-des-ministres\/&amp;sa=U&amp;ved=2ahUKEwi92o2V_8aCAxXXWUEAHdGMD90QFnoECAYQAQ&amp;usg=AOvVaw0HirBiKRguX6p2Yqdq-kLl\" data-ctorig=\"https:\/\/plumeseconomiques.com\/fr\/Dossier\/Le-plan-national-de-l-emploi-au-centre-de-la-reunion-du-conseil-des-ministres\/\">Le plan national de l&rsquo;<b>emploi<\/b> au centre de la r\u00e9union du conseil des &#8230;<\/a><\/div>\n<\/div>\n","protected":false},"excerpt":{"rendered":"<p>Ch\u00f4mage : une diminution de 1,1% au Troisi\u00e8me trimestre 2023 &nbsp; \u00c9volution du nombre d\u2019actifs Au troisi\u00e8me trimestre de 2023 la population active s\u2019inscrit en baisse, s\u2019\u00e9tablissant \u00e0 4032,2 mille individus contre 4096 mille au deuxi\u00e8me trimestre de l\u2019ann\u00e9e en cours, soit une diminution de 63,8 mille individus. Cette population se r\u00e9partit en 2849,3 mille [&hellip;]<\/p>\n","protected":false},"author":1,"featured_media":61124,"comment_status":"open","ping_status":"open","sticky":false,"template":"","format":"standard","meta":{"_seopress_robots_primary_cat":"","_seopress_titles_title":"","_seopress_titles_desc":"","_seopress_robots_index":"","footnotes":""},"categories":[74],"tags":[520,385],"class_list":{"0":"post-63629","1":"post","2":"type-post","3":"status-publish","4":"format-standard","5":"has-post-thumbnail","7":"category-sous-le-zoom","8":"tag-chomage","9":"tag-emploi"},"_links":{"self":[{"href":"https:\/\/plumeseconomiques.com\/fr\/wp-json\/wp\/v2\/posts\/63629","targetHints":{"allow":["GET"]}}],"collection":[{"href":"https:\/\/plumeseconomiques.com\/fr\/wp-json\/wp\/v2\/posts"}],"about":[{"href":"https:\/\/plumeseconomiques.com\/fr\/wp-json\/wp\/v2\/types\/post"}],"author":[{"embeddable":true,"href":"https:\/\/plumeseconomiques.com\/fr\/wp-json\/wp\/v2\/users\/1"}],"replies":[{"embeddable":true,"href":"https:\/\/plumeseconomiques.com\/fr\/wp-json\/wp\/v2\/comments?post=63629"}],"version-history":[{"count":0,"href":"https:\/\/plumeseconomiques.com\/fr\/wp-json\/wp\/v2\/posts\/63629\/revisions"}],"wp:featuredmedia":[{"embeddable":true,"href":"https:\/\/plumeseconomiques.com\/fr\/wp-json\/wp\/v2\/media\/61124"}],"wp:attachment":[{"href":"https:\/\/plumeseconomiques.com\/fr\/wp-json\/wp\/v2\/media?parent=63629"}],"wp:term":[{"taxonomy":"category","embeddable":true,"href":"https:\/\/plumeseconomiques.com\/fr\/wp-json\/wp\/v2\/categories?post=63629"},{"taxonomy":"post_tag","embeddable":true,"href":"https:\/\/plumeseconomiques.com\/fr\/wp-json\/wp\/v2\/tags?post=63629"}],"curies":[{"name":"wp","href":"https:\/\/api.w.org\/{rel}","templated":true}]}}