{"id":63458,"date":"2023-10-31T14:45:18","date_gmt":"2023-10-31T13:45:18","guid":{"rendered":"https:\/\/plumeseconomiques.com\/fr\/?p=63458"},"modified":"2023-10-31T14:45:18","modified_gmt":"2023-10-31T13:45:18","slug":"deux-tunisiens-obtiennent-le-prix-2023-de-la-durabilite-mediterraneenne","status":"publish","type":"post","link":"https:\/\/plumeseconomiques.com\/fr\/news\/deux-tunisiens-obtiennent-le-prix-2023-de-la-durabilite-mediterraneenne\/","title":{"rendered":"Deux Tunisiens\u00a0 obtiennent le prix 2023 de la durabilit\u00e9 m\u00e9diterran\u00e9enne"},"content":{"rendered":"<p style=\"text-align: justify;\"><span style=\"color: #000000;\"><strong>Deux Tunisiens\u00a0 obtiennent le prix 2023 de la durabilit\u00e9 m\u00e9diterran\u00e9enne <\/strong><\/span><\/p>\n<p style=\"text-align: justify;\"><span style=\"color: #000000;\">Injaz Tunisie a organis\u00e9, lundi 23 octobre 2023, \u00e0 Tunis le Prix de la durabilit\u00e9 m\u00e9diterran\u00e9enne \u00ab WeMed \u00bb, une initiative visant \u00e0 promouvoir une transition inclusive vers la durabilit\u00e9 en M\u00e9diterran\u00e9e. Cette troisi\u00e8me \u00e9dition a \u00e9t\u00e9 organis\u00e9e en partenariat avec MedWaves, le Centre d&rsquo;Activit\u00e9s R\u00e9gional pour la Consommation et la Production Durables (anciennement SCP\/RAC) du Plan d&rsquo;Action pour la M\u00e9diterran\u00e9e du Programme des Nations Unies pour l&rsquo;Environnement (PNUE\/PAM) et Beyond Group.<\/span><\/p>\n<p style=\"text-align: justify;\"><span style=\"color: #000000;\">Le Prix de la Durabilit\u00e9 M\u00e9diterran\u00e9enne 2023, soutenu par l&rsquo;Union Europ\u00e9enne gr\u00e2ce au projet RESET et au programme SwitchMed, vise \u00e0 r\u00e9compenser les entreprises et les organismes qui s\u2019engagent activement dans la promotion de l&rsquo;\u00e9conomie verte, circulaire et de l&rsquo;entrepreneuriat \u00e9co-innovant dans la r\u00e9gion m\u00e9diterran\u00e9enne.<\/span><\/p>\n<p style=\"text-align: justify;\"><span style=\"color: #000000;\">Les prix qui sont attribu\u00e9s touchent deux cat\u00e9gories : \u00ab Les organismes de soutien aux entreprises (OSE) et \u00ab\u00a0 Entrepreneurs\/Start-ups \u00bb. La laur\u00e9ate de la premi\u00e8re cat\u00e9gorie est Maya Karkour de nationalit\u00e9 libanaise. Elle est fondatrice et sp\u00e9cialiste de l\u2019\u00e9conomie circulaire et environnementale. Elle se focalise sur le soutien aux entreprises vertes, \u00e0 l&rsquo;\u00e9conomie circulaire et \u00e0 l&rsquo;entrepreneuriat \u00e9co-innovant.<\/span><\/p>\n<p style=\"text-align: justify;\"><span style=\"color: #000000;\">Quant \u00e0 la deuxi\u00e8me cat\u00e9gorie, elle a r\u00e9compens\u00e9 quatre entrepreneurs\/start-ups engag\u00e9s dans la promotion de l&rsquo;\u00e9conomie verte, circulaire et de l&rsquo;entrepreneuriat \u00e9co-innovant.\u00a0 Les laur\u00e9ats de cette cat\u00e9gorie sont deux Tunisiens : Mohamed Mekki Maalej (Irwise) et Maher Oudira (Green ALAFCO)\u00a0 et deux \u00e9trangers : Micaela Clubour (DCC Platform) et Alessandro Scuderi (Ohoskin).<\/span><\/p>\n<p style=\"text-align: justify;\"><span style=\"color: #000000;\">Les laur\u00e9ats des deux cat\u00e9gories re\u00e7oivent deux Prix du Nord et deux Prix du Sud, chaque laur\u00e9at re\u00e7oit un prix d&rsquo;une valeur de 9 000 \u20ac,\u00a0 accompagn\u00e9s de services de coaching et d&rsquo;assistance technique externes.<\/span><\/p>\n<p style=\"text-align: justify;\"><span style=\"color: #000000;\">Il est \u00e0 noter que le Prix de la Durabilit\u00e9 M\u00e9diterran\u00e9enne 2023 a pris une place significative au sein du projet RESET (\u00ab\u00a0RESults Enabling Transitions\u00a0\u00bb), financ\u00e9 par l&rsquo;ENI CBC Med et l&rsquo;Initiative SwitchMed. Ce projet visait \u00e0 cartographier, synth\u00e9tiser et int\u00e9grer les r\u00e9alisations en mati\u00e8re de soutien aux entreprises durables, vertes et circulaires dans la r\u00e9gion MED.<\/span><\/p>\n<p style=\"text-align: justify;\"><span style=\"color: #000000;\">L&rsquo;objectif principal de cette \u00e9dition \u00e9tait de capitaliser sur les projets de l&rsquo;UE et de pr\u00e9senter des approches innovantes et efficaces de capitalisation dans le domaine du soutien aux entreprises vertes, contribuant ainsi \u00e0 l&rsquo;\u00e9cosyst\u00e8me plus large de la durabilit\u00e9 en M\u00e9diterran\u00e9e.<\/span><\/p>\n<p style=\"text-align: justify;\"><span style=\"color: #000000;\">La c\u00e9r\u00e9monie de remise des prix a inclus des discours de repr\u00e9sentants du Programme ENI CBC Med, du PNUE\/PAM, de l&rsquo;Initiative INJAZ Tunisie, et de MedWaves.<\/span><\/p>\n<p style=\"text-align: justify;\"><span style=\"color: #000000;\">Des discussions sur les meilleures pratiques en mati\u00e8re de soutien aux entreprises vertes et d&rsquo;\u00e9conomie circulaire, ainsi que des pr\u00e9sentations du projet RESET et du Guide RESET\/Catalogue de pratiques sur l&rsquo;\u00e9conomie circulaire, l&rsquo;acc\u00e8s au financement et l\u2019acc\u00e8s aux r\u00e9seaux, \u00e9taient \u00e9galement au programme.<\/span><\/p>\n<p style=\"text-align: justify;\"><strong>Lire aussi:<\/strong><\/p>\n<div class=\"gsc-thumbnail-inside\">\n<div class=\"gs-title\"><a class=\"gs-title\" dir=\"ltr\" href=\"https:\/\/plumeseconomiques.com\/fr\/news\/sanlucar-remporte-le-prix-hannon-pour-son-investissement-responsable-en-tunisie\/\" data-cturl=\"https:\/\/www.google.com\/url?client=internal-element-cse&amp;cx=011238217578432545340:5m9aarzzppc&amp;q=https:\/\/plumeseconomiques.com\/fr\/news\/sanlucar-remporte-le-prix-hannon-pour-son-investissement-responsable-en-tunisie\/&amp;sa=U&amp;ved=2ahUKEwjy7sHUtaCCAxXfQ6QEHStzDSsQFnoECAQQAg&amp;usg=AOvVaw2HEKwK3Oa54Ke2QxMHc7Xc\" data-ctorig=\"https:\/\/plumeseconomiques.com\/fr\/news\/sanlucar-remporte-le-prix-hannon-pour-son-investissement-responsable-en-tunisie\/\">SANLUCAR remporte le PRIX HANNON pour son <b>investissement<\/b> &#8230;<\/a><\/div>\n<\/div>\n<div class=\"gsc-thumbnail-inside\">\n<div class=\"gs-title\"><a class=\"gs-title\" dir=\"ltr\" href=\"https:\/\/plumeseconomiques.com\/fr\/magazine\/sous-le-zoom\/prospection-des-opportunites-dinvestissement-entre-la-tunisie-et-le-koweit\/\" data-cturl=\"https:\/\/www.google.com\/url?client=internal-element-cse&amp;cx=011238217578432545340:5m9aarzzppc&amp;q=https:\/\/plumeseconomiques.com\/fr\/magazine\/sous-le-zoom\/prospection-des-opportunites-dinvestissement-entre-la-tunisie-et-le-koweit\/&amp;sa=U&amp;ved=2ahUKEwjy7sHUtaCCAxXfQ6QEHStzDSsQFnoECAYQAg&amp;usg=AOvVaw0-BIKKzzSAJpT3AxOaO686\" data-ctorig=\"https:\/\/plumeseconomiques.com\/fr\/magazine\/sous-le-zoom\/prospection-des-opportunites-dinvestissement-entre-la-tunisie-et-le-koweit\/\">Prospection des opportunit\u00e9s d&rsquo;<b>investissement<\/b> entre la Tunisie et le &#8230;<\/a><\/div>\n<\/div>\n<div class=\"gsc-thumbnail-inside\">\n<div class=\"gs-title\"><a class=\"gs-title\" dir=\"ltr\" href=\"https:\/\/plumeseconomiques.com\/fr\/magazine\/sous-le-zoom\/le-maroc-classe-premiere-destination-d-investissement-d-afrique-en-2017-2\/\" data-cturl=\"https:\/\/www.google.com\/url?client=internal-element-cse&amp;cx=011238217578432545340:5m9aarzzppc&amp;q=https:\/\/plumeseconomiques.com\/fr\/magazine\/sous-le-zoom\/le-maroc-classe-premiere-destination-d-investissement-d-afrique-en-2017-2\/&amp;sa=U&amp;ved=2ahUKEwjy7sHUtaCCAxXfQ6QEHStzDSsQFnoECAAQAQ&amp;usg=AOvVaw27YO97SzxBrs4YiZ8adXmC\" data-ctorig=\"https:\/\/plumeseconomiques.com\/fr\/magazine\/sous-le-zoom\/le-maroc-classe-premiere-destination-d-investissement-d-afrique-en-2017-2\/\">Le Maroc class\u00e9 premi\u00e8re destination d&rsquo;<b>investissement<\/b> d&rsquo;Afrique en &#8230;<\/a><\/div>\n<\/div>\n","protected":false},"excerpt":{"rendered":"<p>Deux Tunisiens\u00a0 obtiennent le prix 2023 de la durabilit\u00e9 m\u00e9diterran\u00e9enne Injaz Tunisie a organis\u00e9, lundi 23 octobre 2023, \u00e0 Tunis le Prix de la durabilit\u00e9 m\u00e9diterran\u00e9enne \u00ab WeMed \u00bb, une initiative visant \u00e0 promouvoir une transition inclusive vers la durabilit\u00e9 en M\u00e9diterran\u00e9e. Cette troisi\u00e8me \u00e9dition a \u00e9t\u00e9 organis\u00e9e en partenariat avec MedWaves, le Centre d&rsquo;Activit\u00e9s [&hellip;]<\/p>\n","protected":false},"author":1,"featured_media":63463,"comment_status":"open","ping_status":"open","sticky":false,"template":"","format":"standard","meta":{"_seopress_robots_primary_cat":"","_seopress_titles_title":"","_seopress_titles_desc":"","_seopress_robots_index":"","footnotes":""},"categories":[61],"tags":[5899,5900,738,5901],"class_list":{"0":"post-63458","1":"post","2":"type-post","3":"status-publish","4":"format-standard","5":"has-post-thumbnail","7":"category-news","8":"tag-mediterraneenne","9":"tag-njaz-tunisie","10":"tag-prix","11":"tag-wemed"},"_links":{"self":[{"href":"https:\/\/plumeseconomiques.com\/fr\/wp-json\/wp\/v2\/posts\/63458","targetHints":{"allow":["GET"]}}],"collection":[{"href":"https:\/\/plumeseconomiques.com\/fr\/wp-json\/wp\/v2\/posts"}],"about":[{"href":"https:\/\/plumeseconomiques.com\/fr\/wp-json\/wp\/v2\/types\/post"}],"author":[{"embeddable":true,"href":"https:\/\/plumeseconomiques.com\/fr\/wp-json\/wp\/v2\/users\/1"}],"replies":[{"embeddable":true,"href":"https:\/\/plumeseconomiques.com\/fr\/wp-json\/wp\/v2\/comments?post=63458"}],"version-history":[{"count":0,"href":"https:\/\/plumeseconomiques.com\/fr\/wp-json\/wp\/v2\/posts\/63458\/revisions"}],"wp:featuredmedia":[{"embeddable":true,"href":"https:\/\/plumeseconomiques.com\/fr\/wp-json\/wp\/v2\/media\/63463"}],"wp:attachment":[{"href":"https:\/\/plumeseconomiques.com\/fr\/wp-json\/wp\/v2\/media?parent=63458"}],"wp:term":[{"taxonomy":"category","embeddable":true,"href":"https:\/\/plumeseconomiques.com\/fr\/wp-json\/wp\/v2\/categories?post=63458"},{"taxonomy":"post_tag","embeddable":true,"href":"https:\/\/plumeseconomiques.com\/fr\/wp-json\/wp\/v2\/tags?post=63458"}],"curies":[{"name":"wp","href":"https:\/\/api.w.org\/{rel}","templated":true}]}}