{"id":63450,"date":"2023-10-31T14:40:06","date_gmt":"2023-10-31T13:40:06","guid":{"rendered":"https:\/\/plumeseconomiques.com\/fr\/?p=63450"},"modified":"2023-10-31T14:40:06","modified_gmt":"2023-10-31T13:40:06","slug":"coup-denvoi-du-programme-startntrade","status":"publish","type":"post","link":"https:\/\/plumeseconomiques.com\/fr\/news\/coup-denvoi-du-programme-startntrade\/","title":{"rendered":"Coup d\u2019envoi du programme Start\u2019n\u2019Trade"},"content":{"rendered":"<p style=\"text-align: justify;\"><span style=\"color: #000000;\"><strong>Coup d\u2019envoi du programme Start\u2019n\u2019Trade <\/strong><\/span><\/p>\n<p style=\"text-align: justify;\"><span style=\"color: #000000;\">pour relever les d\u00e9fis de l\u2019export en Afrique et \u00e0 l\u2019international.<\/span><\/p>\n<p style=\"text-align: justify;\"><span style=\"color: #000000;\">Dans une d\u00e9marche m\u00e9thodique visant \u00e0 stimuler les PME exportatrices et les mettre en r\u00e9seautage avec les startups innovantes, le CEPEX donne le coup d&rsquo;envoi du programme \u00ab Start\u2019n\u2019Trade \u00bb. Cette initiative mise en \u0153uvre par la GIZ en partenariat avec le minist\u00e8re des Technologies de la Communication (MTC)permet de\u00a0:<\/span><\/p>\n<ul style=\"text-align: justify;\">\n<li><span style=\"color: #000000;\">Faciliter la collaboration entre PMEs et startups.<\/span><\/li>\n<li><span style=\"color: #000000;\">Stimuler l&rsquo;exportation des PMEs.<\/span><\/li>\n<li><span style=\"color: #000000;\">Cr\u00e9er des opportunit\u00e9s pour les startups.<\/span><\/li>\n<li><span style=\"color: #000000;\">Favoriser le d\u00e9veloppement de partenariats.<\/span><\/li>\n<li><span style=\"color: #000000;\">Encourager l&rsquo;innovation ouverte.<\/span><\/li>\n<\/ul>\n<p style=\"text-align: justify;\"><span style=\"color: #000000;\"><strong><em>Un Pont entre les Entreprises Traditionnelles et la Technologie Moderne<\/em><\/strong><\/span><\/p>\n<p style=\"text-align: justify;\"><span style=\"color: #000000;\">Le secteur des exportations joue un r\u00f4le vital dans l\u2019essor de l&rsquo;\u00e9conomie tunisienne. Le num\u00e9rique se pr\u00e9sente comme un levier incontournable pour renforcer les d\u00e9marches internationales des entreprises. Pourtant, un \u00e9cart persiste entre le monde technologique florissant et l&rsquo;\u00e9conomie traditionnelle, malgr\u00e9 la pr\u00e9sence d\u2019environ 1000 startups tunisienneslab\u00e9lis\u00e9es et tourn\u00e9es vers le num\u00e9rique et la technologie.<\/span><\/p>\n<p style=\"text-align: justify;\"><span style=\"color: #000000;\">L\u2019open innovation, 2\u00e8me levier de croissance pour les entreprises dans le monde<\/span><\/p>\n<p style=\"text-align: justify;\"><span style=\"color: #000000;\">Le programme \u00ab Start\u2019n\u2019Trade \u00bb s&rsquo;engage \u00e0 r\u00e9duire cet \u00e9cart en exploitant le potentiel des solutions num\u00e9riques et technologiques.<\/span><\/p>\n<p style=\"text-align: justify;\"><span style=\"color: #000000;\">7 PME exportatrices auront l&rsquo;opportunit\u00e9 de participer au programme en collaboration avec le projet PEMA (Projet Promotion des activit\u00e9s d\u2019exportation vers de nouveaux march\u00e9s de l\u2019Afrique subsaharienne). L&rsquo;objectif ultime est de favoriser les collaborations entre ces PME et l&rsquo;\u00e9cosyst\u00e8me des startups, afin de propulser leur potentiel d&rsquo;exportation et d&rsquo;ouvrir de nouvelles perspectives commerciales et d\u2019implantation \u00e0 l\u2019\u00e9tranger notamment en Afrique subsaharienne.<\/span><\/p>\n<p style=\"text-align: justify;\"><span style=\"color: #000000;\"><strong>L&rsquo;Innovation ouvre la Voie \u00e0 l&rsquo;Exportation<\/strong><\/span><\/p>\n<p style=\"text-align: justify;\"><span style=\"color: #000000;\">Au c\u0153ur du programme Start\u2019n\u2019Trade r\u00e9side la possibilit\u00e9 pour les bin\u00f4mes entreprise-startup les plus avanc\u00e9s, en termes de r\u00e9alisation de Proof of Concept (POC), de d\u00e9crocher l&rsquo;un des trois vouchers d&rsquo;une valeur de 10 000 euros.<\/span><\/p>\n<p style=\"text-align: justify;\"><span style=\"color: #000000;\"><strong>Comment Participer ?<\/strong><\/span><\/p>\n<p style=\"text-align: justify;\"><span style=\"color: #000000;\">Les entreprises souhaitant participer au programme Start\u2019n\u2019Trade doivent r\u00e9pondre \u00e0 certains crit\u00e8res d&rsquo;\u00e9ligibilit\u00e9 :<\/span><\/p>\n<ul style=\"text-align: justify;\">\n<li><span style=\"color: #000000;\">Poss\u00e9der une exp\u00e9rience d&rsquo;au moins cinq ans sur le march\u00e9.<\/span><\/li>\n<li><span style=\"color: #000000;\">Avoir un historique de transactions d&rsquo;export significatif au cours des trois derni\u00e8res ann\u00e9es (2020-2021-2022).<\/span><\/li>\n<li><span style=\"color: #000000;\">Compter au moins vingt employ\u00e9s.<\/span><\/li>\n<li><span style=\"color: #000000;\">Afficher un taux de chiffre d&rsquo;affaires \u00e0 l&rsquo;export d&rsquo;au moins 20% par an.<\/span><\/li>\n<li><span style=\"color: #000000;\">Maintenir un ratio de liquidit\u00e9 ad\u00e9quat au cours des trois derni\u00e8res ann\u00e9es (2020-2021-2022).<\/span><\/li>\n<li><span style=\"color: #000000;\">Ne pas \u00eatre d\u00e9j\u00e0 b\u00e9n\u00e9ficiaire d\u2019un programme d\u2019accompagnement GIZ.<\/span><\/li>\n<\/ul>\n<p style=\"text-align: justify;\"><span style=\"color: #000000;\">Les entreprises \u00e9ligibles peuvent s&rsquo;inscrire d\u00e8s maintenant au programme \u00ab Start\u2019n\u2019Trade\u00bb en suivant ce lien d\u2019inscription\u00a0: <a style=\"color: #000000;\" href=\"https:\/\/forms.gle\/nrnsDCVRMy5FrvyQ6\">https:\/\/forms.gle\/nrnsDCVRMy5FrvyQ6<\/a><\/span><\/p>\n<p style=\"text-align: justify;\"><span style=\"color: #000000;\">Les candidatures seront accept\u00e9es jusqu&rsquo;au <strong>6 novembre 2023.<\/strong><\/span><\/p>\n<p style=\"text-align: justify;\"><span style=\"color: #000000;\"><em>Cette activit\u00e9 est mise en \u0153uvre par le projet PEMA II, \u00ab Promotion des activit\u00e9s d\u2019exportation vers de nouveaux march\u00e9s de l\u2019Afrique Subsaharienne \u00bb en collaboration avec le programme Transformation Digitale et est mandat\u00e9 par le Minist\u00e8re f\u00e9d\u00e9ral allemand de la Coop\u00e9ration \u00e9conomique et du D\u00e9veloppement Bundesministeriumf\u00fcrwirtschaftlicheZusammenarbeitund Entwicklung (BMZ) et mis en \u0153uvre par la GIZ Tunisie, en partenariat avec Tunisia Export &#8211; Centre de Promotion des Exportations CEPEX.<\/em><\/span><\/p>\n<p><strong>Lire aussi:<\/strong><\/p>\n<div class=\"gsc-thumbnail-inside\">\n<div class=\"gs-title\"><a class=\"gs-title\" dir=\"ltr\" href=\"https:\/\/plumeseconomiques.com\/fr\/en-deux-mots\/le-cepex-propose-une-nouvelle-convention-aux-prestataires-de-services-de-transport-aerien\/\" data-cturl=\"https:\/\/www.google.com\/url?client=internal-element-cse&amp;cx=011238217578432545340:5m9aarzzppc&amp;q=https:\/\/plumeseconomiques.com\/fr\/en-deux-mots\/le-cepex-propose-une-nouvelle-convention-aux-prestataires-de-services-de-transport-aerien\/&amp;sa=U&amp;ved=2ahUKEwiQ74nTv5SCAxWD6aQKHTYzC0sQFnoECAYQAg&amp;usg=AOvVaw3K-BfHI7nFNTJ5mOjppeKe\" data-ctorig=\"https:\/\/plumeseconomiques.com\/fr\/en-deux-mots\/le-cepex-propose-une-nouvelle-convention-aux-prestataires-de-services-de-transport-aerien\/\">Le <b>CEPEX<\/b> propose une nouvelle convention aux prestataires de &#8230;<\/a><\/div>\n<\/div>\n<div class=\"gsc-thumbnail-inside\">\n<div class=\"gs-title\"><a class=\"gs-title\" dir=\"ltr\" href=\"https:\/\/plumeseconomiques.com\/fr\/magazine\/sous-le-zoom\/Le-Cepex-participe-a-la-1ere-reunion-du-reseau-des-Organisations-de-promotion-du-Commerce-et-d-Investissement-des-pays-Arabes-a-Dubai\/\" data-cturl=\"https:\/\/www.google.com\/url?client=internal-element-cse&amp;cx=011238217578432545340:5m9aarzzppc&amp;q=https:\/\/plumeseconomiques.com\/fr\/magazine\/sous-le-zoom\/Le-Cepex-participe-a-la-1ere-reunion-du-reseau-des-Organisations-de-promotion-du-Commerce-et-d-Investissement-des-pays-Arabes-a-Dubai\/&amp;sa=U&amp;ved=2ahUKEwiQ74nTv5SCAxWD6aQKHTYzC0sQFnoECAkQAQ&amp;usg=AOvVaw3Cqvg6GCTXRqncRIGqX6cF\" data-ctorig=\"https:\/\/plumeseconomiques.com\/fr\/magazine\/sous-le-zoom\/Le-Cepex-participe-a-la-1ere-reunion-du-reseau-des-Organisations-de-promotion-du-Commerce-et-d-Investissement-des-pays-Arabes-a-Dubai\/\">Le <b>Cepex<\/b> participe \u00e0 la 1\u00e9re r\u00e9union du r\u00e9seau des Organisations &#8230;<\/a><\/div>\n<\/div>\n<div class=\"gsc-thumbnail-inside\">\n<div class=\"gs-title\"><a class=\"gs-title\" dir=\"ltr\" href=\"https:\/\/plumeseconomiques.com\/fr\/magazine\/sous-le-zoom\/Formation-certifiante-_-FSMAau-CEPEX-Faciliter-l-acces-des-produits-agroalimentaire-tunisiens-au-marche-americain\/\" data-cturl=\"https:\/\/www.google.com\/url?client=internal-element-cse&amp;cx=011238217578432545340:5m9aarzzppc&amp;q=https:\/\/plumeseconomiques.com\/fr\/magazine\/sous-le-zoom\/Formation-certifiante-_-FSMAau-CEPEX-Faciliter-l-acces-des-produits-agroalimentaire-tunisiens-au-marche-americain\/&amp;sa=U&amp;ved=2ahUKEwiQ74nTv5SCAxWD6aQKHTYzC0sQFnoECAAQAQ&amp;usg=AOvVaw0C2Kbs2EkaHI_gwQUU0gzZ\" data-ctorig=\"https:\/\/plumeseconomiques.com\/fr\/magazine\/sous-le-zoom\/Formation-certifiante-_-FSMAau-CEPEX-Faciliter-l-acces-des-produits-agroalimentaire-tunisiens-au-marche-americain\/\">Formation certifiante \u00a0\u00bbFSMA\u00a0\u00bb au <b>CEPEX<\/b>: Faciliter l&rsquo;acc\u00e8s des &#8230;<\/a><\/div>\n<\/div>\n","protected":false},"excerpt":{"rendered":"<p>Coup d\u2019envoi du programme Start\u2019n\u2019Trade pour relever les d\u00e9fis de l\u2019export en Afrique et \u00e0 l\u2019international. Dans une d\u00e9marche m\u00e9thodique visant \u00e0 stimuler les PME exportatrices et les mettre en r\u00e9seautage avec les startups innovantes, le CEPEX donne le coup d&rsquo;envoi du programme \u00ab Start\u2019n\u2019Trade \u00bb. Cette initiative mise en \u0153uvre par la GIZ en [&hellip;]<\/p>\n","protected":false},"author":1,"featured_media":63464,"comment_status":"open","ping_status":"open","sticky":false,"template":"","format":"standard","meta":{"_seopress_robots_primary_cat":"","_seopress_titles_title":"","_seopress_titles_desc":"","_seopress_robots_index":"","footnotes":""},"categories":[61],"tags":[53,5894],"class_list":{"0":"post-63450","1":"post","2":"type-post","3":"status-publish","4":"format-standard","5":"has-post-thumbnail","7":"category-news","8":"tag-cepex","9":"tag-startntrade"},"_links":{"self":[{"href":"https:\/\/plumeseconomiques.com\/fr\/wp-json\/wp\/v2\/posts\/63450","targetHints":{"allow":["GET"]}}],"collection":[{"href":"https:\/\/plumeseconomiques.com\/fr\/wp-json\/wp\/v2\/posts"}],"about":[{"href":"https:\/\/plumeseconomiques.com\/fr\/wp-json\/wp\/v2\/types\/post"}],"author":[{"embeddable":true,"href":"https:\/\/plumeseconomiques.com\/fr\/wp-json\/wp\/v2\/users\/1"}],"replies":[{"embeddable":true,"href":"https:\/\/plumeseconomiques.com\/fr\/wp-json\/wp\/v2\/comments?post=63450"}],"version-history":[{"count":0,"href":"https:\/\/plumeseconomiques.com\/fr\/wp-json\/wp\/v2\/posts\/63450\/revisions"}],"wp:featuredmedia":[{"embeddable":true,"href":"https:\/\/plumeseconomiques.com\/fr\/wp-json\/wp\/v2\/media\/63464"}],"wp:attachment":[{"href":"https:\/\/plumeseconomiques.com\/fr\/wp-json\/wp\/v2\/media?parent=63450"}],"wp:term":[{"taxonomy":"category","embeddable":true,"href":"https:\/\/plumeseconomiques.com\/fr\/wp-json\/wp\/v2\/categories?post=63450"},{"taxonomy":"post_tag","embeddable":true,"href":"https:\/\/plumeseconomiques.com\/fr\/wp-json\/wp\/v2\/tags?post=63450"}],"curies":[{"name":"wp","href":"https:\/\/api.w.org\/{rel}","templated":true}]}}