{"id":63444,"date":"2023-10-13T19:15:11","date_gmt":"2023-10-13T18:15:11","guid":{"rendered":"https:\/\/plumeseconomiques.com\/fr\/?p=63444"},"modified":"2023-10-13T19:15:11","modified_gmt":"2023-10-13T18:15:11","slug":"la-kfw-fete-ses-75-ans","status":"publish","type":"post","link":"https:\/\/plumeseconomiques.com\/fr\/news\/la-kfw-fete-ses-75-ans\/","title":{"rendered":"La KfW f\u00eate ses 75 ans"},"content":{"rendered":"<p style=\"text-align: justify;\"><span style=\"color: #000000;\"><strong>La KfW f\u00eate ses 75 ans<br \/>\n<\/strong><\/span><\/p>\n<p style=\"text-align: justify;\"><span style=\"color: #000000;\">Le bureau de la KfW en Tunisie a organis\u00e9 ce jeudi, le 12 octobre 2023 une c\u00e9r\u00e9monie pour f\u00eater les 75 ans du groupe bancaire KfW. L\u2019\u00e9v\u00e9nement a \u00e9t\u00e9 marqu\u00e9 par la pr\u00e9sence de Dr. Daniela Beckmann, Directrice du d\u00e9partement de l\u2019Afrique du Nord au si\u00e8ge de la KfW, Son Excellence Monsieur Peter Pr\u00fcgel, Ambassadeur d\u2019Allemagne en Tunisie, ainsi que des repr\u00e9sentants des partenaires strat\u00e9giques de la KfW en Tunisie tels que les minist\u00e8res tunisiens, les institutions publiques, les organisations internationales etc.<\/span><\/p>\n<p style=\"text-align: justify;\"><span style=\"color: #000000;\">\u00ab C\u2019est un moment de grande fiert\u00e9 pour nous \u00bb, a d\u00e9clar\u00e9 Mme Beate Richter, la Directrice R\u00e9sidente du bureau de la KfW en Tunisie. \u00ab Notre institution, joue un r\u00f4le crucial dans le d\u00e9veloppement \u00e9conomique et social, tant en Allemagne qu&rsquo;\u00e0 travers le monde entier.\u00bb<\/span><\/p>\n<p style=\"text-align: justify;\"><span style=\"color: #000000;\"><img loading=\"lazy\" decoding=\"async\" class=\"alignnone size-full wp-image-63447\" src=\"https:\/\/www.plumeseconomiques.com\/fr\/wp-content\/uploads\/2023\/10\/Mme-Beate-Richter-Directrice-de-Bureau-KfW-en-Tunisie-en-discours-photo-comprimee.jpg\" alt=\"La KfW f\u00eate ses 75 ans\" width=\"700\" height=\"466\" srcset=\"https:\/\/www.plumeseconomiques.com\/fr\/wp-content\/uploads\/2023\/10\/Mme-Beate-Richter-Directrice-de-Bureau-KfW-en-Tunisie-en-discours-photo-comprimee.jpg 700w, https:\/\/www.plumeseconomiques.com\/fr\/wp-content\/uploads\/2023\/10\/Mme-Beate-Richter-Directrice-de-Bureau-KfW-en-Tunisie-en-discours-photo-comprimee-300x200.jpg 300w, https:\/\/www.plumeseconomiques.com\/fr\/wp-content\/uploads\/2023\/10\/Mme-Beate-Richter-Directrice-de-Bureau-KfW-en-Tunisie-en-discours-photo-comprimee-450x300.jpg 450w\" sizes=\"auto, (max-width: 700px) 100vw, 700px\" \/><\/span><\/p>\n<p style=\"text-align: justify;\"><span style=\"color: #000000;\">La KfW a \u00e9t\u00e9 fond\u00e9e en 1948 pour g\u00e9rer les fonds du plan Marshall en Allemagne apr\u00e8s la Seconde Guerre mondiale. Le nom K-f-W est un raccourci du nom allemand \u00ab\u00a0Kreditanstaltf\u00fcrWiederaufbau\u00a0\u00bb, ce qui signifie \u00ab institution financi\u00e8re pour la reconstruction \u00bb. \u00c0 la mission principale de la KfW, au d\u00e9part de reconstruire l&rsquo;Allemagne, s\u2019est ajout\u00e9 au fils des ann\u00e9es le soutien aux changements structurels \u00e9conomiques. Les d\u00e9buts \u00e9taient modestes : la banque a d\u00e9marr\u00e9 en 1948 avec un capital d&rsquo;un million de DM (Deutsche Mark) et six employ\u00e9s.<\/span><\/p>\n<p style=\"text-align: justify;\"><span style=\"color: #000000;\">La situation a chang\u00e9 depuis et le r\u00f4le de la KfW n\u2019a cess\u00e9 de cro\u00eetre. Aujourd\u2019hui, la KfW compte \u00e0 peu pr\u00e8s 8000 collaborateurs et environ 80 bureaux et repr\u00e9sentations dans le monde. En 2022, la KfW a pr\u00e9sent\u00e9 un bilan de plus de 504 milliards d&rsquo;euros.<\/span><\/p>\n<p style=\"text-align: justify;\"><span style=\"color: #000000;\"><img loading=\"lazy\" decoding=\"async\" class=\"alignnone size-full wp-image-63445\" src=\"https:\/\/www.plumeseconomiques.com\/fr\/wp-content\/uploads\/2023\/10\/Photo-Dr.-Daniela-Beckmann-Directrice-Departement-Afrique-du-Nord-photo-comprimee.jpg\" alt=\"La KfW f\u00eate ses 75 ans\" width=\"700\" height=\"466\" srcset=\"https:\/\/www.plumeseconomiques.com\/fr\/wp-content\/uploads\/2023\/10\/Photo-Dr.-Daniela-Beckmann-Directrice-Departement-Afrique-du-Nord-photo-comprimee.jpg 700w, https:\/\/www.plumeseconomiques.com\/fr\/wp-content\/uploads\/2023\/10\/Photo-Dr.-Daniela-Beckmann-Directrice-Departement-Afrique-du-Nord-photo-comprimee-300x200.jpg 300w, https:\/\/www.plumeseconomiques.com\/fr\/wp-content\/uploads\/2023\/10\/Photo-Dr.-Daniela-Beckmann-Directrice-Departement-Afrique-du-Nord-photo-comprimee-450x300.jpg 450w\" sizes=\"auto, (max-width: 700px) 100vw, 700px\" \/><\/span><\/p>\n<p style=\"text-align: justify;\"><span style=\"color: #000000;\">La coop\u00e9ration financi\u00e8re au nom du gouvernement allemand avec les pays a commenc\u00e9 assez t\u00f4t. En septembre 1958 la KfW a sign\u00e9 le premier contrat de financement en dehors de l&rsquo;Allemagne. Dans les ann\u00e9es 60, <strong>la Coop\u00e9ration avec la Tunisie<\/strong> a pris son d\u00e9but. Le bureau en Tunisie a \u00e9t\u00e9 cr\u00e9\u00e9 en 2012. Aujourd\u2019hui le bureau se compose d\u2019une \u00e9quipe de 12 collaborateurs nationaux et internationaux.<\/span><\/p>\n<p style=\"text-align: justify;\"><span style=\"color: #000000;\">Au niveau mondial, la KfW soutient des programmes de d\u00e9veloppement &#8211; dans la r\u00e9gion MENA, sur le continent africain dans son ensemble, en Asie, en Am\u00e9rique latine et en Europe du Sud-Est. Elle soutient les pays partenaires \u00e0 \u00e9tablir de meilleures conditions de vie, tout en pr\u00e9servant le climat, les ressources rares et l&rsquo;environnement. Son engagement envers l&rsquo;innovation et la durabilit\u00e9 est ind\u00e9fectible, avec pour objectif ultime la cr\u00e9ation de l\u2019emplois.<br \/>\n<\/span><\/p>\n<p><strong>Lire aussi:<\/strong><\/p>\n<div class=\"gsc-thumbnail-inside\">\n<div class=\"gs-title\"><a class=\"gs-title\" dir=\"ltr\" href=\"https:\/\/plumeseconomiques.com\/fr\/news\/kfw-tunisie-financement-de-nouveaux-projets-de-protection-du-littoral-pour-un-montant-de-46-millions-deuros\/\" data-cturl=\"https:\/\/www.google.com\/url?client=internal-element-cse&amp;cx=011238217578432545340:5m9aarzzppc&amp;q=https:\/\/plumeseconomiques.com\/fr\/news\/kfw-tunisie-financement-de-nouveaux-projets-de-protection-du-littoral-pour-un-montant-de-46-millions-deuros\/&amp;sa=U&amp;ved=2ahUKEwijhKmw0POBAxWGcKQEHXPPBtYQFnoECAEQAg&amp;usg=AOvVaw3kgg9JNL3_6dVP4XrDojGi\" data-ctorig=\"https:\/\/plumeseconomiques.com\/fr\/news\/kfw-tunisie-financement-de-nouveaux-projets-de-protection-du-littoral-pour-un-montant-de-46-millions-deuros\/\"><b>KfW<\/b>-Tunisie : financement de nouveaux projets de protection du &#8230;<\/a><\/div>\n<\/div>\n<div class=\"gsc-thumbnail-inside\">\n<div class=\"gs-title\"><a class=\"gs-title\" dir=\"ltr\" href=\"https:\/\/plumeseconomiques.com\/fr\/news\/la-kfw-a-inaugure-le-samedi-5-mars-2022-la-centrale-photovoltaique-tozeur\/\" data-cturl=\"https:\/\/www.google.com\/url?client=internal-element-cse&amp;cx=011238217578432545340:5m9aarzzppc&amp;q=https:\/\/plumeseconomiques.com\/fr\/news\/la-kfw-a-inaugure-le-samedi-5-mars-2022-la-centrale-photovoltaique-tozeur\/&amp;sa=U&amp;ved=2ahUKEwijhKmw0POBAxWGcKQEHXPPBtYQFnoECAYQAg&amp;usg=AOvVaw0FDYdQo4ewmlDiaxIADgII\" data-ctorig=\"https:\/\/plumeseconomiques.com\/fr\/news\/la-kfw-a-inaugure-le-samedi-5-mars-2022-la-centrale-photovoltaique-tozeur\/\">La <b>KfW<\/b> a inaugur\u00e9 le samedi 5 mars 2022 la centrale &#8230;<\/a><\/div>\n<\/div>\n<div class=\"gsc-thumbnail-inside\">\n<div class=\"gs-title\"><a class=\"gs-title\" dir=\"ltr\" href=\"https:\/\/plumeseconomiques.com\/fr\/a-la-une\/51915-la-kfw-a-decaisse-75-millions-deuros-pour-soutenir-les-reformes-du-secteur-public-en-tunisie\/\" data-cturl=\"https:\/\/www.google.com\/url?client=internal-element-cse&amp;cx=011238217578432545340:5m9aarzzppc&amp;q=https:\/\/plumeseconomiques.com\/fr\/a-la-une\/51915-la-kfw-a-decaisse-75-millions-deuros-pour-soutenir-les-reformes-du-secteur-public-en-tunisie\/&amp;sa=U&amp;ved=2ahUKEwijhKmw0POBAxWGcKQEHXPPBtYQFnoECAkQAg&amp;usg=AOvVaw3YkUAZg-iVdQCGN7j9Kmoi\" data-ctorig=\"https:\/\/plumeseconomiques.com\/fr\/a-la-une\/51915-la-kfw-a-decaisse-75-millions-deuros-pour-soutenir-les-reformes-du-secteur-public-en-tunisie\/\">La <b>KfW<\/b> a d\u00e9caiss\u00e9 75 millions d&rsquo;euros pour soutenir les r\u00e9formes du &#8230;<\/a><\/div>\n<\/div>\n","protected":false},"excerpt":{"rendered":"<p>La KfW f\u00eate ses 75 ans Le bureau de la KfW en Tunisie a organis\u00e9 ce jeudi, le 12 octobre 2023 une c\u00e9r\u00e9monie pour f\u00eater les 75 ans du groupe bancaire KfW. L\u2019\u00e9v\u00e9nement a \u00e9t\u00e9 marqu\u00e9 par la pr\u00e9sence de Dr. Daniela Beckmann, Directrice du d\u00e9partement de l\u2019Afrique du Nord au si\u00e8ge de la KfW, [&hellip;]<\/p>\n","protected":false},"author":1,"featured_media":63446,"comment_status":"open","ping_status":"open","sticky":false,"template":"","format":"standard","meta":{"_seopress_robots_primary_cat":"","_seopress_titles_title":"","_seopress_titles_desc":"","_seopress_robots_index":"","footnotes":""},"categories":[61],"tags":[1088],"class_list":{"0":"post-63444","1":"post","2":"type-post","3":"status-publish","4":"format-standard","5":"has-post-thumbnail","7":"category-news","8":"tag-kfw"},"_links":{"self":[{"href":"https:\/\/plumeseconomiques.com\/fr\/wp-json\/wp\/v2\/posts\/63444","targetHints":{"allow":["GET"]}}],"collection":[{"href":"https:\/\/plumeseconomiques.com\/fr\/wp-json\/wp\/v2\/posts"}],"about":[{"href":"https:\/\/plumeseconomiques.com\/fr\/wp-json\/wp\/v2\/types\/post"}],"author":[{"embeddable":true,"href":"https:\/\/plumeseconomiques.com\/fr\/wp-json\/wp\/v2\/users\/1"}],"replies":[{"embeddable":true,"href":"https:\/\/plumeseconomiques.com\/fr\/wp-json\/wp\/v2\/comments?post=63444"}],"version-history":[{"count":0,"href":"https:\/\/plumeseconomiques.com\/fr\/wp-json\/wp\/v2\/posts\/63444\/revisions"}],"wp:featuredmedia":[{"embeddable":true,"href":"https:\/\/plumeseconomiques.com\/fr\/wp-json\/wp\/v2\/media\/63446"}],"wp:attachment":[{"href":"https:\/\/plumeseconomiques.com\/fr\/wp-json\/wp\/v2\/media?parent=63444"}],"wp:term":[{"taxonomy":"category","embeddable":true,"href":"https:\/\/plumeseconomiques.com\/fr\/wp-json\/wp\/v2\/categories?post=63444"},{"taxonomy":"post_tag","embeddable":true,"href":"https:\/\/plumeseconomiques.com\/fr\/wp-json\/wp\/v2\/tags?post=63444"}],"curies":[{"name":"wp","href":"https:\/\/api.w.org\/{rel}","templated":true}]}}