{"id":62917,"date":"2023-07-10T17:23:46","date_gmt":"2023-07-10T16:23:46","guid":{"rendered":"https:\/\/plumeseconomiques.com\/fr\/?p=62917"},"modified":"2023-07-10T17:23:46","modified_gmt":"2023-07-10T16:23:46","slug":"latuge-organise-la-3eme-edition-du-forum-des-metiers-et-de-lorientation","status":"publish","type":"post","link":"https:\/\/plumeseconomiques.com\/fr\/news\/latuge-organise-la-3eme-edition-du-forum-des-metiers-et-de-lorientation\/","title":{"rendered":"l\u2019ATUGE organise la 3\u00e8me \u00e9dition du Forum des M\u00e9tiers et de l\u2019Orientation"},"content":{"rendered":"<p style=\"text-align: justify;\"><span style=\"color: #000000;\"><strong>l\u2019ATUGE organise la 3<sup>\u00e8me<\/sup> \u00e9dition du Forum des M\u00e9tiers et de l\u2019Orientation<\/strong><\/span><\/p>\n<p style=\"text-align: justify;\"><span style=\"color: #000000;\">Apr\u00e8s le succ\u00e8s des 1<sup>\u00e8re<\/sup> et 2<sup>\u00e8me <\/sup>\u00e9dition, et en partenariat avec le Minist\u00e8re de l\u2019Education Nationale et celui de l\u2019Enseignement Sup\u00e9rieur et de la Recherche Scientifique, l\u2019ATUGE organise le 11 juillet 2023 la 3<sup>\u00e8me<\/sup> \u00e9dition du Forum des M\u00e9tiers et de l\u2019Orientation. Cette \u00e9dition est ax\u00e9e sur la digitalisation et la durabilit\u00e9, et se tiendra en format 100% digital pour \u00eatre accessible \u00e0 tous les lyc\u00e9ens de toutes les r\u00e9gions. Au programme\u00a0:<\/span><\/p>\n<ul style=\"text-align: justify;\">\n<li><span style=\"color: #000000;\">Ouverture du Forum par Monsieur Mohamed Ali Boughdiri, Ministre de l\u2019Education Nationale et Monsieur Moncef Boukthir, Ministre de l\u2019Enseignement Sup\u00e9rieur et de la Recherche Scientifique.<\/span><\/li>\n<li><span style=\"color: #000000;\">5 panels anim\u00e9s par des professeurs universitaires, des \u00e9tudiants et des experts m\u00e9tiers, afin d\u2019aider \u00e0 affiner les choix d\u2019orientation post-bac.<\/span><\/li>\n<li><span style=\"color: #000000;\">27 Capsules vid\u00e9osd\u00e9crivant les diff\u00e9rents m\u00e9tiers et les cursus d\u2019\u00e9tudes qui y m\u00e8nent, ainsi que les capsules bacheliers expliquant les attentes des jeunes.<\/span><\/li>\n<\/ul>\n<p style=\"text-align: justify;\"><strong><span style=\"color: #000000;\">Le Forum des M\u00e9tiers et de l\u2019Orientation a pour objectif de\u00a0:<\/span><\/strong><\/p>\n<ul style=\"text-align: justify;\">\n<li><span style=\"color: #000000;\">R\u00e9pondre aux interrogations des bacheliers et de leurs parents quant aux choix des fili\u00e8res d\u2019\u00e9tudes, aux dipl\u00f4mes, aux m\u00e9tiers porteurs et aux tendances dans le monde et en Tunisie.<\/span><\/li>\n<li><span style=\"color: #000000;\">Contribuer \u00e0 baisser le taux d\u2019\u00e9chec en premi\u00e8re ann\u00e9e universitaire d\u00fb notamment au mauvais choix d\u2019orientation post-bac, souvent par manque d\u2019information.<\/span><\/li>\n<li><span style=\"color: #000000;\">Am\u00e9liorer l\u2019employabilit\u00e9 des jeunes dipl\u00f4m\u00e9s en aidant les bacheliers ou les \u00e9tudiants en reconversion \u00e0 faire les bons choix.<\/span><\/li>\n<li><span style=\"color: #000000;\">Permettre aux visiteurs d\u2019interagir avec plusieurs universit\u00e9s qui seront pr\u00e9sentes \u00e0 travers leurs stands virtuels&#8230;<\/span><\/li>\n<\/ul>\n<p style=\"text-align: justify;\"><span style=\"color: #000000;\">Pour participer au Forum, d\u00e9couvrir le programme et interagir avec nos pan\u00e9listes, inscrivez-vous sur notre plateforme:<a style=\"color: #000000;\" href=\"http:\/\/www.atuge.org\/FM\">www.atuge.org\/FM<\/a><\/span><\/p>\n<p style=\"text-align: justify;\"><strong><span style=\"color: #000000;\">Liste des panels propos\u00e9s\u00a0:<\/span><\/strong><\/p>\n<p style=\"text-align: justify;\"><span style=\"color: #000000;\">M\u00e9tiers \u00e0 forte employabilit\u00e9 \/ M\u00e9tiers de la Tech et de du digital \/ M\u00e9tiers de l&rsquo;Agriculture et de l&rsquo;Alimentation \/ M\u00e9tiers des Sciences Humaines et Sociales \/ M\u00e9tiers de la Gestion \/ Le Syst\u00e8me des Scores.<\/span><\/p>\n<p><strong>Lire aussi:<\/strong><\/p>\n<div class=\"gsc-thumbnail-inside\">\n<div class=\"gs-title\"><a class=\"gs-title\" dir=\"ltr\" href=\"https:\/\/plumeseconomiques.com\/fr\/news\/conseil-dadministration-de-latuge-tunisie-2018-2019\/\" data-cturl=\"https:\/\/www.google.com\/url?client=internal-element-cse&amp;cx=011238217578432545340:5m9aarzzppc&amp;q=https:\/\/plumeseconomiques.com\/fr\/news\/conseil-dadministration-de-latuge-tunisie-2018-2019\/&amp;sa=U&amp;ved=2ahUKEwiYuKSHxoSAAxVT2gIHHcvwA04QFnoECAMQAg&amp;usg=AOvVaw3uwh7A0iSZORLYeAk9DMa5\" data-ctorig=\"https:\/\/plumeseconomiques.com\/fr\/news\/conseil-dadministration-de-latuge-tunisie-2018-2019\/\">Conseil d&rsquo;administration de l&rsquo;<b>ATUGE<\/b> TUNISIE 2018\/2019 \u2013 Plumes &#8230;<\/a><\/div>\n<\/div>\n<div class=\"gsc-thumbnail-inside\">\n<div class=\"gs-title\"><a class=\"gs-title\" dir=\"ltr\" href=\"https:\/\/plumeseconomiques.com\/fr\/news\/latuge-tunisie-a-renouvele-son-conseil-dadministration\/\" data-cturl=\"https:\/\/www.google.com\/url?client=internal-element-cse&amp;cx=011238217578432545340:5m9aarzzppc&amp;q=https:\/\/plumeseconomiques.com\/fr\/news\/latuge-tunisie-a-renouvele-son-conseil-dadministration\/&amp;sa=U&amp;ved=2ahUKEwiYuKSHxoSAAxVT2gIHHcvwA04QFnoECAQQAg&amp;usg=AOvVaw2_qr_IBVGcE1i_dsrQpsTR\" data-ctorig=\"https:\/\/plumeseconomiques.com\/fr\/news\/latuge-tunisie-a-renouvele-son-conseil-dadministration\/\">l&rsquo;<b>ATUGE<\/b> Tunisie a renouvel\u00e9 son Conseil d&rsquo;Administration \u2013 Plumes &#8230;<\/a><\/div>\n<\/div>\n<div class=\"gsc-thumbnail-inside\">\n<div class=\"gs-title\"><a class=\"gs-title\" dir=\"ltr\" href=\"https:\/\/plumeseconomiques.com\/fr\/eco-women\/event-atuge-au-feminin-2022-quels-modeles-dorganisation-du-futur\/\" data-cturl=\"https:\/\/www.google.com\/url?client=internal-element-cse&amp;cx=011238217578432545340:5m9aarzzppc&amp;q=https:\/\/plumeseconomiques.com\/fr\/eco-women\/event-atuge-au-feminin-2022-quels-modeles-dorganisation-du-futur\/&amp;sa=U&amp;ved=2ahUKEwiYuKSHxoSAAxVT2gIHHcvwA04QFnoECAAQAg&amp;usg=AOvVaw3VO5zK0mz6dCD_lvZ1ihV3\" data-ctorig=\"https:\/\/plumeseconomiques.com\/fr\/eco-women\/event-atuge-au-feminin-2022-quels-modeles-dorganisation-du-futur\/\">Event <b>Atuge<\/b> au Feminin 2022: \u201c Quels mod\u00e8les d&rsquo;organisation du &#8230;<\/a><\/div>\n<\/div>\n","protected":false},"excerpt":{"rendered":"<p>l\u2019ATUGE organise la 3\u00e8me \u00e9dition du Forum des M\u00e9tiers et de l\u2019Orientation Apr\u00e8s le succ\u00e8s des 1\u00e8re et 2\u00e8me \u00e9dition, et en partenariat avec le Minist\u00e8re de l\u2019Education Nationale et celui de l\u2019Enseignement Sup\u00e9rieur et de la Recherche Scientifique, l\u2019ATUGE organise le 11 juillet 2023 la 3\u00e8me \u00e9dition du Forum des M\u00e9tiers et de l\u2019Orientation. [&hellip;]<\/p>\n","protected":false},"author":1,"featured_media":62918,"comment_status":"open","ping_status":"open","sticky":false,"template":"","format":"standard","meta":{"_seopress_robots_primary_cat":"","_seopress_titles_title":"","_seopress_titles_desc":"","_seopress_robots_index":"","footnotes":""},"categories":[61],"tags":[3556,5792],"class_list":{"0":"post-62917","1":"post","2":"type-post","3":"status-publish","4":"format-standard","5":"has-post-thumbnail","7":"category-news","8":"tag-atuge","9":"tag-forum-des-metiers-et-de-lorientation"},"_links":{"self":[{"href":"https:\/\/plumeseconomiques.com\/fr\/wp-json\/wp\/v2\/posts\/62917","targetHints":{"allow":["GET"]}}],"collection":[{"href":"https:\/\/plumeseconomiques.com\/fr\/wp-json\/wp\/v2\/posts"}],"about":[{"href":"https:\/\/plumeseconomiques.com\/fr\/wp-json\/wp\/v2\/types\/post"}],"author":[{"embeddable":true,"href":"https:\/\/plumeseconomiques.com\/fr\/wp-json\/wp\/v2\/users\/1"}],"replies":[{"embeddable":true,"href":"https:\/\/plumeseconomiques.com\/fr\/wp-json\/wp\/v2\/comments?post=62917"}],"version-history":[{"count":0,"href":"https:\/\/plumeseconomiques.com\/fr\/wp-json\/wp\/v2\/posts\/62917\/revisions"}],"wp:featuredmedia":[{"embeddable":true,"href":"https:\/\/plumeseconomiques.com\/fr\/wp-json\/wp\/v2\/media\/62918"}],"wp:attachment":[{"href":"https:\/\/plumeseconomiques.com\/fr\/wp-json\/wp\/v2\/media?parent=62917"}],"wp:term":[{"taxonomy":"category","embeddable":true,"href":"https:\/\/plumeseconomiques.com\/fr\/wp-json\/wp\/v2\/categories?post=62917"},{"taxonomy":"post_tag","embeddable":true,"href":"https:\/\/plumeseconomiques.com\/fr\/wp-json\/wp\/v2\/tags?post=62917"}],"curies":[{"name":"wp","href":"https:\/\/api.w.org\/{rel}","templated":true}]}}