{"id":62068,"date":"2023-04-26T23:14:37","date_gmt":"2023-04-26T22:14:37","guid":{"rendered":"https:\/\/plumeseconomiques.com\/fr\/?p=62068"},"modified":"2023-04-26T23:14:37","modified_gmt":"2023-04-26T22:14:37","slug":"star-les-primes-emises-sont-en-quasi-stagnation-au-31-03-2023","status":"publish","type":"post","link":"https:\/\/plumeseconomiques.com\/fr\/news\/star-les-primes-emises-sont-en-quasi-stagnation-au-31-03-2023\/","title":{"rendered":"STAR : Les primes \u00e9mises sont en quasi-stagnation au 31-03-2023"},"content":{"rendered":"<p style=\"text-align: justify;\"><strong><span style=\"color: #000000;\">STAR : Les primes \u00e9mises sont en quasi-stagnation au 31-03-2023<\/span><\/strong><\/p>\n<p style=\"text-align: justify;\"><span style=\"color: #000000;\">Au terme du premier trimestre de l\u2019ann\u00e9e 2023, les primes \u00e9mises de la compagnie STAR ont atteint 127,349 MDT, soit une quasi-stagnation par rapport \u00e0 la m\u00eame p\u00e9riode de 2022. <\/span><\/p>\n<p style=\"text-align: justify;\"><span style=\"color: #000000;\">Par ailleurs, les primes acquises ont connu une \u00e9volution de 4,2%, pour s\u2019\u00e9tablir \u00e0 94,099 MDT \u00e0 fin mars 2023 contre 90,315 MDT enregistr\u00e9s \u00e0 la fin de la m\u00eame p\u00e9riode de 2022. <\/span><\/p>\n<p style=\"text-align: justify;\"><span style=\"color: #000000;\">En non-vie, les primes acquises des branches incendie, risques techniques et divers ont enregistr\u00e9 une augmentation de 27,6% ; la branche Transport a affich\u00e9 une hausse des primes acquises de 34,3%. <\/span><\/p>\n<p style=\"text-align: justify;\"><span style=\"color: #000000;\">De m\u00eame, les primes acquises ont augment\u00e9 de 11,5% sur la branche sant\u00e9 compte tenu du d\u00e9veloppement des souscriptions en affaires nouvelles et de revalorisation des assiettes de cotisation. <\/span><\/p>\n<p style=\"text-align: justify;\"><span style=\"color: #000000;\">Toutefois, la branche automobile accuse une baisse de 3,7% suite \u00e0 la baisse des souscriptions de l\u2019assurance fronti\u00e8re et la baisse des parcs automobile assur\u00e9s de certaines flottes notamment les soci\u00e9t\u00e9s r\u00e9gionales de transport.<\/span><\/p>\n<p style=\"text-align: justify;\"><span style=\"color: #000000;\"> S\u2019agissant de la branche vie, elle a affich\u00e9 une augmentation de 2,3% port\u00e9e par l\u2019activit\u00e9 d\u2019\u00e9pargne. Les primes c\u00e9d\u00e9es ont diminu\u00e9 de 7,9% par rapport \u00e0 la m\u00eame p\u00e9riode de l\u2019ann\u00e9e 2022 g\u00e9n\u00e9r\u00e9e principalement par les branches Automobile et Transport qui ont affich\u00e9 des baisses respectives 45,6% et 23,9%. <\/span><\/p>\n<p style=\"text-align: justify;\"><span style=\"color: #000000;\">Par ailleurs, les indemnisations servies ont totalis\u00e9 64,049 MDT \u00e0 fin mars 2023 contre 72,2 MDT en 2022, soit une r\u00e9gression de 11,2% li\u00e9e \u00e0 la baisse de 19,6% des r\u00e8glements de la branche automobile principalement suite \u00e0 la baisse des d\u00e9clarations sinistres de 8%, de la branche Sant\u00e9 de 1,4 MDT (-5,9%) ainsi que de la branche transport de 0,245 MD (-66,7%) en comparaison avec la m\u00eame p\u00e9riode de l\u2019ann\u00e9e 2022. <\/span><\/p>\n<p style=\"text-align: justify;\"><span style=\"color: #000000;\">Par ailleurs, en Incendie et Risques Divers, les indemnisations servies ont augment\u00e9 de 54,3% (1,439 MDT) suite au r\u00e8glement d\u2019un dossier sinistre important en RC d\u00e9clar\u00e9 sur les exercices ant\u00e9rieurs. <\/span><\/p>\n<p style=\"text-align: justify;\"><span style=\"color: #000000;\">De m\u00eame pour la branche vie, une hausse est enregistr\u00e9e de 11,7%. En outre, les produits financiers bruts se sont sold\u00e9s \u00e0 21 MDT au 31-03-2023 contre 20 MDT \u00e0 fin mars 2022, soit une \u00e9volution de 5,2%.<\/span><\/p>\n<p><strong>Lire aussi:<\/strong><\/p>\n<div class=\"gsc-thumbnail-inside\">\n<div class=\"gs-title\"><a class=\"gs-title\" dir=\"ltr\" href=\"https:\/\/plumeseconomiques.com\/fr\/news\/star-un-resultat-net-en-hausse-de-515-a-319mdt-en-2022\/\" data-cturl=\"https:\/\/www.google.com\/url?client=internal-element-cse&amp;cx=011238217578432545340:5m9aarzzppc&amp;q=https:\/\/plumeseconomiques.com\/fr\/news\/star-un-resultat-net-en-hausse-de-515-a-319mdt-en-2022\/&amp;sa=U&amp;ved=2ahUKEwjPjbrryMj-AhV7VqQEHZd5BlIQFnoECAEQAg&amp;usg=AOvVaw0KdA08A-NY_WOCV008Dffj\" data-ctorig=\"https:\/\/plumeseconomiques.com\/fr\/news\/star-un-resultat-net-en-hausse-de-515-a-319mdt-en-2022\/\"><b>STAR<\/b>: un r\u00e9sultat net en hausse de 51,5% \u00e0 31,9MDT en 2022 &#8230;<\/a><\/div>\n<\/div>\n<div class=\"gsc-thumbnail-inside\">\n<div class=\"gs-title\"><a class=\"gs-title\" dir=\"ltr\" href=\"https:\/\/plumeseconomiques.com\/fr\/finance\/star\/\" data-cturl=\"https:\/\/www.google.com\/url?client=internal-element-cse&amp;cx=011238217578432545340:5m9aarzzppc&amp;q=https:\/\/plumeseconomiques.com\/fr\/finance\/star\/&amp;sa=U&amp;ved=2ahUKEwjPjbrryMj-AhV7VqQEHZd5BlIQFnoECAgQAg&amp;usg=AOvVaw328YYTkl-LfguKse-0dQxP\" data-ctorig=\"https:\/\/plumeseconomiques.com\/fr\/finance\/star\/\"><b>STAR<\/b> : r\u00e9alisation d&rsquo;une transaction de bloc \u2013 Plumes Economiques<\/a><\/div>\n<\/div>\n<div class=\"gsc-thumbnail-inside\">\n<div class=\"gs-title\"><a class=\"gs-title\" dir=\"ltr\" href=\"https:\/\/plumeseconomiques.com\/fr\/news\/STAR-assurance-offrira-des-services-de-couverture-de-risque-automobile-aux-clients-du-concessionnaire-Aures-Aut\/\" data-cturl=\"https:\/\/www.google.com\/url?client=internal-element-cse&amp;cx=011238217578432545340:5m9aarzzppc&amp;q=https:\/\/plumeseconomiques.com\/fr\/news\/STAR-assurance-offrira-des-services-de-couverture-de-risque-automobile-aux-clients-du-concessionnaire-Aures-Aut\/&amp;sa=U&amp;ved=2ahUKEwjPjbrryMj-AhV7VqQEHZd5BlIQFnoECAkQAg&amp;usg=AOvVaw3N4A6-M7Qj9pGKrgrecnWr\" data-ctorig=\"https:\/\/plumeseconomiques.com\/fr\/news\/STAR-assurance-offrira-des-services-de-couverture-de-risque-automobile-aux-clients-du-concessionnaire-Aures-Aut\/\"><b>STAR assurance<\/b> offrira des services de couverture de risque &#8230;<\/a><\/div>\n<\/div>\n","protected":false},"excerpt":{"rendered":"<p>STAR : Les primes \u00e9mises sont en quasi-stagnation au 31-03-2023 Au terme du premier trimestre de l\u2019ann\u00e9e 2023, les primes \u00e9mises de la compagnie STAR ont atteint 127,349 MDT, soit une quasi-stagnation par rapport \u00e0 la m\u00eame p\u00e9riode de 2022. Par ailleurs, les primes acquises ont connu une \u00e9volution de 4,2%, pour s\u2019\u00e9tablir \u00e0 94,099 [&hellip;]<\/p>\n","protected":false},"author":1,"featured_media":52726,"comment_status":"open","ping_status":"open","sticky":false,"template":"","format":"standard","meta":{"_seopress_robots_primary_cat":"","_seopress_titles_title":"","_seopress_titles_desc":"","_seopress_robots_index":"","footnotes":""},"categories":[81,61],"tags":[2954,1109,3859],"class_list":{"0":"post-62068","1":"post","2":"type-post","3":"status-publish","4":"format-standard","5":"has-post-thumbnail","7":"category-finance","8":"category-news","9":"tag-assurance","10":"tag-star","11":"tag-star-assurance"},"_links":{"self":[{"href":"https:\/\/plumeseconomiques.com\/fr\/wp-json\/wp\/v2\/posts\/62068","targetHints":{"allow":["GET"]}}],"collection":[{"href":"https:\/\/plumeseconomiques.com\/fr\/wp-json\/wp\/v2\/posts"}],"about":[{"href":"https:\/\/plumeseconomiques.com\/fr\/wp-json\/wp\/v2\/types\/post"}],"author":[{"embeddable":true,"href":"https:\/\/plumeseconomiques.com\/fr\/wp-json\/wp\/v2\/users\/1"}],"replies":[{"embeddable":true,"href":"https:\/\/plumeseconomiques.com\/fr\/wp-json\/wp\/v2\/comments?post=62068"}],"version-history":[{"count":0,"href":"https:\/\/plumeseconomiques.com\/fr\/wp-json\/wp\/v2\/posts\/62068\/revisions"}],"wp:featuredmedia":[{"embeddable":true,"href":"https:\/\/plumeseconomiques.com\/fr\/wp-json\/wp\/v2\/media\/52726"}],"wp:attachment":[{"href":"https:\/\/plumeseconomiques.com\/fr\/wp-json\/wp\/v2\/media?parent=62068"}],"wp:term":[{"taxonomy":"category","embeddable":true,"href":"https:\/\/plumeseconomiques.com\/fr\/wp-json\/wp\/v2\/categories?post=62068"},{"taxonomy":"post_tag","embeddable":true,"href":"https:\/\/plumeseconomiques.com\/fr\/wp-json\/wp\/v2\/tags?post=62068"}],"curies":[{"name":"wp","href":"https:\/\/api.w.org\/{rel}","templated":true}]}}