{"id":62033,"date":"2023-04-26T00:15:53","date_gmt":"2023-04-25T23:15:53","guid":{"rendered":"https:\/\/plumeseconomiques.com\/fr\/?p=62033"},"modified":"2023-04-26T00:15:53","modified_gmt":"2023-04-25T23:15:53","slug":"cafe-la-consommation-africaine-a-atteint-un-niveau-record-en-2021-2022","status":"publish","type":"post","link":"https:\/\/plumeseconomiques.com\/fr\/magazine\/sous-le-zoom\/cafe-la-consommation-africaine-a-atteint-un-niveau-record-en-2021-2022\/","title":{"rendered":"Caf\u00e9\u00a0: la consommation africaine a atteint un niveau record en 2021\/2022"},"content":{"rendered":"<p style=\"text-align: justify;\"><span style=\"color: #000000;\"><strong>Caf\u00e9\u00a0: la consommation africaine a atteint un niveau record en 2021\/2022 <\/strong><\/span><\/p>\n<p style=\"text-align: justify;\"><span style=\"color: #000000;\">Dans le monde, la consommation de caf\u00e9 est essentiellement l\u2019apanage de l\u2019Europe et de l\u2019Am\u00e9rique. Ces deux zones historiques sont cependant talonn\u00e9es par l\u2019Asie et l\u2019Afrique qui affichent des dynamiques croissantes depuis quelques ann\u00e9es. <\/span><\/p>\n<p style=\"text-align: justify;\"><span style=\"color: #000000;\">En Afrique, le caf\u00e9 est une boisson de plus en plus populaire. Selon le dernier rapport pour le mois de mars publi\u00e9 par l\u2019Organisation internationale du caf\u00e9 (OIC), le continent a consomm\u00e9 12,87 millions de sacs de f\u00e8ves (1 sac = 60\u00a0kg) durant la campagne\u00a02021\/2022.<\/span><\/p>\n<p style=\"text-align: justify;\"><span style=\"color: #000000;\">Ce volume est en hausse de 2,6\u00a0% d\u2019une ann\u00e9e sur l\u2019autre et marque un nouveau record pour la r\u00e9gion o\u00f9 la consommation est en hausse constante depuis 2017\/2018. Dans les d\u00e9tails, la C\u00f4te d\u2019Ivoire est le pays africain qui a vu sa consommation le plus progresser en glissement annuel avec 50\u00a0%, suivi par le Cameroun (25,5\u00a0%), le Maroc (14,7\u00a0%), l\u2019Afrique du Sud (12,7\u00a0%) et le Nig\u00e9ria (9,8\u00a0%). \u00a0<\/span><\/p>\n<p style=\"text-align: justify;\"><span style=\"color: #000000;\">Pour l\u2019essentiel, le classement des principaux consommateurs africains n\u2019a pas \u00e9t\u00e9 bouscul\u00e9. Il est toujours domin\u00e9 par l\u2019\u00c9thiopie qui d\u00e9tient aussi le titre de premier producteur de la rubiac\u00e9e. Les autres leaders sont par ordre d\u2019importance l\u2019Alg\u00e9rie, l\u2019\u00c9gypte et le Maroc, l\u2019Afrique du Sud et la Tunisie.<\/span><\/p>\n<p style=\"text-align: justify;\"><span style=\"color: #000000;\">Si globalement, ces 6 pays repr\u00e9sentent pr\u00e8s de 75\u00a0% du volume total consomm\u00e9 sur le continent africain, il faut aussi noter qu\u2019en Afrique de l\u2019Ouest, la C\u00f4te d\u2019Ivoire est le leader\u00a0et que la RDC est le premier consommateur de f\u00e8ves en Afrique centrale.<\/span><\/p>\n<p style=\"text-align: justify;\"><span style=\"color: #000000;\">D\u2019apr\u00e8s l\u2019OIC, la dynamique africaine devrait encore se poursuivre durant la saison\u00a02022\/2023 avec cette fois-ci, la barre des 13 millions de sacs qui devrait \u00eatre franchie pour la premi\u00e8re fois.<\/span><\/p>\n<p><strong>Lire aussi:<\/strong><\/p>\n<div class=\"gsc-thumbnail-inside\">\n<div class=\"gs-title\"><a class=\"gs-title\" dir=\"ltr\" href=\"https:\/\/plumeseconomiques.com\/fr\/news\/les-tunisiens-a-la-5e-position-mondiale-en-matiere-de-consommation-deau-embouteillee\/\" data-cturl=\"https:\/\/www.google.com\/url?client=internal-element-cse&amp;cx=011238217578432545340:5m9aarzzppc&amp;q=https:\/\/plumeseconomiques.com\/fr\/news\/les-tunisiens-a-la-5e-position-mondiale-en-matiere-de-consommation-deau-embouteillee\/&amp;sa=U&amp;ved=2ahUKEwjXgMHSlMb-AhXlU6QEHXukCa8QFnoECAMQAg&amp;usg=AOvVaw2OtLHHSiSbLHwL-NbG3KX6\" data-ctorig=\"https:\/\/plumeseconomiques.com\/fr\/news\/les-tunisiens-a-la-5e-position-mondiale-en-matiere-de-consommation-deau-embouteillee\/\">Les tunisiens \u00e0 la 5e position mondiale en mati\u00e8re de &#8230;<\/a><\/div>\n<\/div>\n<div class=\"gsc-thumbnail-inside\">\n<div class=\"gs-title\"><a class=\"gs-title\" dir=\"ltr\" href=\"https:\/\/plumeseconomiques.com\/fr\/news\/augmentation-des-prix-a-la-consommation-de-08-en-janvier-2023\/\" data-cturl=\"https:\/\/www.google.com\/url?client=internal-element-cse&amp;cx=011238217578432545340:5m9aarzzppc&amp;q=https:\/\/plumeseconomiques.com\/fr\/news\/augmentation-des-prix-a-la-consommation-de-08-en-janvier-2023\/&amp;sa=U&amp;ved=2ahUKEwjXgMHSlMb-AhXlU6QEHXukCa8QFnoECAkQAg&amp;usg=AOvVaw11L2NJEjIXGlL8CHNx2mjj\" data-ctorig=\"https:\/\/plumeseconomiques.com\/fr\/news\/augmentation-des-prix-a-la-consommation-de-08-en-janvier-2023\/\">Augmentation des prix \u00e0 la <b>consommation<\/b> de 0,8% en janvier 2023 &#8230;<\/a><\/div>\n<\/div>\n<div class=\"gsc-thumbnail-inside\">\n<div class=\"gs-title\"><a class=\"gs-title\" dir=\"ltr\" href=\"https:\/\/plumeseconomiques.com\/fr\/a-la-une\/les-prix-a-la-consommation-augmentent-de-05\/\" data-cturl=\"https:\/\/www.google.com\/url?client=internal-element-cse&amp;cx=011238217578432545340:5m9aarzzppc&amp;q=https:\/\/plumeseconomiques.com\/fr\/a-la-une\/les-prix-a-la-consommation-augmentent-de-05\/&amp;sa=U&amp;ved=2ahUKEwjXgMHSlMb-AhXlU6QEHXukCa8QFnoECAIQAg&amp;usg=AOvVaw07BZivPjyZdqmvjCH5qVHS\" data-ctorig=\"https:\/\/plumeseconomiques.com\/fr\/a-la-une\/les-prix-a-la-consommation-augmentent-de-05\/\">Les prix \u00e0 la <b>consommation<\/b> augmentent de 0,5% \u2013 Plumes &#8230;<\/a><\/div>\n<\/div>\n","protected":false},"excerpt":{"rendered":"<p>Caf\u00e9\u00a0: la consommation africaine a atteint un niveau record en 2021\/2022 Dans le monde, la consommation de caf\u00e9 est essentiellement l\u2019apanage de l\u2019Europe et de l\u2019Am\u00e9rique. Ces deux zones historiques sont cependant talonn\u00e9es par l\u2019Asie et l\u2019Afrique qui affichent des dynamiques croissantes depuis quelques ann\u00e9es. En Afrique, le caf\u00e9 est une boisson de plus en [&hellip;]<\/p>\n","protected":false},"author":1,"featured_media":62034,"comment_status":"open","ping_status":"open","sticky":false,"template":"","format":"standard","meta":{"_seopress_robots_primary_cat":"","_seopress_titles_title":"","_seopress_titles_desc":"","_seopress_robots_index":"","footnotes":""},"categories":[74],"tags":[145,5640,751],"class_list":{"0":"post-62033","1":"post","2":"type-post","3":"status-publish","4":"format-standard","5":"has-post-thumbnail","7":"category-sous-le-zoom","8":"tag-afrique","9":"tag-cafe","10":"tag-consommation"},"_links":{"self":[{"href":"https:\/\/plumeseconomiques.com\/fr\/wp-json\/wp\/v2\/posts\/62033","targetHints":{"allow":["GET"]}}],"collection":[{"href":"https:\/\/plumeseconomiques.com\/fr\/wp-json\/wp\/v2\/posts"}],"about":[{"href":"https:\/\/plumeseconomiques.com\/fr\/wp-json\/wp\/v2\/types\/post"}],"author":[{"embeddable":true,"href":"https:\/\/plumeseconomiques.com\/fr\/wp-json\/wp\/v2\/users\/1"}],"replies":[{"embeddable":true,"href":"https:\/\/plumeseconomiques.com\/fr\/wp-json\/wp\/v2\/comments?post=62033"}],"version-history":[{"count":0,"href":"https:\/\/plumeseconomiques.com\/fr\/wp-json\/wp\/v2\/posts\/62033\/revisions"}],"wp:featuredmedia":[{"embeddable":true,"href":"https:\/\/plumeseconomiques.com\/fr\/wp-json\/wp\/v2\/media\/62034"}],"wp:attachment":[{"href":"https:\/\/plumeseconomiques.com\/fr\/wp-json\/wp\/v2\/media?parent=62033"}],"wp:term":[{"taxonomy":"category","embeddable":true,"href":"https:\/\/plumeseconomiques.com\/fr\/wp-json\/wp\/v2\/categories?post=62033"},{"taxonomy":"post_tag","embeddable":true,"href":"https:\/\/plumeseconomiques.com\/fr\/wp-json\/wp\/v2\/tags?post=62033"}],"curies":[{"name":"wp","href":"https:\/\/api.w.org\/{rel}","templated":true}]}}