{"id":61504,"date":"2023-03-16T19:08:05","date_gmt":"2023-03-16T18:08:05","guid":{"rendered":"https:\/\/plumeseconomiques.com\/fr\/?p=61504"},"modified":"2023-03-16T19:08:05","modified_gmt":"2023-03-16T18:08:05","slug":"cabo-verde-plusieurs-administrateurs-de-la-bad-en-visite-pour-renforcer-la-cooperation-avec-larchipel","status":"publish","type":"post","link":"https:\/\/plumeseconomiques.com\/fr\/international-echo\/cabo-verde-plusieurs-administrateurs-de-la-bad-en-visite-pour-renforcer-la-cooperation-avec-larchipel\/","title":{"rendered":"Cabo Verde\u00a0: plusieurs administrateurs de la BAD en visite pour renforcer la coop\u00e9ration avec l\u2019archipel"},"content":{"rendered":"<p style=\"text-align: justify;\"><span style=\"color: #000000;\"><strong>Cabo Verde\u00a0: plusieurs administrateurs de la BAD en visite pour renforcer la coop\u00e9ration avec l\u2019archipel<\/strong> <\/span><\/p>\n<p style=\"text-align: justify;\"><span style=\"color: #000000;\">Plusieurs administrateurs du <a style=\"color: #000000;\" href=\"https:\/\/www.afdb.org\/fr\">Groupe de la Banque africaine de d\u00e9veloppement<\/a> entament lundi 13 mars 2023, une mission de consultation au Cabo Verde, un pays appuy\u00e9 par la Banque face aux chocs exog\u00e8nes li\u00e9s \u00e0 l&rsquo;invasion de l&rsquo;Ukraine par la Russie et la pand\u00e9mie de Covid-19.<\/span><\/p>\n<p style=\"text-align: justify;\"><span style=\"color: #000000;\">Au total, huit administrateurs prendront part \u00e0 cette mission\u00a0: D\u00e9sir\u00e9 Guedon (Gabon, Benin, Burkina Faso, Cabo Verde, Comores, Mali, Niger, S\u00e9n\u00e9gal), Ahmed Zayed, (\u00c9gypte, Djibouti), Malika Dhif (Maroc, <strong>Tunisie<\/strong>, Togo), St\u00e9phane Mousset (France, Belgique, Espagne), Brahim Bouzeboudjen (Alg\u00e9rie, Guin\u00e9e-Bissau, Madagascar), Xenia Nomfundo Ngwenya (Afrique du Sud, Eswatini, Lesotho), Takaki Nomoto (Japon, Arabie Saoudite, Argentine, Autriche, Br\u00e9sil). Ils seront accompagn\u00e9s des conseillers Adama Rouamba, Mamadou Diop, Fanaye Alemayeu, du directeur g\u00e9n\u00e9ral adjoint de la Banque pour l\u2019Afrique de l\u2019Ouest Joseph Ribeiro, de l\u2019\u00e9conomiste principal Joel Daniel Muzima et du charg\u00e9 de programme pays Jose Antonio Da Graca Pinto\u00a0<\/span><\/p>\n<p style=\"text-align: justify;\"><span style=\"color: #000000;\">Les administrateurs auront plusieurs \u00e9changes avec les plus hautes autorit\u00e9s du pays, notamment le Premier ministre Jos\u00e9 Ulisses Correia e Silva, le vice-Premier ministre Olavo Avelino Garcia Correia, \u00e9galement ministre des Finances, de la Promotion des entreprises, de l\u2019\u00c9conomie num\u00e9rique et gouverneur de la Banque pour le Cabo Verde et Adalgisa Barbosa Vaz, secr\u00e9taire d\u2019\u00c9tat au D\u00e9veloppement des affaires et gouverneur suppl\u00e9ante de la Banque pour le Cabo Verde. Des r\u00e9unions sont \u00e9galement programm\u00e9es avec les ministres sectoriels, notamment ceux de l\u2019Industrie, du Commerce et de l\u2019\u00c9nergie, de l\u2019Administration publique, de l\u2019Agriculture et de l\u2019Environnement, des Infrastructures ainsi qu\u2019avec les secr\u00e9taires d\u2019\u00c9tat en charge de l\u2019\u00c9conomie num\u00e9rique et des Finances.<\/span><\/p>\n<p style=\"text-align: justify;\"><span style=\"color: #000000;\">Les administrateurs rencontreront \u00e9galement les partenaires au d\u00e9veloppement, des repr\u00e9sentants du secteur priv\u00e9 et des organisations de la soci\u00e9t\u00e9 civile cabo verdienne avant de visiter plusieurs projets et infrastructures financ\u00e9s par la Banque. Figurent \u00e9galement dans leur agenda le parc \u00e9olien de Cab\u00e9olica, la Casa do Cidad\u00e3o, le guichet unique pour les questions administratives, les licences et les enregistrements des entreprises ainsi que le projet de mobilisation de l\u2019eau pour l\u2019agriculture. Les visites de terrain m\u00e8neront \u00e9galement les administrateurs sur l\u2019\u00eele volcanique de Fogo au fort potentiel agro-industriel o\u00f9 ils visiteront des projets de fermes agricoles, de production fruiti\u00e8re et \u00e0 l\u2019usine SuiFogo qui produit du fromage et des saucisses.\u00a0<\/span><\/p>\n<p style=\"text-align: justify;\"><span style=\"color: #000000;\">La Banque africaine de d\u00e9veloppement entretient d\u2019excellentes relations avec le Cabo Verde. Elle y finance de nombreux projets structurants dont tr\u00e8s r\u00e9cemment <a style=\"color: #000000;\" href=\"https:\/\/www.afdb.org\/fr\/news-and-events\/press-releases\/cabo-verde-le-port-modernise-de-maio-va-transformer-leconomie-et-stimuler-le-commerce-du-pays-54591\">le port modernis\u00e9 de Maio, inaugur\u00e9 en septembre 2022 par le pr\u00e9sident du Groupe de la Banque Akinwumi Adesina<\/a>, et le <a style=\"color: #000000;\" href=\"https:\/\/www.afdb.org\/fileadmin\/uploads\/afdb\/Documents\/Boards-Documents\/Cap_Vert_-_Projet_de_parc_technologique_-_Rapport_d_%C3%A9valuation.pdf\">Parc technologique<\/a> dont l\u2019inauguration est pr\u00e9vue en avril prochain.<\/span><\/p>\n<p style=\"text-align: justify;\"><span style=\"color: #000000;\">En tant que principale institution de financement du d\u00e9veloppement en Afrique, la Banque africaine de d\u00e9veloppement dispose d\u2019une position unique qui lui permet de continuer \u00e0 fournir des financements \u00e0 long terme et des services de conseil au Cabo Verde pour acc\u00e9l\u00e9rer la diversification de son \u00e9conomie et r\u00e9duire sa vuln\u00e9rabilit\u00e9 aux chocs exog\u00e8nes.<\/span><\/p>\n<p style=\"text-align: justify;\"><span style=\"color: #000000;\">La Banque est aujourd\u2019hui un des partenaires de d\u00e9veloppement privil\u00e9gi\u00e9s du pays. Depuis 1977, date du d\u00e9but de ses activit\u00e9s au Cabo Verde, elle a investi environ 609,8 millions de dollars am\u00e9ricains dans divers secteurs dont, notamment, le transport, l\u2019\u00e9nergie, l\u2019agriculture, l\u2019eau et assainissement, les t\u00e9l\u00e9communications et la gouvernance. <\/span><\/p>\n<p style=\"text-align: justify;\"><span style=\"color: #000000;\">La Banque a notamment financ\u00e9 la construction, l\u2019extension et la modernisation de l\u2019a\u00e9roport de Praia qui a port\u00e9 le nombre de voyageurs journaliers de 400 \u00e0 1000, la construction de lignes de transport et de r\u00e9seaux de distribution \u00e9lectriques, le d\u00e9veloppement num\u00e9rique afin de faire du pays un hub technologique et de d\u00e9veloppement des cha\u00eenes de valeurs agricoles, etc.\u00a0<\/span><\/p>\n<p style=\"text-align: justify;\"><span style=\"color: #000000;\">Le 31 janvier 2023, le portefeuille actif du Groupe de la Banque au Cabo Verde comptait quatre op\u00e9rations pour une valeur de 68 millions de dollars.<\/span><\/p>\n<p><strong>Lire aussi:<\/strong><\/p>\n<div class=\"gsc-thumbnail-inside\">\n<div class=\"gs-title\"><a class=\"gs-title\" dir=\"ltr\" href=\"https:\/\/plumeseconomiques.com\/fr\/a-la-une\/la-berd-et-la-bad-reiterent-leurs-soutient-a-la-tunisie-dans-ses-reformes\/\" data-cturl=\"https:\/\/www.google.com\/url?client=internal-element-cse&amp;cx=011238217578432545340:5m9aarzzppc&amp;q=https:\/\/plumeseconomiques.com\/fr\/a-la-une\/la-berd-et-la-bad-reiterent-leurs-soutient-a-la-tunisie-dans-ses-reformes\/&amp;sa=U&amp;ved=2ahUKEwibg_2CheH9AhU6VKQEHaUQD5sQFnoECAIQAg&amp;usg=AOvVaw1Rty515jqTQBAd6omMaTqc\" data-ctorig=\"https:\/\/plumeseconomiques.com\/fr\/a-la-une\/la-berd-et-la-bad-reiterent-leurs-soutient-a-la-tunisie-dans-ses-reformes\/\">La BERD et La <b>BAD<\/b> r\u00e9it\u00e8rent leurs soutient \u00e0 la TUNISIE dans ses &#8230;<\/a><\/div>\n<\/div>\n<div class=\"gsc-thumbnail-inside\">\n<div class=\"gs-title\"><a class=\"gs-title\" dir=\"ltr\" href=\"https:\/\/plumeseconomiques.com\/fr\/international-echo\/la-bad-recoit-10-millions-deuros-du-fonds-nordique-de-developpement-pour-stimuler-le-developpement-des-villes-en-afrique\/\" data-cturl=\"https:\/\/www.google.com\/url?client=internal-element-cse&amp;cx=011238217578432545340:5m9aarzzppc&amp;q=https:\/\/plumeseconomiques.com\/fr\/international-echo\/la-bad-recoit-10-millions-deuros-du-fonds-nordique-de-developpement-pour-stimuler-le-developpement-des-villes-en-afrique\/&amp;sa=U&amp;ved=2ahUKEwibg_2CheH9AhU6VKQEHaUQD5sQFnoECAkQAg&amp;usg=AOvVaw03HOI892SwLSmmE-5UXMt4\" data-ctorig=\"https:\/\/plumeseconomiques.com\/fr\/international-echo\/la-bad-recoit-10-millions-deuros-du-fonds-nordique-de-developpement-pour-stimuler-le-developpement-des-villes-en-afrique\/\">La <b>BAD<\/b> re\u00e7oit 10 millions d&rsquo;euros du Fonds nordique de &#8230;<\/a><\/div>\n<\/div>\n<div class=\"gsc-thumbnail-inside\">\n<div class=\"gs-title\"><a class=\"gs-title\" dir=\"ltr\" href=\"https:\/\/plumeseconomiques.com\/fr\/magazine\/sous-le-zoom\/le-volume-des-investissements-de-la-bad-en-tunisie-a-atteint-14-milliard-de-dollars\/\" data-cturl=\"https:\/\/www.google.com\/url?client=internal-element-cse&amp;cx=011238217578432545340:5m9aarzzppc&amp;q=https:\/\/plumeseconomiques.com\/fr\/magazine\/sous-le-zoom\/le-volume-des-investissements-de-la-bad-en-tunisie-a-atteint-14-milliard-de-dollars\/&amp;sa=U&amp;ved=2ahUKEwibg_2CheH9AhU6VKQEHaUQD5sQFnoECAYQAg&amp;usg=AOvVaw0WNKYITc1KeCxdXybFJT8k\" data-ctorig=\"https:\/\/plumeseconomiques.com\/fr\/magazine\/sous-le-zoom\/le-volume-des-investissements-de-la-bad-en-tunisie-a-atteint-14-milliard-de-dollars\/\">Le volume des investissements de la <b>BAD<\/b> en Tunisie, a atteint 1,4 &#8230;<\/a><\/div>\n<\/div>\n","protected":false},"excerpt":{"rendered":"<p>Cabo Verde\u00a0: plusieurs administrateurs de la BAD en visite pour renforcer la coop\u00e9ration avec l\u2019archipel Plusieurs administrateurs du Groupe de la Banque africaine de d\u00e9veloppement entament lundi 13 mars 2023, une mission de consultation au Cabo Verde, un pays appuy\u00e9 par la Banque face aux chocs exog\u00e8nes li\u00e9s \u00e0 l&rsquo;invasion de l&rsquo;Ukraine par la Russie [&hellip;]<\/p>\n","protected":false},"author":1,"featured_media":61516,"comment_status":"open","ping_status":"open","sticky":false,"template":"","format":"standard","meta":{"_seopress_robots_primary_cat":"","_seopress_titles_title":"","_seopress_titles_desc":"","_seopress_robots_index":"","footnotes":""},"categories":[78],"tags":[1521,47,5527,1065],"class_list":{"0":"post-61504","1":"post","2":"type-post","3":"status-publish","4":"format-standard","5":"has-post-thumbnail","7":"category-international-echo","8":"tag-archipel","9":"tag-bad","10":"tag-cabo-verde","11":"tag-cooperation"},"_links":{"self":[{"href":"https:\/\/plumeseconomiques.com\/fr\/wp-json\/wp\/v2\/posts\/61504","targetHints":{"allow":["GET"]}}],"collection":[{"href":"https:\/\/plumeseconomiques.com\/fr\/wp-json\/wp\/v2\/posts"}],"about":[{"href":"https:\/\/plumeseconomiques.com\/fr\/wp-json\/wp\/v2\/types\/post"}],"author":[{"embeddable":true,"href":"https:\/\/plumeseconomiques.com\/fr\/wp-json\/wp\/v2\/users\/1"}],"replies":[{"embeddable":true,"href":"https:\/\/plumeseconomiques.com\/fr\/wp-json\/wp\/v2\/comments?post=61504"}],"version-history":[{"count":0,"href":"https:\/\/plumeseconomiques.com\/fr\/wp-json\/wp\/v2\/posts\/61504\/revisions"}],"wp:featuredmedia":[{"embeddable":true,"href":"https:\/\/plumeseconomiques.com\/fr\/wp-json\/wp\/v2\/media\/61516"}],"wp:attachment":[{"href":"https:\/\/plumeseconomiques.com\/fr\/wp-json\/wp\/v2\/media?parent=61504"}],"wp:term":[{"taxonomy":"category","embeddable":true,"href":"https:\/\/plumeseconomiques.com\/fr\/wp-json\/wp\/v2\/categories?post=61504"},{"taxonomy":"post_tag","embeddable":true,"href":"https:\/\/plumeseconomiques.com\/fr\/wp-json\/wp\/v2\/tags?post=61504"}],"curies":[{"name":"wp","href":"https:\/\/api.w.org\/{rel}","templated":true}]}}