{"id":61069,"date":"2023-02-23T23:03:50","date_gmt":"2023-02-23T22:03:50","guid":{"rendered":"https:\/\/plumeseconomiques.com\/fr\/?p=61069"},"modified":"2023-02-23T23:03:50","modified_gmt":"2023-02-23T22:03:50","slug":"samsung-en-tete-du-marche-mondial-de-la-television-pour-la-17e-annee-consecutive","status":"publish","type":"post","link":"https:\/\/plumeseconomiques.com\/fr\/conso\/hi-tech\/samsung-en-tete-du-marche-mondial-de-la-television-pour-la-17e-annee-consecutive\/","title":{"rendered":"Samsung en t\u00eate du march\u00e9 mondial de la t\u00e9l\u00e9vision pour la 17e ann\u00e9e cons\u00e9cutive"},"content":{"rendered":"<p style=\"text-align: justify;\"><span style=\"color: #000000;\"><strong>Samsung en t\u00eate du march\u00e9 mondial de la t\u00e9l\u00e9vision pour la 17e ann\u00e9e cons\u00e9cutive<\/strong><\/span><\/p>\n<p style=\"text-align: justify;\"><span style=\"color: #000000;\">Gr\u00e2ce \u00e0 son expertise technique et \u00e0 son innovation de pointe, Samsung Electronics a \u00e9t\u00e9 reconnu pour son leadership et son excellence sur le march\u00e9 mondial.<\/span><\/p>\n<p style=\"text-align: justify;\"><span style=\"color: #000000;\">Selon le cabinet d&rsquo;\u00e9tudes de march\u00e9 Omdia, Samsung a de nouveau domin\u00e9 le march\u00e9 mondial de la t\u00e9l\u00e9vision en 2022, ce qui en fait la 17e ann\u00e9e cons\u00e9cutive que la soci\u00e9t\u00e9 se classe au premier rang de l&rsquo;industrie de la t\u00e9l\u00e9vision.\u00a0Cette r\u00e9alisation peut \u00eatre attribu\u00e9e \u00e0 l&rsquo;engagement de l&rsquo;entreprise envers des exp\u00e9riences de visionnage haut de gamme et une conception centr\u00e9e sur l&rsquo;utilisateur.<\/span><\/p>\n<p style=\"text-align: justify;\"><span style=\"color: #000000;\">En donnant la priorit\u00e9 \u00e0 sa gamme de produits haut de gamme, Samsung a maintenu son leadership in\u00e9gal\u00e9 dans l&rsquo;industrie de la t\u00e9l\u00e9vision pendant 17 ans, comme en t\u00e9moigne sa gamme Neo QLED.\u00a0En 2022, Samsung a vendu 9,65 millions d&rsquo;unit\u00e9s stup\u00e9fiantes de t\u00e9l\u00e9viseurs QLED et Neo QLED, portant les ventes cumul\u00e9es \u00e0 35 millions d&rsquo;unit\u00e9s depuis son lancement en 2017. <\/span><\/p>\n<p style=\"text-align: justify;\"><span style=\"color: #000000;\">Samsung a \u00e9galement domin\u00e9 le segment du march\u00e9 des t\u00e9l\u00e9viseurs ultra-larges en 2022, avec 36,1 % et 42,9 % part de march\u00e9 des t\u00e9l\u00e9viseurs de plus de 75 pouces et 80 pouces respectivement.\u00a0Pour le march\u00e9 des t\u00e9l\u00e9viseurs haut de gamme dont le prix d\u00e9passe 2 500 $, Samsung a conserv\u00e9 la plus grande part de march\u00e9 en termes de revenus, \u00e0 48,6 %.<\/span><\/p>\n<p style=\"text-align: justify;\"><span style=\"color: #000000;\">\u00ab Notre exp\u00e9rience en tant que leader de l&rsquo;industrie au cours des 17 derni\u00e8res ann\u00e9es a \u00e9t\u00e9 rendue possible par la fid\u00e9lit\u00e9 et la confiance continues de nos consommateurs dans nos produits \u00bb, a d\u00e9clar\u00e9 Cheolgi Kim, vice-pr\u00e9sident ex\u00e9cutif de Visual Display Business chez Samsung Electronics.\u00a0\u00ab\u00a0Nous continuerons \u00e0 ouvrir la voie pour cr\u00e9er les exp\u00e9riences d&rsquo;appareil les plus premium qui vont au-del\u00e0 de la qualit\u00e9 d&rsquo;image premium.\u00a0\u00bb<\/span><\/p>\n<p style=\"text-align: justify;\"><span style=\"color: #000000;\"><img loading=\"lazy\" decoding=\"async\" class=\"alignnone wp-image-61071 size-full\" src=\"https:\/\/www.plumeseconomiques.com\/fr\/wp-content\/uploads\/2023\/02\/17Year_TV_Market_main2.jpg\" alt=\"Samsung en t\u00eate du march\u00e9 mondial de la t\u00e9l\u00e9vision pour la 17e ann\u00e9e cons\u00e9cutive\" width=\"700\" height=\"474\" srcset=\"https:\/\/www.plumeseconomiques.com\/fr\/wp-content\/uploads\/2023\/02\/17Year_TV_Market_main2.jpg 700w, https:\/\/www.plumeseconomiques.com\/fr\/wp-content\/uploads\/2023\/02\/17Year_TV_Market_main2-300x203.jpg 300w\" sizes=\"auto, (max-width: 700px) 100vw, 700px\" \/>Le leadership de Samsung sur le march\u00e9 de la t\u00e9l\u00e9vision pendant 17 ann\u00e9es cons\u00e9cutives t\u00e9moigne de l&rsquo;engagement de l&rsquo;entreprise \u00e0 fournir les produits les plus innovants avec des conceptions centr\u00e9es sur le consommateur et des exp\u00e9riences utilisateur am\u00e9lior\u00e9es.<\/span><\/p>\n<p style=\"text-align: justify;\"><span style=\"color: #000000;\">Le lancement du t\u00e9l\u00e9viseur Bordeaux en 2006 a marqu\u00e9 l&rsquo;adoption g\u00e9n\u00e9ralis\u00e9e des t\u00e9l\u00e9viseurs LCD avec des designs sophistiqu\u00e9s et un facteur de forme l\u00e9ger.\u00a0<\/span><\/p>\n<p style=\"text-align: justify;\"><span style=\"color: #000000;\">C&rsquo;\u00e9tait \u00e9galement la premi\u00e8re fois que Samsung se classait num\u00e9ro un sur le march\u00e9 mondial de la t\u00e9l\u00e9vision.\u00a0La soci\u00e9t\u00e9 a continu\u00e9 \u00e0 rapprocher les technologies r\u00e9volutionnaires des consommateurs en lan\u00e7ant son premier t\u00e9l\u00e9viseur LED en 2009 et Smart TV en 2011, occupant la premi\u00e8re place du march\u00e9 tout au long de chacun de ces lancements et apr\u00e8s.<\/span><\/p>\n<p style=\"text-align: justify;\"><span style=\"color: #000000;\">Samsung a continu\u00e9 \u00e0 repousser les limites de la qualit\u00e9 d&rsquo;image et de l&rsquo;innovation en introduisant \u00e9galement des produits dot\u00e9s des derni\u00e8res technologies.\u00a0En 2017, Samsung a d\u00e9fini le terme \u00ab \u00e9cran de nouvelle g\u00e9n\u00e9ration \u00bb en d\u00e9voilant le premier t\u00e9l\u00e9viseur QLED, qui utilisait la technologie des points quantiques pour atteindre un volume de couleurs de 100 % pour la premi\u00e8re fois dans l&rsquo;industrie.\u00a0En 2018, la soci\u00e9t\u00e9 a lanc\u00e9 le r\u00e9volutionnaire QLED 8K, suivi du Quantum Mini LED-backedNeo QLED et du MICRO LED auto-\u00e9clairant en 2021. Cet ensemble de technologies innovantes a red\u00e9fini la norme en mati\u00e8re de qualit\u00e9 d&rsquo;image TV et a continu\u00e9 \u00e0 \u00e9tablir de nouvelles r\u00e9f\u00e9rences dans l&rsquo;industrie. chaque fois.<\/span><\/p>\n<p style=\"text-align: justify;\"><span style=\"color: #000000;\">De plus, Samsung a \u00e9t\u00e9 \u00e0 l&rsquo;avant-garde de nouvelles cat\u00e9gories pionni\u00e8res telles que la s\u00e9rie Lifestyle.\u00a0En commen\u00e7ant par le design embl\u00e9matique de The Serif en 2016, Samsung a continu\u00e9 \u00e0 faire \u00e9voluer sa gamme de produits avec des designs pour am\u00e9liorer l&rsquo;exp\u00e9rience utilisateur gr\u00e2ce \u00e0 des produits tels que The Frame, The Sero, The Terrace, The Premiere et The Freestyle.<\/span><\/p>\n<p style=\"text-align: justify;\"><span style=\"color: #000000;\">En 2023, l&rsquo;engagement de Samsung en faveur de l&rsquo;innovation se poursuit avec le d\u00e9veloppement d&rsquo;une technologie intuitive con\u00e7ue pour r\u00e9pondre aux besoins des utilisateurs.\u00a0SmartThings permettra une int\u00e9gration et une connectivit\u00e9 transparentes de plusieurs appareils, la s\u00e9curit\u00e9 restant une priorit\u00e9 absolue, permettant aux utilisateurs de cr\u00e9er des exp\u00e9riences profond\u00e9ment personnalis\u00e9es qui r\u00e9pondent \u00e0 la fois \u00e0 leurs pr\u00e9f\u00e9rences et \u00e0 leurs besoins uniques.<\/span><\/p>\n<p><strong>Lire aussi:<\/strong><\/p>\n<div class=\"gsc-thumbnail-inside\">\n<div class=\"gs-title\"><a class=\"gs-title\" dir=\"ltr\" href=\"https:\/\/plumeseconomiques.com\/fr\/conso\/hi-tech\/samsung-annonce-son-intention-de-creer-lultime-experience-de-maison-durable-samsung-global-newsroom\/\" data-cturl=\"https:\/\/www.google.com\/url?client=internal-element-cse&amp;cx=011238217578432545340:5m9aarzzppc&amp;q=https:\/\/plumeseconomiques.com\/fr\/conso\/hi-tech\/samsung-annonce-son-intention-de-creer-lultime-experience-de-maison-durable-samsung-global-newsroom\/&amp;sa=U&amp;ved=2ahUKEwj4uLu_0az9AhVf9bsIHThJD6AQFnoECAMQAg&amp;usg=AOvVaw3qnYFDVim1xfX9hybyCDtp\" data-ctorig=\"https:\/\/plumeseconomiques.com\/fr\/conso\/hi-tech\/samsung-annonce-son-intention-de-creer-lultime-experience-de-maison-durable-samsung-global-newsroom\/\"><b>Samsung<\/b> annonce son intention de cr\u00e9er l&rsquo;ultime exp\u00e9rience de &#8230;<\/a><\/div>\n<\/div>\n<div class=\"gsc-thumbnail-inside\">\n<div class=\"gs-title\"><a class=\"gs-title\" dir=\"ltr\" href=\"https:\/\/plumeseconomiques.com\/fr\/conso\/hi-tech\/Samsung-Tunisie-lance-deux-nouvelles-__Samsung-Academy\/\" data-cturl=\"https:\/\/www.google.com\/url?client=internal-element-cse&amp;cx=011238217578432545340:5m9aarzzppc&amp;q=https:\/\/plumeseconomiques.com\/fr\/conso\/hi-tech\/Samsung-Tunisie-lance-deux-nouvelles-__Samsung-Academy\/&amp;sa=U&amp;ved=2ahUKEwj4uLu_0az9AhVf9bsIHThJD6AQFnoECAUQAg&amp;usg=AOvVaw1RJCrb7zwXME5Rl2PKhCFq\" data-ctorig=\"https:\/\/plumeseconomiques.com\/fr\/conso\/hi-tech\/Samsung-Tunisie-lance-deux-nouvelles-__Samsung-Academy\/\"><b>Samsung<\/b> Tunisie lance deux nouvelles \u00a0\u00bb<b>Samsung<\/b> Academy &#8230;<\/a><\/div>\n<\/div>\n<div class=\"gsc-thumbnail-inside\">\n<div class=\"gs-title\"><a class=\"gs-title\" dir=\"ltr\" href=\"https:\/\/plumeseconomiques.com\/fr\/conso\/hi-tech\/samsung-elargit-son-ecosysteme-de-sante-et-bien-etrea-vec-des-services-de-sante-encore-plus-connectes-et-diversifies\/\" data-cturl=\"https:\/\/www.google.com\/url?client=internal-element-cse&amp;cx=011238217578432545340:5m9aarzzppc&amp;q=https:\/\/plumeseconomiques.com\/fr\/conso\/hi-tech\/samsung-elargit-son-ecosysteme-de-sante-et-bien-etrea-vec-des-services-de-sante-encore-plus-connectes-et-diversifies\/&amp;sa=U&amp;ved=2ahUKEwj4uLu_0az9AhVf9bsIHThJD6AQFnoECAgQAg&amp;usg=AOvVaw123H0X2CsVFWnB_PArIiVj\" data-ctorig=\"https:\/\/plumeseconomiques.com\/fr\/conso\/hi-tech\/samsung-elargit-son-ecosysteme-de-sante-et-bien-etrea-vec-des-services-de-sante-encore-plus-connectes-et-diversifies\/\"><b>Samsung<\/b> \u00e9largit son \u00e9cosyst\u00e8me de sant\u00e9 et bien-\u00eatrea vec des &#8230;<\/a><\/div>\n<\/div>\n","protected":false},"excerpt":{"rendered":"<p>Samsung en t\u00eate du march\u00e9 mondial de la t\u00e9l\u00e9vision pour la 17e ann\u00e9e cons\u00e9cutive Gr\u00e2ce \u00e0 son expertise technique et \u00e0 son innovation de pointe, Samsung Electronics a \u00e9t\u00e9 reconnu pour son leadership et son excellence sur le march\u00e9 mondial. Selon le cabinet d&rsquo;\u00e9tudes de march\u00e9 Omdia, Samsung a de nouveau domin\u00e9 le march\u00e9 mondial [&hellip;]<\/p>\n","protected":false},"author":1,"featured_media":61072,"comment_status":"open","ping_status":"open","sticky":false,"template":"","format":"standard","meta":{"_seopress_robots_primary_cat":"","_seopress_titles_title":"","_seopress_titles_desc":"","_seopress_robots_index":"","footnotes":""},"categories":[103],"tags":[869,3029],"class_list":{"0":"post-61069","1":"post","2":"type-post","3":"status-publish","4":"format-standard","5":"has-post-thumbnail","7":"category-hi-tech","8":"tag-samsung","9":"tag-television"},"_links":{"self":[{"href":"https:\/\/plumeseconomiques.com\/fr\/wp-json\/wp\/v2\/posts\/61069","targetHints":{"allow":["GET"]}}],"collection":[{"href":"https:\/\/plumeseconomiques.com\/fr\/wp-json\/wp\/v2\/posts"}],"about":[{"href":"https:\/\/plumeseconomiques.com\/fr\/wp-json\/wp\/v2\/types\/post"}],"author":[{"embeddable":true,"href":"https:\/\/plumeseconomiques.com\/fr\/wp-json\/wp\/v2\/users\/1"}],"replies":[{"embeddable":true,"href":"https:\/\/plumeseconomiques.com\/fr\/wp-json\/wp\/v2\/comments?post=61069"}],"version-history":[{"count":0,"href":"https:\/\/plumeseconomiques.com\/fr\/wp-json\/wp\/v2\/posts\/61069\/revisions"}],"wp:featuredmedia":[{"embeddable":true,"href":"https:\/\/plumeseconomiques.com\/fr\/wp-json\/wp\/v2\/media\/61072"}],"wp:attachment":[{"href":"https:\/\/plumeseconomiques.com\/fr\/wp-json\/wp\/v2\/media?parent=61069"}],"wp:term":[{"taxonomy":"category","embeddable":true,"href":"https:\/\/plumeseconomiques.com\/fr\/wp-json\/wp\/v2\/categories?post=61069"},{"taxonomy":"post_tag","embeddable":true,"href":"https:\/\/plumeseconomiques.com\/fr\/wp-json\/wp\/v2\/tags?post=61069"}],"curies":[{"name":"wp","href":"https:\/\/api.w.org\/{rel}","templated":true}]}}