{"id":60985,"date":"2023-02-16T00:57:14","date_gmt":"2023-02-15T23:57:14","guid":{"rendered":"https:\/\/plumeseconomiques.com\/fr\/?p=60985"},"modified":"2023-02-16T00:57:14","modified_gmt":"2023-02-15T23:57:14","slug":"bizerte-de-nouveaux-projets-pour-promouvoir-le-tourisme","status":"publish","type":"post","link":"https:\/\/plumeseconomiques.com\/fr\/regions\/bizerte-de-nouveaux-projets-pour-promouvoir-le-tourisme\/","title":{"rendered":"Bizerte: De nouveaux projets pour promouvoir le tourisme"},"content":{"rendered":"<p style=\"text-align: justify;\"><strong><span style=\"color: #000000;\">Bizerte: De nouveaux projets pour promouvoir le tourisme<br \/>\n<\/span><\/strong><\/p>\n<p style=\"text-align: justify;\"><span style=\"color: #000000;\">Le ministre du Tourisme et de l\u2019Artisanat, Mohamed Moez Belhassine, a donn\u00e9 le coup d\u2019envoi hier, mercredi 25 janvier, \u00e0 Bizerte du projet, <em>les libres de Sejnane<\/em> <span class=\"x193iq5w\">\u00ab\u00a0<span dir=\"RTL\" lang=\"AR-SA\">\u062d\u0631\u0627\u064a\u0631 \u0633\u062c\u0646\u0627\u0646<\/span>\u00a0\u00bb<\/span><\/span><\/p>\n<p style=\"text-align: justify;\"><span class=\"x193iq5w\" style=\"color: #000000;\">Ce projet permettra de \u00ab\u00a0cr\u00e9er une nouvelle dynamique touristique dans la r\u00e9gion, contribuera \u00e0 valoriser les richesses que rec\u00e8le Sejnane, en termes de c\u00e9ramique ancestrale h\u00e9rit\u00e9e de g\u00e9n\u00e9ration en g\u00e9n\u00e9ration, et participera au d\u00e9veloppement de l\u2019attraction touristique de ce gouvernorat du Nord de la Tunisie\u00a0\u00bb.<\/span><\/p>\n<p><strong>Lire aussi:<\/strong><\/p>\n<div class=\"gsc-thumbnail-inside\">\n<div class=\"gs-title\"><a class=\"gs-title\" dir=\"ltr\" href=\"https:\/\/plumeseconomiques.com\/fr\/news\/ciments-de-bizerte-arret-preventif-de-lusine-du-10-au-15-janvier-2022\/\" data-cturl=\"https:\/\/www.google.com\/url?client=internal-element-cse&amp;cx=011238217578432545340:5m9aarzzppc&amp;q=https:\/\/plumeseconomiques.com\/fr\/news\/ciments-de-bizerte-arret-preventif-de-lusine-du-10-au-15-janvier-2022\/&amp;sa=U&amp;ved=2ahUKEwix84CT3Zj9AhXZUqQEHTD-BTYQFnoECAQQAg&amp;usg=AOvVaw2J14TCo5n3MlN4Dv_472bk\" data-ctorig=\"https:\/\/plumeseconomiques.com\/fr\/news\/ciments-de-bizerte-arret-preventif-de-lusine-du-10-au-15-janvier-2022\/\">Ciments de <b>Bizerte<\/b>: Arr\u00eat pr\u00e9ventif de l&rsquo;usine (Du 10 au 15 janvier &#8230;<\/a><\/div>\n<\/div>\n<div class=\"gsc-thumbnail-inside\">\n<div class=\"gs-title\"><a class=\"gs-title\" dir=\"ltr\" href=\"https:\/\/plumeseconomiques.com\/fr\/finance\/ciments-de-bizerte-importante-baisse-de-30-35-des-revenus-1er-trimestre-2022\/\" data-cturl=\"https:\/\/www.google.com\/url?client=internal-element-cse&amp;cx=011238217578432545340:5m9aarzzppc&amp;q=https:\/\/plumeseconomiques.com\/fr\/finance\/ciments-de-bizerte-importante-baisse-de-30-35-des-revenus-1er-trimestre-2022\/&amp;sa=U&amp;ved=2ahUKEwix84CT3Zj9AhXZUqQEHTD-BTYQFnoECAkQAg&amp;usg=AOvVaw0yI4K2Ocgk8_30JuvcB5PX\" data-ctorig=\"https:\/\/plumeseconomiques.com\/fr\/finance\/ciments-de-bizerte-importante-baisse-de-30-35-des-revenus-1er-trimestre-2022\/\">CIMENTS DE <b>BIZERTE<\/b>: importante baisse de 30.35% des revenus &#8230;<\/a><\/div>\n<\/div>\n<div class=\"gsc-thumbnail-inside\">\n<div class=\"gs-title\"><a class=\"gs-title\" dir=\"ltr\" href=\"https:\/\/plumeseconomiques.com\/fr\/actualites-feminin\/Bizerte-Une-maison-digitale-pour-promouvoir-l-autonomisation-de-la-femm\/\" data-cturl=\"https:\/\/www.google.com\/url?client=internal-element-cse&amp;cx=011238217578432545340:5m9aarzzppc&amp;q=https:\/\/plumeseconomiques.com\/fr\/actualites-feminin\/Bizerte-Une-maison-digitale-pour-promouvoir-l-autonomisation-de-la-femm\/&amp;sa=U&amp;ved=2ahUKEwix84CT3Zj9AhXZUqQEHTD-BTYQFnoECAAQAg&amp;usg=AOvVaw2hesteLH7VIH8nGC6ohNcE\" data-ctorig=\"https:\/\/plumeseconomiques.com\/fr\/actualites-feminin\/Bizerte-Une-maison-digitale-pour-promouvoir-l-autonomisation-de-la-femm\/\"><b>Bizerte<\/b> : Une maison digitale pour promouvoir l&rsquo;autonomisation de la &#8230;<\/a><\/div>\n<\/div>\n","protected":false},"excerpt":{"rendered":"<p>Bizerte: De nouveaux projets pour promouvoir le tourisme Le ministre du Tourisme et de l\u2019Artisanat, Mohamed Moez Belhassine, a donn\u00e9 le coup d\u2019envoi hier, mercredi 25 janvier, \u00e0 Bizerte du projet, les libres de Sejnane \u00ab\u00a0\u062d\u0631\u0627\u064a\u0631 \u0633\u062c\u0646\u0627\u0646\u00a0\u00bb Ce projet permettra de \u00ab\u00a0cr\u00e9er une nouvelle dynamique touristique dans la r\u00e9gion, contribuera \u00e0 valoriser les richesses que [&hellip;]<\/p>\n","protected":false},"author":1,"featured_media":61026,"comment_status":"open","ping_status":"open","sticky":false,"template":"","format":"standard","meta":{"_seopress_robots_primary_cat":"","_seopress_titles_title":"","_seopress_titles_desc":"","_seopress_robots_index":"","footnotes":""},"categories":[64],"tags":[200,150,179],"class_list":{"0":"post-60985","1":"post","2":"type-post","3":"status-publish","4":"format-standard","5":"has-post-thumbnail","7":"category-regions","8":"tag-bizerte","9":"tag-projet","10":"tag-tourisme"},"_links":{"self":[{"href":"https:\/\/plumeseconomiques.com\/fr\/wp-json\/wp\/v2\/posts\/60985","targetHints":{"allow":["GET"]}}],"collection":[{"href":"https:\/\/plumeseconomiques.com\/fr\/wp-json\/wp\/v2\/posts"}],"about":[{"href":"https:\/\/plumeseconomiques.com\/fr\/wp-json\/wp\/v2\/types\/post"}],"author":[{"embeddable":true,"href":"https:\/\/plumeseconomiques.com\/fr\/wp-json\/wp\/v2\/users\/1"}],"replies":[{"embeddable":true,"href":"https:\/\/plumeseconomiques.com\/fr\/wp-json\/wp\/v2\/comments?post=60985"}],"version-history":[{"count":0,"href":"https:\/\/plumeseconomiques.com\/fr\/wp-json\/wp\/v2\/posts\/60985\/revisions"}],"wp:featuredmedia":[{"embeddable":true,"href":"https:\/\/plumeseconomiques.com\/fr\/wp-json\/wp\/v2\/media\/61026"}],"wp:attachment":[{"href":"https:\/\/plumeseconomiques.com\/fr\/wp-json\/wp\/v2\/media?parent=60985"}],"wp:term":[{"taxonomy":"category","embeddable":true,"href":"https:\/\/plumeseconomiques.com\/fr\/wp-json\/wp\/v2\/categories?post=60985"},{"taxonomy":"post_tag","embeddable":true,"href":"https:\/\/plumeseconomiques.com\/fr\/wp-json\/wp\/v2\/tags?post=60985"}],"curies":[{"name":"wp","href":"https:\/\/api.w.org\/{rel}","templated":true}]}}