{"id":60925,"date":"2023-02-13T00:03:05","date_gmt":"2023-02-12T23:03:05","guid":{"rendered":"https:\/\/plumeseconomiques.com\/fr\/?p=60925"},"modified":"2023-02-13T00:03:05","modified_gmt":"2023-02-12T23:03:05","slug":"sotetel-enregistre-une-croissance-des-revenus-de-27-a-fin-decembre-2022","status":"publish","type":"post","link":"https:\/\/plumeseconomiques.com\/fr\/news\/sotetel-enregistre-une-croissance-des-revenus-de-27-a-fin-decembre-2022\/","title":{"rendered":"SOTETEL enregistre une croissance des revenus de 27% \u00e0 fin D\u00e9cembre 2022"},"content":{"rendered":"<p style=\"text-align: justify;\"><strong><span style=\"color: #000000;\">SOTETEL enregistre une croissance des revenus de 27% \u00e0 fin D\u00e9cembre 2022<\/span><\/strong><\/p>\n<p style=\"text-align: justify;\"><span style=\"color: #000000;\">Les indicateurs d\u2019activit\u00e9 de la soci\u00e9t\u00e9 SOTETEL relatifs au 4\u00e8me trimestre 2022 font ressortir un chiffre d\u2019affaires de 16 438 mDT contre 12 175 mDT au terme du 4\u00e8me trimestre 2021, soit une hausse de 35%. <\/span><\/p>\n<p style=\"text-align: justify;\"><span style=\"color: #000000;\">Sur le march\u00e9 local, les revenus se sont inscrits en hausse de 33% par rapport au 4\u00e8me trimestre 2021 pour s\u2019\u00e9tablir \u00e0 16 116 mDT au 31\/12\/2022 contre 12 119 mDT au 31\/12\/2021. <\/span><\/p>\n<p style=\"text-align: justify;\"><span style=\"color: #000000;\">De m\u00eame, le chiffre d\u2019affaires \u00e0 l\u2019export s\u2019est envol\u00e9 de 478% \u00e0 322 mDT au terme du 4\u00e8me trimestre 2022. <\/span><\/p>\n<p style=\"text-align: justify;\"><span style=\"color: #000000;\">Les revenus cumul\u00e9s affichent une croissance de 27,4% sur la p\u00e9riode, passant de 39 070 mDT au 31 D\u00e9cembre 2021 \u00e0 49 785 mDT au 31 D\u00e9cembre 2022.<\/span><\/p>\n<p style=\"text-align: justify;\"><span style=\"color: #000000;\">Par ailleurs, les charges d&rsquo;exploitation se sont \u00e9tablies \u00e0 13 867 mDT, en hausse de 38,1% par rapport au 4\u00e8me trimestre 2021. Les achats consomm\u00e9s se sont \u00e9lev\u00e9s \u00e0 9 237 mDT au 31\/12\/2022 contre 5 939 mDT au 31\/12\/2021, soit une hausse de 55,5%. <\/span><\/p>\n<p style=\"text-align: justify;\"><span style=\"color: #000000;\">Cette augmentation est \u00e9troitement li\u00e9e \u00e0 l\u2019augmentation du chiffre d\u2019affaires local. En outre, les charges de personnel sont pass\u00e9es de 3 225 mDT contre 3 626 mDT au 31 D\u00e9cembre 2021, soit une hausse de 12,4%.<\/span><\/p>\n<p><strong>Lire aussi:<\/strong><\/p>\n<div class=\"gsc-thumbnail-inside\">\n<div class=\"gs-title\"><a class=\"gs-title\" dir=\"ltr\" href=\"https:\/\/plumeseconomiques.com\/fr\/news\/sotetel-nomination-de-tarek-hdiji-administrateur-par-interim-pour-la-societe\/\" data-cturl=\"https:\/\/www.google.com\/url?client=internal-element-cse&amp;cx=011238217578432545340:5m9aarzzppc&amp;q=https:\/\/plumeseconomiques.com\/fr\/news\/sotetel-nomination-de-tarek-hdiji-administrateur-par-interim-pour-la-societe\/&amp;sa=U&amp;ved=2ahUKEwi62NPLi5H9AhV_V6QEHTnWBi8QFnoECAAQAg&amp;usg=AOvVaw2yqH62mKPXGYM17d1uontP\" data-ctorig=\"https:\/\/plumeseconomiques.com\/fr\/news\/sotetel-nomination-de-tarek-hdiji-administrateur-par-interim-pour-la-societe\/\"><b>SOTETEL<\/b> \u2013 Nomination de Tarek Hdiji administrateur par int\u00e9rim &#8230;<\/a><\/div>\n<\/div>\n<div class=\"gsc-thumbnail-inside\">\n<div class=\"gs-title\"><a class=\"gs-title\" dir=\"ltr\" href=\"https:\/\/plumeseconomiques.com\/fr\/news\/sotetel-a-entame-ses-operations-de-maintenance-du-reseau-de-go-malta\/\" data-cturl=\"https:\/\/www.google.com\/url?client=internal-element-cse&amp;cx=011238217578432545340:5m9aarzzppc&amp;q=https:\/\/plumeseconomiques.com\/fr\/news\/sotetel-a-entame-ses-operations-de-maintenance-du-reseau-de-go-malta\/&amp;sa=U&amp;ved=2ahUKEwi62NPLi5H9AhV_V6QEHTnWBi8QFnoECAkQAg&amp;usg=AOvVaw1ejUpRoojeHtYCA2IKnKi1\" data-ctorig=\"https:\/\/plumeseconomiques.com\/fr\/news\/sotetel-a-entame-ses-operations-de-maintenance-du-reseau-de-go-malta\/\"><b>Sotetel<\/b> a entam\u00e9 ses op\u00e9rations de maintenance du r\u00e9seau de Go &#8230;<\/a><\/div>\n<\/div>\n<div class=\"gsc-thumbnail-inside\">\n<div class=\"gs-title\"><a class=\"gs-title\" dir=\"ltr\" href=\"https:\/\/plumeseconomiques.com\/fr\/chiffre-cle\/sotetel-distribution-d-un-dividende-de-0200-dt-par-action\/\" data-cturl=\"https:\/\/www.google.com\/url?client=internal-element-cse&amp;cx=011238217578432545340:5m9aarzzppc&amp;q=https:\/\/plumeseconomiques.com\/fr\/chiffre-cle\/sotetel-distribution-d-un-dividende-de-0200-dt-par-action\/&amp;sa=U&amp;ved=2ahUKEwi62NPLi5H9AhV_V6QEHTnWBi8QFnoECAgQAg&amp;usg=AOvVaw2adNegxmNeXLt5snKsgs5i\" data-ctorig=\"https:\/\/plumeseconomiques.com\/fr\/chiffre-cle\/sotetel-distribution-d-un-dividende-de-0200-dt-par-action\/\"><b>Sotetel<\/b>: distribution d&rsquo;un dividende de 0,200 Dt par action \u2013 Plumes &#8230;<\/a><\/div>\n<\/div>\n","protected":false},"excerpt":{"rendered":"<p>SOTETEL enregistre une croissance des revenus de 27% \u00e0 fin D\u00e9cembre 2022 Les indicateurs d\u2019activit\u00e9 de la soci\u00e9t\u00e9 SOTETEL relatifs au 4\u00e8me trimestre 2022 font ressortir un chiffre d\u2019affaires de 16 438 mDT contre 12 175 mDT au terme du 4\u00e8me trimestre 2021, soit une hausse de 35%. Sur le march\u00e9 local, les revenus se [&hellip;]<\/p>\n","protected":false},"author":1,"featured_media":56948,"comment_status":"open","ping_status":"open","sticky":false,"template":"","format":"standard","meta":{"_seopress_robots_primary_cat":"","_seopress_titles_title":"","_seopress_titles_desc":"","_seopress_robots_index":"","footnotes":""},"categories":[61],"tags":[216,553,819],"class_list":{"0":"post-60925","1":"post","2":"type-post","3":"status-publish","4":"format-standard","5":"has-post-thumbnail","7":"category-news","8":"tag-croissance","9":"tag-revenus","10":"tag-sotetel"},"_links":{"self":[{"href":"https:\/\/plumeseconomiques.com\/fr\/wp-json\/wp\/v2\/posts\/60925","targetHints":{"allow":["GET"]}}],"collection":[{"href":"https:\/\/plumeseconomiques.com\/fr\/wp-json\/wp\/v2\/posts"}],"about":[{"href":"https:\/\/plumeseconomiques.com\/fr\/wp-json\/wp\/v2\/types\/post"}],"author":[{"embeddable":true,"href":"https:\/\/plumeseconomiques.com\/fr\/wp-json\/wp\/v2\/users\/1"}],"replies":[{"embeddable":true,"href":"https:\/\/plumeseconomiques.com\/fr\/wp-json\/wp\/v2\/comments?post=60925"}],"version-history":[{"count":0,"href":"https:\/\/plumeseconomiques.com\/fr\/wp-json\/wp\/v2\/posts\/60925\/revisions"}],"wp:featuredmedia":[{"embeddable":true,"href":"https:\/\/plumeseconomiques.com\/fr\/wp-json\/wp\/v2\/media\/56948"}],"wp:attachment":[{"href":"https:\/\/plumeseconomiques.com\/fr\/wp-json\/wp\/v2\/media?parent=60925"}],"wp:term":[{"taxonomy":"category","embeddable":true,"href":"https:\/\/plumeseconomiques.com\/fr\/wp-json\/wp\/v2\/categories?post=60925"},{"taxonomy":"post_tag","embeddable":true,"href":"https:\/\/plumeseconomiques.com\/fr\/wp-json\/wp\/v2\/tags?post=60925"}],"curies":[{"name":"wp","href":"https:\/\/api.w.org\/{rel}","templated":true}]}}