{"id":60273,"date":"2023-01-06T00:31:23","date_gmt":"2023-01-05T23:31:23","guid":{"rendered":"https:\/\/plumeseconomiques.com\/fr\/?p=60273"},"modified":"2023-01-06T00:31:23","modified_gmt":"2023-01-05T23:31:23","slug":"tunisie-bouden-sentretient-avec-une-delegation-de-lutap-sur-les-difficultes-des-filieres-agricoles","status":"publish","type":"post","link":"https:\/\/plumeseconomiques.com\/fr\/a-la-une\/tunisie-bouden-sentretient-avec-une-delegation-de-lutap-sur-les-difficultes-des-filieres-agricoles\/","title":{"rendered":"Tunisie : Bouden s\u2019entretient avec une d\u00e9l\u00e9gation de l\u2019UTAP sur les difficult\u00e9s des fili\u00e8res agricoles"},"content":{"rendered":"<p style=\"text-align: justify;\"><strong><span style=\"color: #000000;\">Tunisie : Bouden s\u2019entretient avec une d\u00e9l\u00e9gation de l\u2019UTAP sur les difficult\u00e9s des fili\u00e8res agricoles<\/span><\/strong><\/p>\n<p style=\"text-align: justify;\"><span style=\"color: #000000;\">Dans le cadre d\u2019une s\u00e9rie d\u2019entretiens qu\u2019elle a men\u00e9s, hier, mardi 03 janvier 2023, avec les repr\u00e9sentants des organisations nationales, pour l\u2019\u00e9change des v\u0153ux du nouvel an et l\u2019examen de la situation g\u00e9n\u00e9rale dans le pays, la cheffe du gouvernement, Najla Bouden, s\u2019est entretenue avec pr\u00e9sident de l\u2019Union tunisienne de l\u2019Agriculture, et de la P\u00eache, Noureddine Ayed, accompagn\u00e9 par Moez Ben Zaghdene et Sameh Arfa, respectivement, vice-pr\u00e9sident de l\u2019UTAP et sa tr\u00e9sori\u00e8re.<\/span><\/p>\n<p style=\"text-align: justify;\"><span style=\"color: #000000;\">Bouden a interagi, positivement, aux propositions de l\u2019organisation agricole, pour d\u00e9bloquer de nombreux probl\u00e8mes, indique un communiqu\u00e9 de la pr\u00e9sidence du gouvernement.<\/span><\/p>\n<p style=\"text-align: justify;\"><span style=\"color: #000000;\">Elle a appel\u00e9 \u00e0 plus de concertations sur diff\u00e9rents dossiers et probl\u00e8mes inh\u00e9rents au secteur de l\u2019agriculture et de la p\u00eache, en vue de pr\u00e9server les fili\u00e8res de production, et en consolider la r\u00e9silience et la solidit\u00e9.<\/span><\/p>\n<p style=\"text-align: justify;\"><span style=\"color: #000000;\">La cheffe du gouvernement avait auparavant, re\u00e7u, <span style=\"text-decoration: none;\">le SG de l\u2019UGTT et le pr\u00e9sident de l\u2019UTICA<\/span>, ainsi que <span style=\"text-decoration: none;\">la pr\u00e9sidente de l\u2019UNFT<\/span>.<\/span><\/p>\n<p><strong>Lire aussi:<\/strong><\/p>\n<div class=\"gsc-thumbnail-inside\">\n<div class=\"gs-title\"><a class=\"gs-title\" dir=\"ltr\" href=\"https:\/\/plumeseconomiques.com\/fr\/magazine\/sous-le-zoom\/lutap-soutient-les-protestations-des-agriculteurs-contre-la-deterioration-des-filieres-de-production\/\" data-cturl=\"https:\/\/www.google.com\/url?client=internal-element-cse&amp;cx=011238217578432545340:5m9aarzzppc&amp;q=https:\/\/plumeseconomiques.com\/fr\/magazine\/sous-le-zoom\/lutap-soutient-les-protestations-des-agriculteurs-contre-la-deterioration-des-filieres-de-production\/&amp;sa=U&amp;ved=2ahUKEwiM6fLsyrH8AhWOm6QKHVsXDtcQFnoECAcQAg&amp;usg=AOvVaw06gsydb2JVY3nt4mZAgKZv\" data-ctorig=\"https:\/\/plumeseconomiques.com\/fr\/magazine\/sous-le-zoom\/lutap-soutient-les-protestations-des-agriculteurs-contre-la-deterioration-des-filieres-de-production\/\">L&rsquo;<b>UTAP<\/b> soutient les protestations des agriculteurs contre la &#8230;<\/a><\/div>\n<\/div>\n<div class=\"gsc-thumbnail-inside\">\n<div class=\"gs-title\"><a class=\"gs-title\" dir=\"ltr\" href=\"https:\/\/plumeseconomiques.com\/fr\/news\/lutap-appelle-les-agriculteurs-a-faire-preuve-de-patience-pour-la-recolte-de-tomates\/\" data-cturl=\"https:\/\/www.google.com\/url?client=internal-element-cse&amp;cx=011238217578432545340:5m9aarzzppc&amp;q=https:\/\/plumeseconomiques.com\/fr\/news\/lutap-appelle-les-agriculteurs-a-faire-preuve-de-patience-pour-la-recolte-de-tomates\/&amp;sa=U&amp;ved=2ahUKEwiM6fLsyrH8AhWOm6QKHVsXDtcQFnoECAkQAg&amp;usg=AOvVaw0YM40K6v24Mv5ohjsSosfF\" data-ctorig=\"https:\/\/plumeseconomiques.com\/fr\/news\/lutap-appelle-les-agriculteurs-a-faire-preuve-de-patience-pour-la-recolte-de-tomates\/\">L&rsquo;<b>UTAP<\/b> appelle les agriculteurs \u00e0 faire preuve de patience pour la &#8230;<\/a><\/div>\n<\/div>\n<div class=\"gsc-thumbnail-inside\">\n<div class=\"gs-title\"><a class=\"gs-title\" dir=\"ltr\" href=\"https:\/\/plumeseconomiques.com\/fr\/news\/L-UTAP-vers-une-participation-aux-prochaines-elections-municipales\/\" data-cturl=\"https:\/\/www.google.com\/url?client=internal-element-cse&amp;cx=011238217578432545340:5m9aarzzppc&amp;q=https:\/\/plumeseconomiques.com\/fr\/news\/L-UTAP-vers-une-participation-aux-prochaines-elections-municipales\/&amp;sa=U&amp;ved=2ahUKEwiM6fLsyrH8AhWOm6QKHVsXDtcQFnoECAEQAg&amp;usg=AOvVaw3F4N00z6Hr23yRcP1bB2ne\" data-ctorig=\"https:\/\/plumeseconomiques.com\/fr\/news\/L-UTAP-vers-une-participation-aux-prochaines-elections-municipales\/\">L&rsquo;<b>UTAP<\/b> : vers une participation aux prochaines \u00e9lections &#8230;<\/a><\/div>\n<\/div>\n","protected":false},"excerpt":{"rendered":"<p>Tunisie : Bouden s\u2019entretient avec une d\u00e9l\u00e9gation de l\u2019UTAP sur les difficult\u00e9s des fili\u00e8res agricoles Dans le cadre d\u2019une s\u00e9rie d\u2019entretiens qu\u2019elle a men\u00e9s, hier, mardi 03 janvier 2023, avec les repr\u00e9sentants des organisations nationales, pour l\u2019\u00e9change des v\u0153ux du nouvel an et l\u2019examen de la situation g\u00e9n\u00e9rale dans le pays, la cheffe du gouvernement, [&hellip;]<\/p>\n","protected":false},"author":1,"featured_media":60321,"comment_status":"open","ping_status":"open","sticky":false,"template":"","format":"standard","meta":{"_seopress_robots_primary_cat":"","_seopress_titles_title":"","_seopress_titles_desc":"","_seopress_robots_index":"","footnotes":""},"categories":[82],"tags":[2860,5273,574,21,319],"class_list":{"0":"post-60273","1":"post","2":"type-post","3":"status-publish","4":"format-standard","5":"has-post-thumbnail","7":"category-a-la-une","8":"tag-agricoles","9":"tag-bouden","10":"tag-delegation","11":"tag-tunisie","12":"tag-utap"},"_links":{"self":[{"href":"https:\/\/plumeseconomiques.com\/fr\/wp-json\/wp\/v2\/posts\/60273","targetHints":{"allow":["GET"]}}],"collection":[{"href":"https:\/\/plumeseconomiques.com\/fr\/wp-json\/wp\/v2\/posts"}],"about":[{"href":"https:\/\/plumeseconomiques.com\/fr\/wp-json\/wp\/v2\/types\/post"}],"author":[{"embeddable":true,"href":"https:\/\/plumeseconomiques.com\/fr\/wp-json\/wp\/v2\/users\/1"}],"replies":[{"embeddable":true,"href":"https:\/\/plumeseconomiques.com\/fr\/wp-json\/wp\/v2\/comments?post=60273"}],"version-history":[{"count":0,"href":"https:\/\/plumeseconomiques.com\/fr\/wp-json\/wp\/v2\/posts\/60273\/revisions"}],"wp:featuredmedia":[{"embeddable":true,"href":"https:\/\/plumeseconomiques.com\/fr\/wp-json\/wp\/v2\/media\/60321"}],"wp:attachment":[{"href":"https:\/\/plumeseconomiques.com\/fr\/wp-json\/wp\/v2\/media?parent=60273"}],"wp:term":[{"taxonomy":"category","embeddable":true,"href":"https:\/\/plumeseconomiques.com\/fr\/wp-json\/wp\/v2\/categories?post=60273"},{"taxonomy":"post_tag","embeddable":true,"href":"https:\/\/plumeseconomiques.com\/fr\/wp-json\/wp\/v2\/tags?post=60273"}],"curies":[{"name":"wp","href":"https:\/\/api.w.org\/{rel}","templated":true}]}}