{"id":60173,"date":"2022-12-27T19:50:06","date_gmt":"2022-12-27T18:50:06","guid":{"rendered":"https:\/\/plumeseconomiques.com\/fr\/?p=60173"},"modified":"2022-12-27T19:50:06","modified_gmt":"2022-12-27T18:50:06","slug":"gif-filter-agoage-le-lundi-26-decembre-2022","status":"publish","type":"post","link":"https:\/\/plumeseconomiques.com\/fr\/finance\/gif-filter-agoage-le-lundi-26-decembre-2022\/","title":{"rendered":"GIF-FILTER &#8211; AGO&#038;AGE le Lundi 26 D\u00e9cembre 2022"},"content":{"rendered":"<p style=\"text-align: justify;\"><span style=\"color: #000000;\"><strong>GIF-FILTER &#8211; AGO&amp;AGE le Lundi 26 D\u00e9cembre 2022<\/strong> <\/span><\/p>\n<p style=\"text-align: justify;\"><span style=\"color: #000000;\">La soci\u00e9t\u00e9 \u00ab GIF FILTER \u00bb a organis\u00e9 son Assembl\u00e9e G\u00e9n\u00e9rale Ordinaire, le lundi 26 d\u00e9cembre 2022.<\/span><\/p>\n<p style=\"text-align: justify;\"><strong><span style=\"color: #000000;\">L\u2019ordre du jour de l<\/span><span style=\"color: #000000;\">adite Assembl\u00e9e G\u00e9n\u00e9rale Ordinaire :<\/span><\/strong><br \/>\n<span style=\"color: #000000;\">1. Ratification du mode et des d\u00e9lais de convocation de l\u2019Assembl\u00e9e G\u00e9n\u00e9rale Ordinaire.<\/span><br \/>\n<span style=\"color: #000000;\">2. Lecture et approbation du rapport d\u2019activit\u00e9 au titre de l&rsquo;exercice clos au 31 \/12\/ 2020 ;<\/span><br \/>\n<span style=\"color: #000000;\">3. Lecture du rapport g\u00e9n\u00e9ral du commissaire aux comptes au titre de l\u2019exercice clos au 31\/12\/2020.<\/span><br \/>\n<span style=\"color: #000000;\">4. Affectation des r\u00e9sultats de l\u2019exercice clos au 31\/12\/2020.<\/span><br \/>\n<span style=\"color: #000000;\">5. Lecture du rapport sp\u00e9cial du commissaire aux comptes et approbation des conventions r\u00e9glement\u00e9es au titre de l\u2019exercice clos 31\/12\/2020.<\/span><br \/>\n<span style=\"color: #000000;\">6. Quitus aux administrateurs au titre de l\u2019exercice clos au 31\/12\/2020.<\/span><br \/>\n<span style=\"color: #000000;\">7. Allocation des jetons de pr\u00e9sence aux administrateurs au titre de l\u2019exercice clos le 31\/12\/2020.<\/span><br \/>\n<span style=\"color: #000000;\">8. Allocation de la r\u00e9mun\u00e9ration des membres du Comit\u00e9 Permanent d\u2019Audit au titre de l\u2019exercice clos le 31\/12\/2020.<\/span><br \/>\n<span style=\"color: #000000;\">9. Pouvoirs pour formalit\u00e9s.<\/span><br \/>\n<span style=\"color: #000000;\">Les actionnaires sont convi\u00e9s \u00e9galement \u00e0 la r\u00e9union de l\u2019Assembl\u00e9e G\u00e9n\u00e9rale Extraordinaire, le lundi 26 d\u00e9cembre 2022.<\/span><\/p>\n<p><strong>Lire aussi:<\/strong><\/p>\n<div class=\"gsc-thumbnail-inside\">\n<div class=\"gs-title\"><a class=\"gs-title\" dir=\"ltr\" href=\"https:\/\/plumeseconomiques.com\/fr\/news\/gif-augmentation-de-35-de-la-production-des-fruits-de-saison\/\" data-cturl=\"https:\/\/www.google.com\/url?client=internal-element-cse&amp;cx=011238217578432545340:5m9aarzzppc&amp;q=https:\/\/plumeseconomiques.com\/fr\/news\/gif-augmentation-de-35-de-la-production-des-fruits-de-saison\/&amp;sa=U&amp;ved=2ahUKEwidv66Ju5r8AhXhVqQEHfWRBSAQFnoECAkQAg&amp;usg=AOvVaw0IEewbBcpqSR-mFo5ig9RN\" data-ctorig=\"https:\/\/plumeseconomiques.com\/fr\/news\/gif-augmentation-de-35-de-la-production-des-fruits-de-saison\/\"><b>GIF<\/b>: augmentation de 3,5% de la production des fruits de saison &#8230;<\/a><\/div>\n<\/div>\n<div class=\"gsc-thumbnail-inside\">\n<div class=\"gs-title\"><a class=\"gs-title\" dir=\"ltr\" href=\"https:\/\/plumeseconomiques.com\/fr\/finance\/gif-filter-loin-de-la-rentabilite-malgre-une-amelioration-de-son-chiffre-daffaires-en-2017\/\" data-cturl=\"https:\/\/www.google.com\/url?client=internal-element-cse&amp;cx=011238217578432545340:5m9aarzzppc&amp;q=https:\/\/plumeseconomiques.com\/fr\/finance\/gif-filter-loin-de-la-rentabilite-malgre-une-amelioration-de-son-chiffre-daffaires-en-2017\/&amp;sa=U&amp;ved=2ahUKEwidv66Ju5r8AhXhVqQEHfWRBSAQFnoECAQQAg&amp;usg=AOvVaw1Bt-zYyoG0cInr40Ndhp4u\" data-ctorig=\"https:\/\/plumeseconomiques.com\/fr\/finance\/gif-filter-loin-de-la-rentabilite-malgre-une-amelioration-de-son-chiffre-daffaires-en-2017\/\"><b>GIF<\/b> Filter loin de la rentabilit\u00e9 malgr\u00e9 une am\u00e9lioration de son chiffre &#8230;<\/a><\/div>\n<\/div>\n<div class=\"gsc-thumbnail-inside\">\n<div class=\"gs-title\"><a class=\"gs-title\" dir=\"ltr\" href=\"https:\/\/plumeseconomiques.com\/fr\/finance\/Gif-Filter-sous-le-zoom-du-CMF\/\" data-cturl=\"https:\/\/www.google.com\/url?client=internal-element-cse&amp;cx=011238217578432545340:5m9aarzzppc&amp;q=https:\/\/plumeseconomiques.com\/fr\/finance\/Gif-Filter-sous-le-zoom-du-CMF\/&amp;sa=U&amp;ved=2ahUKEwidv66Ju5r8AhXhVqQEHfWRBSAQFnoECAYQAg&amp;usg=AOvVaw3bPWQnuDdnPHikbaNMziKK\" data-ctorig=\"https:\/\/plumeseconomiques.com\/fr\/finance\/Gif-Filter-sous-le-zoom-du-CMF\/\"><b>Gif<\/b> Filter sous le zoom du CMF \u2013 Plumes Economiques<\/a><\/div>\n<\/div>\n","protected":false},"excerpt":{"rendered":"<p>GIF-FILTER &#8211; AGO&amp;AGE le Lundi 26 D\u00e9cembre 2022 La soci\u00e9t\u00e9 \u00ab GIF FILTER \u00bb a organis\u00e9 son Assembl\u00e9e G\u00e9n\u00e9rale Ordinaire, le lundi 26 d\u00e9cembre 2022. L\u2019ordre du jour de ladite Assembl\u00e9e G\u00e9n\u00e9rale Ordinaire : 1. Ratification du mode et des d\u00e9lais de convocation de l\u2019Assembl\u00e9e G\u00e9n\u00e9rale Ordinaire. 2. Lecture et approbation du rapport d\u2019activit\u00e9 au [&hellip;]<\/p>\n","protected":false},"author":1,"featured_media":40544,"comment_status":"open","ping_status":"open","sticky":false,"template":"","format":"standard","meta":{"_seopress_robots_primary_cat":"","_seopress_titles_title":"","_seopress_titles_desc":"","_seopress_robots_index":"","footnotes":""},"categories":[81],"tags":[297,854],"class_list":{"0":"post-60173","1":"post","2":"type-post","3":"status-publish","4":"format-standard","5":"has-post-thumbnail","7":"category-finance","8":"tag-bourse","9":"tag-gif-filter"},"_links":{"self":[{"href":"https:\/\/plumeseconomiques.com\/fr\/wp-json\/wp\/v2\/posts\/60173","targetHints":{"allow":["GET"]}}],"collection":[{"href":"https:\/\/plumeseconomiques.com\/fr\/wp-json\/wp\/v2\/posts"}],"about":[{"href":"https:\/\/plumeseconomiques.com\/fr\/wp-json\/wp\/v2\/types\/post"}],"author":[{"embeddable":true,"href":"https:\/\/plumeseconomiques.com\/fr\/wp-json\/wp\/v2\/users\/1"}],"replies":[{"embeddable":true,"href":"https:\/\/plumeseconomiques.com\/fr\/wp-json\/wp\/v2\/comments?post=60173"}],"version-history":[{"count":0,"href":"https:\/\/plumeseconomiques.com\/fr\/wp-json\/wp\/v2\/posts\/60173\/revisions"}],"wp:featuredmedia":[{"embeddable":true,"href":"https:\/\/plumeseconomiques.com\/fr\/wp-json\/wp\/v2\/media\/40544"}],"wp:attachment":[{"href":"https:\/\/plumeseconomiques.com\/fr\/wp-json\/wp\/v2\/media?parent=60173"}],"wp:term":[{"taxonomy":"category","embeddable":true,"href":"https:\/\/plumeseconomiques.com\/fr\/wp-json\/wp\/v2\/categories?post=60173"},{"taxonomy":"post_tag","embeddable":true,"href":"https:\/\/plumeseconomiques.com\/fr\/wp-json\/wp\/v2\/tags?post=60173"}],"curies":[{"name":"wp","href":"https:\/\/api.w.org\/{rel}","templated":true}]}}