{"id":60061,"date":"2022-12-23T00:36:53","date_gmt":"2022-12-22T23:36:53","guid":{"rendered":"https:\/\/plumeseconomiques.com\/fr\/?p=60061"},"modified":"2022-12-23T00:36:53","modified_gmt":"2022-12-22T23:36:53","slug":"la-cotation-des-actions-de-la-societe-cerealis-est-suspendue-a-partir-du-23-decembre-2022","status":"publish","type":"post","link":"https:\/\/plumeseconomiques.com\/fr\/finance\/la-cotation-des-actions-de-la-societe-cerealis-est-suspendue-a-partir-du-23-decembre-2022\/","title":{"rendered":"La cotation des actions de la soci\u00e9t\u00e9 C\u00e9r\u00e9alis est suspendue \u00e0 partir du 23 d\u00e9cembre 2022"},"content":{"rendered":"<p style=\"text-align: justify;\"><span style=\"color: #000000;\"><strong><span dir=\"ltr\" role=\"presentation\">La<\/span> <span dir=\"ltr\" role=\"presentation\">cotation<\/span> <span dir=\"ltr\" role=\"presentation\">des<\/span> <span dir=\"ltr\" role=\"presentation\">actions<\/span> <span dir=\"ltr\" role=\"presentation\">de<\/span> <span dir=\"ltr\" role=\"presentation\">la<\/span> <span dir=\"ltr\" role=\"presentation\">soci\u00e9t\u00e9<\/span> <span dir=\"ltr\" role=\"presentation\">C\u00e9r\u00e9alis<\/span> <span dir=\"ltr\" role=\"presentation\">est<\/span> <span dir=\"ltr\" role=\"presentation\">suspendue<\/span> <span dir=\"ltr\" role=\"presentation\">\u00e0<\/span> <span dir=\"ltr\" role=\"presentation\">partir <\/span><span dir=\"ltr\" role=\"presentation\">du<\/span> <span dir=\"ltr\" role=\"presentation\">23 d\u00e9cembre 2022<\/span><\/strong><\/span><br role=\"presentation\" \/><br role=\"presentation\" \/><span style=\"color: #000000;\"><span dir=\"ltr\" role=\"presentation\">Le Conseil du March\u00e9 Financier a \u00e9t\u00e9 saisi d\u2019une demande de lancement d\u2019une Offre Publique <\/span><span dir=\"ltr\" role=\"presentation\">de Retrait -OPR- visant les actions de la soci\u00e9t\u00e9 C\u00e9r\u00e9alis.<\/span><\/span><\/p>\n<p style=\"text-align: justify;\"><span style=\"color: #000000;\"><span dir=\"ltr\" role=\"presentation\">Par cette demande, la soci\u00e9t\u00e9 \u00abCardinal Brands Limited\u00bb, d\u00e9tenant de concert avec la soci\u00e9t\u00e9 <\/span><span dir=\"ltr\" role=\"presentation\">\u00abPower Brands\u00bb,<\/span> <span dir=\"ltr\" role=\"presentation\">4 654 447 actions<\/span><span dir=\"ltr\" role=\"presentation\">, repr\u00e9sentant<\/span> <span dir=\"ltr\" role=\"presentation\">95,20%<\/span> <span dir=\"ltr\" role=\"presentation\">des droits de vote de la soci\u00e9t\u00e9 <\/span><span dir=\"ltr\" role=\"presentation\">C\u00e9r\u00e9alis, entend lancer une OPR visant l\u2019acquisition par la soci\u00e9t\u00e9 \u00abPower Brands\u00bb des <\/span><span dir=\"ltr\" role=\"presentation\">actions que cette derni\u00e8re ne d\u00e9tient pas dans le capital de ladite soci\u00e9t\u00e9 et ce, dans le cadre <\/span><span dir=\"ltr\" role=\"presentation\">des dispositions de l&rsquo;article 173 du R\u00e8glement G\u00e9n\u00e9ral de la Bourse.<\/span><\/span><\/p>\n<p style=\"text-align: justify;\"><span style=\"color: #000000;\"><span dir=\"ltr\" role=\"presentation\">De<\/span> <span dir=\"ltr\" role=\"presentation\">ce<\/span> <span dir=\"ltr\" role=\"presentation\">fait,<\/span> <span dir=\"ltr\" role=\"presentation\">la<\/span> <span dir=\"ltr\" role=\"presentation\">cotation<\/span> <span dir=\"ltr\" role=\"presentation\">des<\/span> <span dir=\"ltr\" role=\"presentation\">actions<\/span> <span dir=\"ltr\" role=\"presentation\">de<\/span> <span dir=\"ltr\" role=\"presentation\">la<\/span> <span dir=\"ltr\" role=\"presentation\">soci\u00e9t\u00e9<\/span> <span dir=\"ltr\" role=\"presentation\">C\u00e9r\u00e9alis<\/span> <span dir=\"ltr\" role=\"presentation\">est<\/span> <span dir=\"ltr\" role=\"presentation\">suspendue<\/span> <span dir=\"ltr\" role=\"presentation\">\u00e0<\/span> <span dir=\"ltr\" role=\"presentation\">partir <\/span><\/span><span style=\"color: #000000;\"><span dir=\"ltr\" role=\"presentation\">du<\/span> <span dir=\"ltr\" role=\"presentation\">23 d\u00e9cembre 2022<\/span><span dir=\"ltr\" role=\"presentation\">.<\/span><\/span><\/p>\n<p><strong>Lire aussi:<\/strong><\/p>\n<div class=\"gsc-thumbnail-inside\">\n<div class=\"gs-title\"><a class=\"gs-title\" dir=\"ltr\" href=\"https:\/\/plumeseconomiques.com\/fr\/news\/cerealis-un-resultat-net-en-hausse-de-1614-au-30-06-2022\/\" data-cturl=\"https:\/\/www.google.com\/url?client=internal-element-cse&amp;cx=011238217578432545340:5m9aarzzppc&amp;q=https:\/\/plumeseconomiques.com\/fr\/news\/cerealis-un-resultat-net-en-hausse-de-1614-au-30-06-2022\/&amp;sa=U&amp;ved=2ahUKEwjD2I28sY78AhUrR_EDHViwA7kQFnoECAgQAg&amp;usg=AOvVaw1IfhqZ4TyzS8DP7WWwZtaZ\" data-ctorig=\"https:\/\/plumeseconomiques.com\/fr\/news\/cerealis-un-resultat-net-en-hausse-de-1614-au-30-06-2022\/\"><b>CEREALIS<\/b> \u2013 Un r\u00e9sultat net en hausse de 16,14% au 30-06-2022 &#8230;<\/a><\/div>\n<\/div>\n<div class=\"gsc-thumbnail-inside\">\n<div class=\"gs-title\"><a class=\"gs-title\" dir=\"ltr\" href=\"https:\/\/plumeseconomiques.com\/fr\/finance\/cerealis-realise-une-croissance-de-143-de-son-chiffre-daffaire\/\" data-cturl=\"https:\/\/www.google.com\/url?client=internal-element-cse&amp;cx=011238217578432545340:5m9aarzzppc&amp;q=https:\/\/plumeseconomiques.com\/fr\/finance\/cerealis-realise-une-croissance-de-143-de-son-chiffre-daffaire\/&amp;sa=U&amp;ved=2ahUKEwjD2I28sY78AhUrR_EDHViwA7kQFnoECAAQAg&amp;usg=AOvVaw1g37CJFIl1enxt6joxpqy7\" data-ctorig=\"https:\/\/plumeseconomiques.com\/fr\/finance\/cerealis-realise-une-croissance-de-143-de-son-chiffre-daffaire\/\"><b>CEREALIS<\/b> r\u00e9alise une croissance de 14,3% de son chiffre d&rsquo;affaire &#8230;<\/a><\/div>\n<\/div>\n<div class=\"gsc-thumbnail-inside\">\n<div class=\"gs-title\"><a class=\"gs-title\" dir=\"ltr\" href=\"https:\/\/plumeseconomiques.com\/fr\/finance\/autorisation-dune-operation-dacquisition-dun-bloc-de-titres-dans-le-capital-de-la-societe-cerealis\/\" data-cturl=\"https:\/\/www.google.com\/url?client=internal-element-cse&amp;cx=011238217578432545340:5m9aarzzppc&amp;q=https:\/\/plumeseconomiques.com\/fr\/finance\/autorisation-dune-operation-dacquisition-dun-bloc-de-titres-dans-le-capital-de-la-societe-cerealis\/&amp;sa=U&amp;ved=2ahUKEwjD2I28sY78AhUrR_EDHViwA7kQFnoECAkQAg&amp;usg=AOvVaw0pBCrmyx1pVWgnb8JZOYZY\" data-ctorig=\"https:\/\/plumeseconomiques.com\/fr\/finance\/autorisation-dune-operation-dacquisition-dun-bloc-de-titres-dans-le-capital-de-la-societe-cerealis\/\">Autorisation d&rsquo;une op\u00e9ration d&rsquo;acquisition d&rsquo;un bloc de titres dans le &#8230;<\/a><\/div>\n<\/div>\n","protected":false},"excerpt":{"rendered":"<p>La cotation des actions de la soci\u00e9t\u00e9 C\u00e9r\u00e9alis est suspendue \u00e0 partir du 23 d\u00e9cembre 2022Le Conseil du March\u00e9 Financier a \u00e9t\u00e9 saisi d\u2019une demande de lancement d\u2019une Offre Publique de Retrait -OPR- visant les actions de la soci\u00e9t\u00e9 C\u00e9r\u00e9alis. Par cette demande, la soci\u00e9t\u00e9 \u00abCardinal Brands Limited\u00bb, d\u00e9tenant de concert avec la soci\u00e9t\u00e9 \u00abPower [&hellip;]<\/p>\n","protected":false},"author":1,"featured_media":54151,"comment_status":"open","ping_status":"open","sticky":false,"template":"","format":"standard","meta":{"_seopress_robots_primary_cat":"","_seopress_titles_title":"","_seopress_titles_desc":"","_seopress_robots_index":"","footnotes":""},"categories":[81],"tags":[297,554,4029],"class_list":{"0":"post-60061","1":"post","2":"type-post","3":"status-publish","4":"format-standard","5":"has-post-thumbnail","7":"category-finance","8":"tag-bourse","9":"tag-bvmt","10":"tag-cerealis"},"_links":{"self":[{"href":"https:\/\/plumeseconomiques.com\/fr\/wp-json\/wp\/v2\/posts\/60061","targetHints":{"allow":["GET"]}}],"collection":[{"href":"https:\/\/plumeseconomiques.com\/fr\/wp-json\/wp\/v2\/posts"}],"about":[{"href":"https:\/\/plumeseconomiques.com\/fr\/wp-json\/wp\/v2\/types\/post"}],"author":[{"embeddable":true,"href":"https:\/\/plumeseconomiques.com\/fr\/wp-json\/wp\/v2\/users\/1"}],"replies":[{"embeddable":true,"href":"https:\/\/plumeseconomiques.com\/fr\/wp-json\/wp\/v2\/comments?post=60061"}],"version-history":[{"count":0,"href":"https:\/\/plumeseconomiques.com\/fr\/wp-json\/wp\/v2\/posts\/60061\/revisions"}],"wp:featuredmedia":[{"embeddable":true,"href":"https:\/\/plumeseconomiques.com\/fr\/wp-json\/wp\/v2\/media\/54151"}],"wp:attachment":[{"href":"https:\/\/plumeseconomiques.com\/fr\/wp-json\/wp\/v2\/media?parent=60061"}],"wp:term":[{"taxonomy":"category","embeddable":true,"href":"https:\/\/plumeseconomiques.com\/fr\/wp-json\/wp\/v2\/categories?post=60061"},{"taxonomy":"post_tag","embeddable":true,"href":"https:\/\/plumeseconomiques.com\/fr\/wp-json\/wp\/v2\/tags?post=60061"}],"curies":[{"name":"wp","href":"https:\/\/api.w.org\/{rel}","templated":true}]}}