{"id":59259,"date":"2022-10-24T22:46:29","date_gmt":"2022-10-24T21:46:29","guid":{"rendered":"https:\/\/plumeseconomiques.com\/fr\/?p=59259"},"modified":"2022-10-24T22:46:29","modified_gmt":"2022-10-24T21:46:29","slug":"les-avoirs-en-devises-de-la-bct-chutent-a-104-jours-dimportations","status":"publish","type":"post","link":"https:\/\/plumeseconomiques.com\/fr\/a-la-une\/les-avoirs-en-devises-de-la-bct-chutent-a-104-jours-dimportations\/","title":{"rendered":"Les avoirs en devises de la BCT chutent \u00e0 104 jours d&rsquo;importations"},"content":{"rendered":"<p style=\"text-align: justify;\"><strong><span style=\"color: #000000;\">Les avoirs en devises de la BCT chutent \u00e0 104 jours d&rsquo;importations<\/span><\/strong><\/p>\n<p style=\"text-align: justify;\"><span style=\"color: #000000;\">Le dernier rapport de la banque centrale de Tunisie a annonc\u00e9 que ses avoirs en devises ont r\u00e9gress\u00e9 \u00e0 104 jours d\u2019importations, contre 124 jours, \u00e0 la m\u00eame date de l\u2019ann\u00e9e derni\u00e8re.<\/span><\/p>\n<p style=\"text-align: justify;\"><span style=\"color: #000000;\">Cette chute est caus\u00e9e par la chute du dinars face, notamment, au dollar, et au creusement de plus en plus du d\u00e9ficit de la balance \u00e9conomique, avec des prix qui ne cessent de grimper.<\/span><\/p>\n<p style=\"text-align: justify;\"><span style=\"color: #000000;\">Ce niveau de couverture de jours d\u2019importation est jug\u00e9 par les experts de tr\u00e8s alarmant.<\/span><\/p>\n<p><strong>Lire aussi:<\/strong><\/p>\n<div class=\"gsc-thumbnail-inside\">\n<div class=\"gs-title\"><a class=\"gs-title\" dir=\"ltr\" href=\"https:\/\/plumeseconomiques.com\/fr\/news\/bct-3\/\" data-cturl=\"https:\/\/www.google.com\/url?client=internal-element-cse&amp;cx=011238217578432545340:5m9aarzzppc&amp;q=https:\/\/plumeseconomiques.com\/fr\/news\/bct-3\/&amp;sa=U&amp;ved=2ahUKEwjUprvc6vn6AhVfgc4BHcb_DsgQFnoECAgQAg&amp;usg=AOvVaw39aYCLCQceqOPmJxdKhgU8\" data-ctorig=\"https:\/\/plumeseconomiques.com\/fr\/news\/bct-3\/\"><b>BCT<\/b> une r\u00e9union extraordinaire consacr\u00e9e \u00e0 l&rsquo;examen du projet de &#8230;<\/a><\/div>\n<\/div>\n<div class=\"gsc-thumbnail-inside\">\n<div class=\"gs-title\"><a class=\"gs-title\" dir=\"ltr\" href=\"https:\/\/plumeseconomiques.com\/fr\/magazine\/sous-le-zoom\/inflation-la-bct-decide-de-relever-le-taux-directeur-a-7-0\/\" data-cturl=\"https:\/\/www.google.com\/url?client=internal-element-cse&amp;cx=011238217578432545340:5m9aarzzppc&amp;q=https:\/\/plumeseconomiques.com\/fr\/magazine\/sous-le-zoom\/inflation-la-bct-decide-de-relever-le-taux-directeur-a-7-0\/&amp;sa=U&amp;ved=2ahUKEwjUprvc6vn6AhVfgc4BHcb_DsgQFnoECAIQAg&amp;usg=AOvVaw0VAB5J46-z9ByGwV3x8HwD\" data-ctorig=\"https:\/\/plumeseconomiques.com\/fr\/magazine\/sous-le-zoom\/inflation-la-bct-decide-de-relever-le-taux-directeur-a-7-0\/\">Inflation : La <b>BCT<\/b> d\u00e9cide de relever le taux directeur \u00e0 7.0 &#8230;<\/a><\/div>\n<\/div>\n<div class=\"gsc-thumbnail-inside\">\n<div class=\"gs-title\"><a class=\"gs-title\" dir=\"ltr\" href=\"https:\/\/plumeseconomiques.com\/fr\/magazine\/sous-le-zoom\/la-bct-determiner-a-contrer-toute-derive-inflationniste\/\" data-cturl=\"https:\/\/www.google.com\/url?client=internal-element-cse&amp;cx=011238217578432545340:5m9aarzzppc&amp;q=https:\/\/plumeseconomiques.com\/fr\/magazine\/sous-le-zoom\/la-bct-determiner-a-contrer-toute-derive-inflationniste\/&amp;sa=U&amp;ved=2ahUKEwjUprvc6vn6AhVfgc4BHcb_DsgQFnoECAkQAg&amp;usg=AOvVaw377UtkFPnILBXyeeVtv8e_\" data-ctorig=\"https:\/\/plumeseconomiques.com\/fr\/magazine\/sous-le-zoom\/la-bct-determiner-a-contrer-toute-derive-inflationniste\/\">La <b>BCT<\/b> d\u00e9terminer \u00e0 contrer toute d\u00e9rive inflationniste \u2013 Plumes &#8230;<\/a><\/div>\n<\/div>\n","protected":false},"excerpt":{"rendered":"<p>Les avoirs en devises de la BCT chutent \u00e0 104 jours d&rsquo;importations Le dernier rapport de la banque centrale de Tunisie a annonc\u00e9 que ses avoirs en devises ont r\u00e9gress\u00e9 \u00e0 104 jours d\u2019importations, contre 124 jours, \u00e0 la m\u00eame date de l\u2019ann\u00e9e derni\u00e8re. Cette chute est caus\u00e9e par la chute du dinars face, notamment, [&hellip;]<\/p>\n","protected":false},"author":1,"featured_media":59260,"comment_status":"open","ping_status":"open","sticky":false,"template":"","format":"standard","meta":{"_seopress_robots_primary_cat":"","_seopress_titles_title":"","_seopress_titles_desc":"","_seopress_robots_index":"","footnotes":""},"categories":[82],"tags":[71,3532,641,640],"class_list":{"0":"post-59259","1":"post","2":"type-post","3":"status-publish","4":"format-standard","5":"has-post-thumbnail","7":"category-a-la-une","8":"tag-bct","9":"tag-devise","10":"tag-exportation","11":"tag-importation"},"_links":{"self":[{"href":"https:\/\/plumeseconomiques.com\/fr\/wp-json\/wp\/v2\/posts\/59259","targetHints":{"allow":["GET"]}}],"collection":[{"href":"https:\/\/plumeseconomiques.com\/fr\/wp-json\/wp\/v2\/posts"}],"about":[{"href":"https:\/\/plumeseconomiques.com\/fr\/wp-json\/wp\/v2\/types\/post"}],"author":[{"embeddable":true,"href":"https:\/\/plumeseconomiques.com\/fr\/wp-json\/wp\/v2\/users\/1"}],"replies":[{"embeddable":true,"href":"https:\/\/plumeseconomiques.com\/fr\/wp-json\/wp\/v2\/comments?post=59259"}],"version-history":[{"count":0,"href":"https:\/\/plumeseconomiques.com\/fr\/wp-json\/wp\/v2\/posts\/59259\/revisions"}],"wp:featuredmedia":[{"embeddable":true,"href":"https:\/\/plumeseconomiques.com\/fr\/wp-json\/wp\/v2\/media\/59260"}],"wp:attachment":[{"href":"https:\/\/plumeseconomiques.com\/fr\/wp-json\/wp\/v2\/media?parent=59259"}],"wp:term":[{"taxonomy":"category","embeddable":true,"href":"https:\/\/plumeseconomiques.com\/fr\/wp-json\/wp\/v2\/categories?post=59259"},{"taxonomy":"post_tag","embeddable":true,"href":"https:\/\/plumeseconomiques.com\/fr\/wp-json\/wp\/v2\/tags?post=59259"}],"curies":[{"name":"wp","href":"https:\/\/api.w.org\/{rel}","templated":true}]}}