{"id":59141,"date":"2022-10-17T23:36:51","date_gmt":"2022-10-17T22:36:51","guid":{"rendered":"https:\/\/plumeseconomiques.com\/fr\/?p=59141"},"modified":"2022-10-17T23:36:51","modified_gmt":"2022-10-17T22:36:51","slug":"le-ministere-de-lenvironnement-organise-la-ceremonie-de-cloture-de-la-campagne-nationale-clean-up-month","status":"publish","type":"post","link":"https:\/\/plumeseconomiques.com\/fr\/news\/le-ministere-de-lenvironnement-organise-la-ceremonie-de-cloture-de-la-campagne-nationale-clean-up-month\/","title":{"rendered":"Le minist\u00e8re de l\u2019environnement organise la c\u00e9r\u00e9monie de cl\u00f4ture de la campagne nationale \u00a0\u00bbClean-up month\u00a0\u00bb"},"content":{"rendered":"<p style=\"text-align: justify;\"><span style=\"color: #000000;\"><strong>Le minist\u00e8re de l\u2019environnement organise la c\u00e9r\u00e9monie de cl\u00f4ture de la campagne nationale \u00ab Clean-up month \u00bb <\/strong><\/span><\/p>\n<p style=\"text-align: justify;\"><span style=\"color: #000000;\">Sous le haut patronage de Mme la Cheffe du gouvernement, Najla Bouden Romdhane, Mme la Ministre de l\u2019environnement, Leila Chikhaoui-Mahdaoui a organis\u00e9 le 14 octobre 2022 une c\u00e9r\u00e9monie de cl\u00f4ture de l\u2019op\u00e9ration de sensibilisation citoyenne \u00ab Clean-up month \u00bb, qui s\u2019est d\u00e9roul\u00e9e du 14 au 4 septembre 2022 et qui a permis de collecter un volume important de d\u00e9chets l\u00e9gers, en plastique, papier, carton, verre, aluminium, etc., notamment ceux qui \u00e9chappent aux circuits officiels partout dans le pays et enlaidissent nos villes, campagnes et paysages, tout en portant atteinte \u00e0 notre bien-\u00eatre.<\/span><\/p>\n<p style=\"text-align: justify;\"><span style=\"color: #000000;\"><img loading=\"lazy\" decoding=\"async\" class=\"alignnone size-full wp-image-59143\" src=\"https:\/\/www.plumeseconomiques.com\/fr\/wp-content\/uploads\/2022\/10\/Le-ministere-de-lenvironnement-organise-la-ceremonie-de-cloture-de-la-campagne-nationale-Clean-up-month-4.jpg\" alt=\"Le minist\u00e8re de l\u2019environnement organise la c\u00e9r\u00e9monie de cl\u00f4ture de la campagne nationale Clean-up month\" width=\"700\" height=\"466\" srcset=\"https:\/\/www.plumeseconomiques.com\/fr\/wp-content\/uploads\/2022\/10\/Le-ministere-de-lenvironnement-organise-la-ceremonie-de-cloture-de-la-campagne-nationale-Clean-up-month-4.jpg 700w, https:\/\/www.plumeseconomiques.com\/fr\/wp-content\/uploads\/2022\/10\/Le-ministere-de-lenvironnement-organise-la-ceremonie-de-cloture-de-la-campagne-nationale-Clean-up-month-4-300x200.jpg 300w, https:\/\/www.plumeseconomiques.com\/fr\/wp-content\/uploads\/2022\/10\/Le-ministere-de-lenvironnement-organise-la-ceremonie-de-cloture-de-la-campagne-nationale-Clean-up-month-4-450x300.jpg 450w\" sizes=\"auto, (max-width: 700px) 100vw, 700px\" \/>Le coup d\u2019envoi de la campagne nationale \u00ab <strong>Clean-up month<\/strong> \u00bb a \u00e9t\u00e9 donn\u00e9 \u00e0 Nabeul et suivi dans tous les gouvernorats du pays, \u00e9tant rappel\u00e9 que Mme la Ministre avec son \u00e9quipe, en collaboration avec les autorit\u00e9s r\u00e9gionales et locales et plusieurs autres ministres, notamment ceux de l\u2019\u00e9quipement, de l\u2019agriculture, de la culture, des domaines de l\u2019Etat et de l\u2019\u00e9conomie\u00a0 a, \u00e0 cet \u00e9gard, sillonn\u00e9 le pays et effectu\u00e9 plusieurs visites de terrain en vue de sensibiliser le public \u00e0 la question environnementale et inciter tous les acteurs \u00e0 participer massivement \u00e0 ce genre d\u2019actions.<\/span><\/p>\n<p style=\"text-align: justify;\"><span style=\"color: #000000;\"><img loading=\"lazy\" decoding=\"async\" class=\"alignnone size-full wp-image-59144\" src=\"https:\/\/www.plumeseconomiques.com\/fr\/wp-content\/uploads\/2022\/10\/Le-ministere-de-lenvironnement-organise-la-ceremonie-de-cloture-de-la-campagne-nationale-Clean-up-month-2.jpg\" alt=\"Le minist\u00e8re de l\u2019environnement organise la c\u00e9r\u00e9monie de cl\u00f4ture de la campagne nationale Clean-up month\" width=\"700\" height=\"466\" srcset=\"https:\/\/www.plumeseconomiques.com\/fr\/wp-content\/uploads\/2022\/10\/Le-ministere-de-lenvironnement-organise-la-ceremonie-de-cloture-de-la-campagne-nationale-Clean-up-month-2.jpg 700w, https:\/\/www.plumeseconomiques.com\/fr\/wp-content\/uploads\/2022\/10\/Le-ministere-de-lenvironnement-organise-la-ceremonie-de-cloture-de-la-campagne-nationale-Clean-up-month-2-300x200.jpg 300w, https:\/\/www.plumeseconomiques.com\/fr\/wp-content\/uploads\/2022\/10\/Le-ministere-de-lenvironnement-organise-la-ceremonie-de-cloture-de-la-campagne-nationale-Clean-up-month-2-450x300.jpg 450w\" sizes=\"auto, (max-width: 700px) 100vw, 700px\" \/>Selon les statistiques, 552 personnes se sont inscrites sur la plateforme d\u00e9di\u00e9e \u00e0 cet effet et 278 interventions ont \u00e9t\u00e9 recens\u00e9es au cours desquelles les participants ont pu collecter 1 185 kg de d\u00e9chets.<\/span><\/p>\n<p style=\"text-align: justify;\"><span style=\"color: #000000;\">La c\u00e9r\u00e9monie de cl\u00f4ture s\u2019est tenue au si\u00e8ge du minist\u00e8re en pr\u00e9sence d\u2019un certain nombre de ministres, de repr\u00e9sentants d\u2019organisations et d\u2019associations actives dans le domaine de l\u2019environnement et du b\u00e9n\u00e9volat, des \u00e9quipes participantes, des journalistes de tous horizons et des repr\u00e9sentants de plusieurs minist\u00e8res concern\u00e9s, ainsi que des organismes sous tutelle.<\/span><\/p>\n<p style=\"text-align: justify;\"><span style=\"color: #000000;\"><img loading=\"lazy\" decoding=\"async\" class=\"alignnone size-full wp-image-59150\" src=\"https:\/\/www.plumeseconomiques.com\/fr\/wp-content\/uploads\/2022\/10\/Le-ministere-de-lenvironnement-organise-la-ceremonie-de-cloture-de-la-campagne-nationale-Clean-up-month-3.jpg\" alt=\"Le minist\u00e8re de l\u2019environnement organise la c\u00e9r\u00e9monie de cl\u00f4ture de la campagne nationale Clean-up month\" width=\"700\" height=\"466\" srcset=\"https:\/\/www.plumeseconomiques.com\/fr\/wp-content\/uploads\/2022\/10\/Le-ministere-de-lenvironnement-organise-la-ceremonie-de-cloture-de-la-campagne-nationale-Clean-up-month-3.jpg 700w, https:\/\/www.plumeseconomiques.com\/fr\/wp-content\/uploads\/2022\/10\/Le-ministere-de-lenvironnement-organise-la-ceremonie-de-cloture-de-la-campagne-nationale-Clean-up-month-3-300x200.jpg 300w, https:\/\/www.plumeseconomiques.com\/fr\/wp-content\/uploads\/2022\/10\/Le-ministere-de-lenvironnement-organise-la-ceremonie-de-cloture-de-la-campagne-nationale-Clean-up-month-3-450x300.jpg 450w\" sizes=\"auto, (max-width: 700px) 100vw, 700px\" \/>Dans son allocution de bienvenue, Mme la Ministre a tenu \u00e0 remercier tous ceux qui ont pris part \u00e0 cette action et contribu\u00e9 \u00e0 la r\u00e9ussite de cette initiative, notamment les citoyennes et les citoyens, les associations, les institutions publiques, priv\u00e9es, r\u00e9gionales et locales etc.<\/span><\/p>\n<p style=\"text-align: justify;\"><span style=\"color: #000000;\">Elle a notamment ajout\u00e9 : \u00ab On ne peut qu\u2019\u00eatre fiers de cet \u00e9v\u00e9nement qui a permis de consolider la prise de conscience environnementale, en impliquant les citoyens dans un projet commun afin d\u2019agir ensemble contre la pollution \u00bb, affirmant qu\u2019il faut intensifier les efforts en vue d&rsquo;\u0153uvrer pour la propret\u00e9 du pays.<\/span><\/p>\n<p style=\"text-align: justify;\"><span style=\"color: #000000;\"><img loading=\"lazy\" decoding=\"async\" class=\"alignnone size-full wp-image-59149\" src=\"https:\/\/www.plumeseconomiques.com\/fr\/wp-content\/uploads\/2022\/10\/Le-ministere-de-lenvironnement-organise-la-ceremonie-de-cloture-de-la-campagne-nationale-Clean-up-month-6.jpg\" alt=\"Le minist\u00e8re de l\u2019environnement organise la c\u00e9r\u00e9monie de cl\u00f4ture de la campagne nationale Clean-up month\" width=\"700\" height=\"466\" srcset=\"https:\/\/www.plumeseconomiques.com\/fr\/wp-content\/uploads\/2022\/10\/Le-ministere-de-lenvironnement-organise-la-ceremonie-de-cloture-de-la-campagne-nationale-Clean-up-month-6.jpg 700w, https:\/\/www.plumeseconomiques.com\/fr\/wp-content\/uploads\/2022\/10\/Le-ministere-de-lenvironnement-organise-la-ceremonie-de-cloture-de-la-campagne-nationale-Clean-up-month-6-300x200.jpg 300w, https:\/\/www.plumeseconomiques.com\/fr\/wp-content\/uploads\/2022\/10\/Le-ministere-de-lenvironnement-organise-la-ceremonie-de-cloture-de-la-campagne-nationale-Clean-up-month-6-450x300.jpg 450w\" sizes=\"auto, (max-width: 700px) 100vw, 700px\" \/>La c\u00e9r\u00e9monie de cl\u00f4ture a \u00e9t\u00e9 marqu\u00e9e par l\u2019attribution de prix symboliques aux \u00e9quipes gagnantes, s\u00e9lectionn\u00e9es par un jury compos\u00e9 de repr\u00e9sentants d\u2019institutions publiques et priv\u00e9es, de la soci\u00e9t\u00e9 civile et de plusieurs minist\u00e8res concern\u00e9s, ainsi que de personnalit\u00e9s nationales connues issues du monde de la culture.<\/span><\/p>\n<p style=\"text-align: justify;\"><span style=\"color: #000000;\"><img loading=\"lazy\" decoding=\"async\" class=\"alignnone size-full wp-image-59147\" src=\"https:\/\/www.plumeseconomiques.com\/fr\/wp-content\/uploads\/2022\/10\/Le-ministere-de-lenvironnement-organise-la-ceremonie-de-cloture-de-la-campagne-nationale-Clean-up-month-8.jpg\" alt=\"Le minist\u00e8re de l\u2019environnement organise la c\u00e9r\u00e9monie de cl\u00f4ture de la campagne nationale Clean-up month\" width=\"700\" height=\"466\" srcset=\"https:\/\/www.plumeseconomiques.com\/fr\/wp-content\/uploads\/2022\/10\/Le-ministere-de-lenvironnement-organise-la-ceremonie-de-cloture-de-la-campagne-nationale-Clean-up-month-8.jpg 700w, https:\/\/www.plumeseconomiques.com\/fr\/wp-content\/uploads\/2022\/10\/Le-ministere-de-lenvironnement-organise-la-ceremonie-de-cloture-de-la-campagne-nationale-Clean-up-month-8-300x200.jpg 300w, https:\/\/www.plumeseconomiques.com\/fr\/wp-content\/uploads\/2022\/10\/Le-ministere-de-lenvironnement-organise-la-ceremonie-de-cloture-de-la-campagne-nationale-Clean-up-month-8-450x300.jpg 450w\" sizes=\"auto, (max-width: 700px) 100vw, 700px\" \/>Compte tenu de la r\u00e9ussite de cette initiative dans toutes les r\u00e9gions du pays, Mme la Ministre a \u00e9voqu\u00e9 la possibilit\u00e9 d\u2019organiser cet \u00e9v\u00e9nement d\u2019une mani\u00e8re r\u00e9guli\u00e8re et a annonc\u00e9 qu\u2019une plateforme d\u00e9di\u00e9e, appel\u00e9e \u00ab Activit\u00e9s clean up \u00bb allait \u00eatre ins\u00e9r\u00e9e sur le site web du minist\u00e8re dans la rubrique \u00ab Espace citoyen \u00bb afin de permettre \u00e0 tous les b\u00e9n\u00e9voles, associations, individus et entreprises d\u2019y inscrire leurs actions toute au long de l\u2019ann\u00e9e.<\/span><\/p>\n<p style=\"text-align: justify;\"><span style=\"color: #000000;\"><img loading=\"lazy\" decoding=\"async\" class=\"alignnone size-full wp-image-59148\" src=\"https:\/\/www.plumeseconomiques.com\/fr\/wp-content\/uploads\/2022\/10\/Le-ministere-de-lenvironnement-organise-la-ceremonie-de-cloture-de-la-campagne-nationale-Clean-up-month-7.jpg\" alt=\"Le minist\u00e8re de l\u2019environnement organise la c\u00e9r\u00e9monie de cl\u00f4ture de la campagne nationale Clean-up month\" width=\"700\" height=\"466\" srcset=\"https:\/\/www.plumeseconomiques.com\/fr\/wp-content\/uploads\/2022\/10\/Le-ministere-de-lenvironnement-organise-la-ceremonie-de-cloture-de-la-campagne-nationale-Clean-up-month-7.jpg 700w, https:\/\/www.plumeseconomiques.com\/fr\/wp-content\/uploads\/2022\/10\/Le-ministere-de-lenvironnement-organise-la-ceremonie-de-cloture-de-la-campagne-nationale-Clean-up-month-7-300x200.jpg 300w, https:\/\/www.plumeseconomiques.com\/fr\/wp-content\/uploads\/2022\/10\/Le-ministere-de-lenvironnement-organise-la-ceremonie-de-cloture-de-la-campagne-nationale-Clean-up-month-7-450x300.jpg 450w\" sizes=\"auto, (max-width: 700px) 100vw, 700px\" \/>Elle a, encore une fois, remerci\u00e9 tous les participants et leur a sugg\u00e9r\u00e9 d\u2019\u00eatre d\u00e9sormais les ambassadeurs de l\u2019environnement dans leurs r\u00e9gions respectives.<\/span><\/p>\n<p><strong><img loading=\"lazy\" decoding=\"async\" class=\"alignnone size-full wp-image-59146\" src=\"https:\/\/www.plumeseconomiques.com\/fr\/wp-content\/uploads\/2022\/10\/Le-ministere-de-lenvironnement-organise-la-ceremonie-de-cloture-de-la-campagne-nationale-Clean-up-month-5.jpg\" alt=\"Le minist\u00e8re de l\u2019environnement organise la c\u00e9r\u00e9monie de cl\u00f4ture de la campagne nationale Clean-up month\" width=\"700\" height=\"466\" srcset=\"https:\/\/www.plumeseconomiques.com\/fr\/wp-content\/uploads\/2022\/10\/Le-ministere-de-lenvironnement-organise-la-ceremonie-de-cloture-de-la-campagne-nationale-Clean-up-month-5.jpg 700w, https:\/\/www.plumeseconomiques.com\/fr\/wp-content\/uploads\/2022\/10\/Le-ministere-de-lenvironnement-organise-la-ceremonie-de-cloture-de-la-campagne-nationale-Clean-up-month-5-300x200.jpg 300w, https:\/\/www.plumeseconomiques.com\/fr\/wp-content\/uploads\/2022\/10\/Le-ministere-de-lenvironnement-organise-la-ceremonie-de-cloture-de-la-campagne-nationale-Clean-up-month-5-450x300.jpg 450w\" sizes=\"auto, (max-width: 700px) 100vw, 700px\" \/>Lire aussi:<\/strong><\/p>\n","protected":false},"excerpt":{"rendered":"<p>Le minist\u00e8re de l\u2019environnement organise la c\u00e9r\u00e9monie de cl\u00f4ture de la campagne nationale \u00ab Clean-up month \u00bb Sous le haut patronage de Mme la Cheffe du gouvernement, Najla Bouden Romdhane, Mme la Ministre de l\u2019environnement, Leila Chikhaoui-Mahdaoui a organis\u00e9 le 14 octobre 2022 une c\u00e9r\u00e9monie de cl\u00f4ture de l\u2019op\u00e9ration de sensibilisation citoyenne \u00ab Clean-up month [&hellip;]<\/p>\n","protected":false},"author":1,"featured_media":59145,"comment_status":"open","ping_status":"open","sticky":false,"template":"","format":"standard","meta":{"_seopress_robots_primary_cat":"","_seopress_titles_title":"","_seopress_titles_desc":"","_seopress_robots_index":"","footnotes":""},"categories":[61],"tags":[5032,5031,5030],"class_list":{"0":"post-59141","1":"post","2":"type-post","3":"status-publish","4":"format-standard","5":"has-post-thumbnail","7":"category-news","8":"tag-clean-up-month","9":"tag-la-campagne-nationale","10":"tag-le-ministere-de-lenvironnement"},"_links":{"self":[{"href":"https:\/\/plumeseconomiques.com\/fr\/wp-json\/wp\/v2\/posts\/59141","targetHints":{"allow":["GET"]}}],"collection":[{"href":"https:\/\/plumeseconomiques.com\/fr\/wp-json\/wp\/v2\/posts"}],"about":[{"href":"https:\/\/plumeseconomiques.com\/fr\/wp-json\/wp\/v2\/types\/post"}],"author":[{"embeddable":true,"href":"https:\/\/plumeseconomiques.com\/fr\/wp-json\/wp\/v2\/users\/1"}],"replies":[{"embeddable":true,"href":"https:\/\/plumeseconomiques.com\/fr\/wp-json\/wp\/v2\/comments?post=59141"}],"version-history":[{"count":0,"href":"https:\/\/plumeseconomiques.com\/fr\/wp-json\/wp\/v2\/posts\/59141\/revisions"}],"wp:featuredmedia":[{"embeddable":true,"href":"https:\/\/plumeseconomiques.com\/fr\/wp-json\/wp\/v2\/media\/59145"}],"wp:attachment":[{"href":"https:\/\/plumeseconomiques.com\/fr\/wp-json\/wp\/v2\/media?parent=59141"}],"wp:term":[{"taxonomy":"category","embeddable":true,"href":"https:\/\/plumeseconomiques.com\/fr\/wp-json\/wp\/v2\/categories?post=59141"},{"taxonomy":"post_tag","embeddable":true,"href":"https:\/\/plumeseconomiques.com\/fr\/wp-json\/wp\/v2\/tags?post=59141"}],"curies":[{"name":"wp","href":"https:\/\/api.w.org\/{rel}","templated":true}]}}