{"id":59117,"date":"2022-10-13T15:44:58","date_gmt":"2022-10-13T14:44:58","guid":{"rendered":"https:\/\/plumeseconomiques.com\/fr\/?p=59117"},"modified":"2022-10-13T15:44:58","modified_gmt":"2022-10-13T14:44:58","slug":"ola-energy-tunisie-et-le-pole-agroalimentaire-damen-group-signent-une-convention-de-partenariat-et-inaugurent-leur-premier-espace-baristas-a-la-station-service-el-manar","status":"publish","type":"post","link":"https:\/\/plumeseconomiques.com\/fr\/news\/ola-energy-tunisie-et-le-pole-agroalimentaire-damen-group-signent-une-convention-de-partenariat-et-inaugurent-leur-premier-espace-baristas-a-la-station-service-el-manar\/","title":{"rendered":"OLA Energy Tunisie et le P\u00f4le Agroalimentaire d\u2019Amen Group signent une convention de partenariat et inaugurent leur premier espace BARISTA\u2019S \u00e0 la station-service El Manar\u00a0\u00a0\u00a0"},"content":{"rendered":"<p style=\"text-align: justify;\"><span style=\"color: #000000;\"><strong>OLA Energy Tunisie et le P\u00f4le Agroalimentaire d\u2019Amen Group signent une convention de partenariat et inaugurent leur premier espace BARISTA\u2019S \u00e0 la station-service El Manar\u00a0\u00a0\u00a0 <\/strong><\/span><\/p>\n<p style=\"text-align: justify;\"><span style=\"color: #000000;\"><img loading=\"lazy\" decoding=\"async\" class=\"alignnone size-full wp-image-59121\" src=\"https:\/\/www.plumeseconomiques.com\/fr\/wp-content\/uploads\/2022\/10\/Ouverture-de-lespace-Baristas-a-la-SS-Manar.jpg\" alt=\"OLA Energy : r\u00e9novation totale de la station-service Mnihla avec un ...\" width=\"700\" height=\"466\" srcset=\"https:\/\/www.plumeseconomiques.com\/fr\/wp-content\/uploads\/2022\/10\/Ouverture-de-lespace-Baristas-a-la-SS-Manar.jpg 700w, https:\/\/www.plumeseconomiques.com\/fr\/wp-content\/uploads\/2022\/10\/Ouverture-de-lespace-Baristas-a-la-SS-Manar-300x200.jpg 300w, https:\/\/www.plumeseconomiques.com\/fr\/wp-content\/uploads\/2022\/10\/Ouverture-de-lespace-Baristas-a-la-SS-Manar-450x300.jpg 450w\" sizes=\"auto, (max-width: 700px) 100vw, 700px\" \/>OLA Energy Tunisie et le P\u00f4le Agroalimentaire d\u2019Amen Group viennent de signer une convention de partenariat pour l\u2019introduction des concepts de Coffee-shops <em>BARISTA\u2019S, Caf\u00e9s BEN YEDDER et Caf\u00e9s BONDIN,<\/em>dans pas moins de 5 stations-service dans la capitale et dans d\u2019autres r\u00e9gions, \u00e0 commencer par la station-service OLA Energy El Manar (Tunis).<\/span><\/p>\n<p style=\"text-align: justify;\"><span style=\"color: #000000;\">La c\u00e9r\u00e9monie de signature de cette convention a eu lieu, en pr\u00e9sence des premiers responsables et hauts cadres des deux soci\u00e9t\u00e9s, \u00e0 leurs t\u00eates, du c\u00f4t\u00e9 de OLA Energy Tunisie : M. Abdulhak Mohamed EL KHABLASHI, Directeur G\u00e9n\u00e9ral et M. Mehdi FATHALLAH, Directeur R\u00e9seau et du c\u00f4t\u00e9 du P\u00f4le Agroalimentaire d\u2019Amen Group : M. N\u00e9bil BEN YEDDER, Pr\u00e9sident Directeur G\u00e9n\u00e9ral et M. Elyes DEROUICHE, DGA du p\u00f4le Industriel et DG de la soci\u00e9t\u00e9General Food and Beverage (GFB).<img loading=\"lazy\" decoding=\"async\" class=\"alignnone size-full wp-image-59119\" src=\"https:\/\/www.plumeseconomiques.com\/fr\/wp-content\/uploads\/2022\/10\/Ceremonie-de-signature-dune-convention-partenariat.jpg\" alt=\"OLA Energy : r\u00e9novation totale de la station-service Mnihla avec un ...\" width=\"700\" height=\"466\" srcset=\"https:\/\/www.plumeseconomiques.com\/fr\/wp-content\/uploads\/2022\/10\/Ceremonie-de-signature-dune-convention-partenariat.jpg 700w, https:\/\/www.plumeseconomiques.com\/fr\/wp-content\/uploads\/2022\/10\/Ceremonie-de-signature-dune-convention-partenariat-300x200.jpg 300w, https:\/\/www.plumeseconomiques.com\/fr\/wp-content\/uploads\/2022\/10\/Ceremonie-de-signature-dune-convention-partenariat-450x300.jpg 450w\" sizes=\"auto, (max-width: 700px) 100vw, 700px\" \/><\/span><\/p>\n<blockquote>\n<p style=\"text-align: center;\"><span style=\"color: #000000;\"><em>\u00ab Ce partenariat avec l\u2019un des groupes tunisiens les plus actifs actuellement, t\u00e9moigne de notre volont\u00e9 de construire des ponts de coop\u00e9ration avec les concepts les plus innovants, en termes d\u2019am\u00e9nagement d\u2019espaces de d\u00e9tente dans nos stations-service, et ce pour le bonheur de nos clients divers et leurs familles \u00bb<\/em> a d\u00e9clar\u00e9 M. Abdulhak Mohamed EL KHABLASHI, Directeur G\u00e9n\u00e9ral d\u2019OLA Energy Tunisie. <em>\u00ab Notre r\u00e9seau couvrant les quatre coins de la Tunisie s\u2019\u00e9tend de plus en plus, innove et offre des services multiples et in\u00e9dits, en collaboration avec des partenaires de renomm\u00e9e. Nous cr\u00e9ons des espaces bien am\u00e9nag\u00e9s, utiles pour les automobilistes mais aussi conviviaux pour tout le monde \u00bb<\/em>a-t-il ajout\u00e9.<\/span><\/p>\n<\/blockquote>\n<p><span style=\"color: #000000;\">N\u00e9bil BEN YEDDER, Pr\u00e9sident du P\u00f4le Agroalimentaire d\u2019Amen Group, a pour sa part signal\u00e9<em> \u00ab Nos concepts originaux d\u2019espaces de d\u00e9tente BARISTA\u2019S, Caf\u00e9s BEN YEDDER et Caf\u00e9s BONDIN, attirent les jeunes et les moins jeunes, gr\u00e2ce \u00e0 la qualit\u00e9 de notre service et \u00e0 nos produits in\u00e9dits, \u00e9labor\u00e9s par nos soins avec une touche d\u2019innovation et de modernit\u00e9. Nous remercions OLA Energy Tunisie de cette coop\u00e9ration fructueuse et de cette confiance afin d\u2019introduire ces concepts dans plusieurs stations-service pour la premi\u00e8re fois en Tunisie \u00bb. <\/em><\/span><\/p>\n<p style=\"text-align: justify;\"><span style=\"color: #000000;\"><strong>Un premier espace BARISTA\u2019S dans la station-service OLA EnergyEl Manar <\/strong><\/span><\/p>\n<p style=\"text-align: justify;\"><span style=\"color: #000000;\">Offrant des boissons chaudes et froides, de la p\u00e2tisserie fine, des repas rapides et de d\u00e9licieuses glaces, le premier espace BARISTA\u2019S dans une station-service vient d\u2019\u00eatre ouvert, fin septembre 2022, \u00e0 la station OLA EnergyEl Manar (Tunis), dans le cadre du partenariat conclu entre OLA Energy Tunisie et le P\u00f4le Agroalimentaire d\u2019Amen Group.<\/span><\/p>\n<p style=\"text-align: justify;\"><span style=\"color: #000000;\">La coop\u00e9ration entre les deux groupes de soci\u00e9t\u00e9s devra s\u2019\u00e9tendre dans les prochains mois pour introduire les concepts Coffee-shops du P\u00f4le Agroalimentaire d\u2019Amen Group dans pas moins de 4 autres stations-service strat\u00e9giques OLA Energy, \u00e0 Bizerte, Tunis, Sfax et Nabeul.<img loading=\"lazy\" decoding=\"async\" class=\"alignnone size-full wp-image-59120\" src=\"https:\/\/www.plumeseconomiques.com\/fr\/wp-content\/uploads\/2022\/10\/Photo-de-groupe.jpg\" alt=\"OLA Energy : r\u00e9novation totale de la station-service Mnihla avec un ...\" width=\"700\" height=\"466\" srcset=\"https:\/\/www.plumeseconomiques.com\/fr\/wp-content\/uploads\/2022\/10\/Photo-de-groupe.jpg 700w, https:\/\/www.plumeseconomiques.com\/fr\/wp-content\/uploads\/2022\/10\/Photo-de-groupe-300x200.jpg 300w, https:\/\/www.plumeseconomiques.com\/fr\/wp-content\/uploads\/2022\/10\/Photo-de-groupe-450x300.jpg 450w\" sizes=\"auto, (max-width: 700px) 100vw, 700px\" \/><\/span><\/p>\n<p><strong>Lire aussi:<\/strong><\/p>\n<div class=\"gsc-thumbnail-inside\">\n<div class=\"gs-title\"><a class=\"gs-title\" dir=\"ltr\" href=\"https:\/\/plumeseconomiques.com\/fr\/communique\/ola-energy-renovation-totale-de-la-station-service-mnihla-avec-un-centre-dentretien-automobile-midas\/\" data-cturl=\"https:\/\/www.google.com\/url?client=internal-element-cse&amp;cx=011238217578432545340:5m9aarzzppc&amp;q=https:\/\/plumeseconomiques.com\/fr\/communique\/ola-energy-renovation-totale-de-la-station-service-mnihla-avec-un-centre-dentretien-automobile-midas\/&amp;sa=U&amp;ved=2ahUKEwiv3pG9tt36AhVwYPEDHciFCHMQFnoECAQQAg&amp;usg=AOvVaw2I87QN_0-ELosjPjyFW9gW\" data-ctorig=\"https:\/\/plumeseconomiques.com\/fr\/communique\/ola-energy-renovation-totale-de-la-station-service-mnihla-avec-un-centre-dentretien-automobile-midas\/\"><b>OLA<\/b> Energy : r\u00e9novation totale de la station-service Mnihla avec un &#8230;<\/a><\/div>\n<\/div>\n<div class=\"gsc-thumbnail-inside\">\n<div class=\"gs-title\"><a class=\"gs-title\" dir=\"ltr\" href=\"https:\/\/plumeseconomiques.com\/fr\/news\/ola-energy-inauguration-de-la-nouvelle-station-service-a-raqqada\/\" data-cturl=\"https:\/\/www.google.com\/url?client=internal-element-cse&amp;cx=011238217578432545340:5m9aarzzppc&amp;q=https:\/\/plumeseconomiques.com\/fr\/news\/ola-energy-inauguration-de-la-nouvelle-station-service-a-raqqada\/&amp;sa=U&amp;ved=2ahUKEwiv3pG9tt36AhVwYPEDHciFCHMQFnoECAAQAg&amp;usg=AOvVaw0yFfc2S2EPPurhbRzfGxd_\" data-ctorig=\"https:\/\/plumeseconomiques.com\/fr\/news\/ola-energy-inauguration-de-la-nouvelle-station-service-a-raqqada\/\"><b>OLA<\/b> Energy : inauguration de la nouvelle station-service \u00e0 Raqqada &#8230;<\/a><\/div>\n<\/div>\n<div class=\"gsc-thumbnail-inside\">\n<div class=\"gs-title\"><a class=\"gs-title\" dir=\"ltr\" href=\"https:\/\/plumeseconomiques.com\/fr\/communique\/ola-energy-reouvre-sa-station-service-sousse-republique-et-introduit-les-nouveaux-concepts-midas-cosmitto\/\" data-cturl=\"https:\/\/www.google.com\/url?client=internal-element-cse&amp;cx=011238217578432545340:5m9aarzzppc&amp;q=https:\/\/plumeseconomiques.com\/fr\/communique\/ola-energy-reouvre-sa-station-service-sousse-republique-et-introduit-les-nouveaux-concepts-midas-cosmitto\/&amp;sa=U&amp;ved=2ahUKEwiv3pG9tt36AhVwYPEDHciFCHMQFnoECAUQAg&amp;usg=AOvVaw1E_S1P27f1hML68pdxf9eO\" data-ctorig=\"https:\/\/plumeseconomiques.com\/fr\/communique\/ola-energy-reouvre-sa-station-service-sousse-republique-et-introduit-les-nouveaux-concepts-midas-cosmitto\/\"><b>OLA<\/b> Energy r\u00e9ouvre sa station-service Sousse-R\u00e9publique et &#8230;<\/a><\/div>\n<\/div>\n","protected":false},"excerpt":{"rendered":"<p>OLA Energy Tunisie et le P\u00f4le Agroalimentaire d\u2019Amen Group signent une convention de partenariat et inaugurent leur premier espace BARISTA\u2019S \u00e0 la station-service El Manar\u00a0\u00a0\u00a0 OLA Energy Tunisie et le P\u00f4le Agroalimentaire d\u2019Amen Group viennent de signer une convention de partenariat pour l\u2019introduction des concepts de Coffee-shops BARISTA\u2019S, Caf\u00e9s BEN YEDDER et Caf\u00e9s BONDIN,dans pas [&hellip;]<\/p>\n","protected":false},"author":1,"featured_media":59122,"comment_status":"open","ping_status":"open","sticky":false,"template":"","format":"standard","meta":{"_seopress_robots_primary_cat":"","_seopress_titles_title":"","_seopress_titles_desc":"","_seopress_robots_index":"","footnotes":""},"categories":[61],"tags":[5026,5028,364,5027,5024,316,5025,4060],"class_list":{"0":"post-59117","1":"post","2":"type-post","3":"status-publish","4":"format-standard","5":"has-post-thumbnail","7":"category-news","8":"tag-amen-group","9":"tag-baristas","10":"tag-convention","11":"tag-espace","12":"tag-ola-energy-tunisie","13":"tag-partenariat","14":"tag-pole-agroalimentaire","15":"tag-station-service"},"_links":{"self":[{"href":"https:\/\/plumeseconomiques.com\/fr\/wp-json\/wp\/v2\/posts\/59117","targetHints":{"allow":["GET"]}}],"collection":[{"href":"https:\/\/plumeseconomiques.com\/fr\/wp-json\/wp\/v2\/posts"}],"about":[{"href":"https:\/\/plumeseconomiques.com\/fr\/wp-json\/wp\/v2\/types\/post"}],"author":[{"embeddable":true,"href":"https:\/\/plumeseconomiques.com\/fr\/wp-json\/wp\/v2\/users\/1"}],"replies":[{"embeddable":true,"href":"https:\/\/plumeseconomiques.com\/fr\/wp-json\/wp\/v2\/comments?post=59117"}],"version-history":[{"count":0,"href":"https:\/\/plumeseconomiques.com\/fr\/wp-json\/wp\/v2\/posts\/59117\/revisions"}],"wp:featuredmedia":[{"embeddable":true,"href":"https:\/\/plumeseconomiques.com\/fr\/wp-json\/wp\/v2\/media\/59122"}],"wp:attachment":[{"href":"https:\/\/plumeseconomiques.com\/fr\/wp-json\/wp\/v2\/media?parent=59117"}],"wp:term":[{"taxonomy":"category","embeddable":true,"href":"https:\/\/plumeseconomiques.com\/fr\/wp-json\/wp\/v2\/categories?post=59117"},{"taxonomy":"post_tag","embeddable":true,"href":"https:\/\/plumeseconomiques.com\/fr\/wp-json\/wp\/v2\/tags?post=59117"}],"curies":[{"name":"wp","href":"https:\/\/api.w.org\/{rel}","templated":true}]}}