{"id":59038,"date":"2022-10-05T00:48:27","date_gmt":"2022-10-04T23:48:27","guid":{"rendered":"https:\/\/plumeseconomiques.com\/fr\/?p=59038"},"modified":"2022-10-05T00:48:27","modified_gmt":"2022-10-04T23:48:27","slug":"evenement-initiative-speciale-formation-et-emploi-infopoint-bilan-et-perspectives","status":"publish","type":"post","link":"https:\/\/plumeseconomiques.com\/fr\/news\/evenement-initiative-speciale-formation-et-emploi-infopoint-bilan-et-perspectives\/","title":{"rendered":"Ev\u00e8nement \u00ab Initiative sp\u00e9ciale Formation et emploi &#8211; InfoPoint : bilan et perspectives \u00bb"},"content":{"rendered":"<p style=\"text-align: justify;\"><span style=\"color: #000000;\"><strong>Ev\u00e8nement \u00ab Initiative sp\u00e9ciale Formation et emploi &#8211; InfoPoint : bilan et perspectives \u00bb<\/strong><\/span><\/p>\n<p style=\"text-align: justify;\"><span style=\"color: #000000;\">Le bureau d\u2019information de l\u2019AHK Tunisie, \u00ab InfoPoint \u00bb a organis\u00e9 le 27 septembre 2022 l\u2019\u00e9v\u00e8nement \u00ab Initiative sp\u00e9ciale Formation et emploi \u2013 InfoPoint : bilan et perspectives \u00bb.<\/span><\/p>\n<p style=\"text-align: justify;\"><span style=\"color: #000000;\">Cet \u00e9v\u00e8nement a \u00e9t\u00e9 l\u2019occasion pour \u00ab InfoPoint \u00bb de mettre en valeur les efforts d\u00e9ploy\u00e9s par la Coop\u00e9ration allemande, \u00e0 travers \u00ab l\u2019Initiative sp\u00e9ciale Formation et emploi \u00bb, pour soutenir les investissements, la cr\u00e9ation d\u2019emplois et le maintien des emplois qualifi\u00e9s en Tunisie.<\/span><\/p>\n<p style=\"text-align: justify;\"><span style=\"color: #000000;\">L\u2019\u00e9quipe du projet \u00ab InfoPoint \u00bb a fait la r\u00e9trospective de la campagne de sensibilisation men\u00e9e \u00e0 Tunis et dans les r\u00e9gions pour informer les entreprises sur les offres de coop\u00e9ration mises \u00e0 leur disposition par \u00ab l\u2019Initiative sp\u00e9ciale Formation et emploi \u00bb, ainsi que l\u2019accompagnement fourni aux entreprises ayant sollicit\u00e9 un soutien technique ou financier.<\/span><\/p>\n<p style=\"text-align: justify;\"><span style=\"color: #000000;\">En pr\u00e9sence des repr\u00e9sentants de l\u2019Ambassade d\u2019Allemagne, de la Coop\u00e9ration allemande en Tunisie, des organismes tunisiens d\u2019appui \u00e0 l\u2019investissement et des chambres de commerce r\u00e9gionales, cet \u00e9v\u00e8nement a \u00e9t\u00e9 une opportunit\u00e9 pour pr\u00e9senter les acquis actuels ainsi que les offres de coop\u00e9ration qui seront disponibles pour la p\u00e9riode \u00e0 venir.\u00a0<\/span><\/p>\n<p style=\"text-align: justify;\"><span style=\"color: #000000;\">Ainsi, la GIZ a pr\u00e9sent\u00e9 l\u2019assistance technique offerte par ses projets et programmes \u00ab Partenariats pour l\u2019emploi et l\u2019appui aux moyennes entreprises en Tunisie \u00bb, \u00ab develoPPP for Jobs \u00bb, \u00ab Alliance pour la qualit\u00e9 des produits en Afrique \u00bb et le \u00ab Programme de transformation digitale \u00bb. L\u2019organisme allemand de coop\u00e9ration financi\u00e8re (\u00c9tablissement de cr\u00e9dit pour la reconstruction, KFW) a de son c\u00f4t\u00e9 pr\u00e9sent\u00e9 ses diff\u00e9rentes offres d\u2019assistance financi\u00e8re, notamment la subvention \u00ab Investissement pour l\u2019emploi (Investment for Employment, IFE) \u00bb.<\/span><\/p>\n<p style=\"text-align: justify;\"><span style=\"color: #000000;\"><img loading=\"lazy\" decoding=\"async\" class=\"alignnone size-full wp-image-59041\" src=\"https:\/\/www.plumeseconomiques.com\/fr\/wp-content\/uploads\/2022\/10\/Evenement-Initiative-speciale-Formation-et-emploi-InfoPoint-bilan-et-perspectives-.jpg\" alt=\"Ev\u00e8nement \u00ab Initiative sp\u00e9ciale Formation et emploi - InfoPoint : bilan et perspectives \u00bb\" width=\"700\" height=\"466\" srcset=\"https:\/\/www.plumeseconomiques.com\/fr\/wp-content\/uploads\/2022\/10\/Evenement-Initiative-speciale-Formation-et-emploi-InfoPoint-bilan-et-perspectives-.jpg 700w, https:\/\/www.plumeseconomiques.com\/fr\/wp-content\/uploads\/2022\/10\/Evenement-Initiative-speciale-Formation-et-emploi-InfoPoint-bilan-et-perspectives--300x200.jpg 300w, https:\/\/www.plumeseconomiques.com\/fr\/wp-content\/uploads\/2022\/10\/Evenement-Initiative-speciale-Formation-et-emploi-InfoPoint-bilan-et-perspectives--450x300.jpg 450w\" sizes=\"auto, (max-width: 700px) 100vw, 700px\" \/>InfoPoint s\u2019inscrit dans le cadre de l\u2019Initiative sp\u00e9ciale Formation et emploi &#8211; \u00ab Invest for Jobs \u00bb. Ce projet est mis en \u0153uvre par la Chambre Tuniso-Allemande de l\u2019Industrie et du Commerce (AHK Tunisie), avec l\u2019appui de la Deutsche Gesellschaft f\u00fcr Internationale Zusammenarbeit (GIZ) GmbH \u00e0 travers son projet \u00ab Partenariats pour l\u2019emploi et l\u2019appui aux moyennes entreprises en Tunisie \u00bb et mandat\u00e9 par le minist\u00e8re f\u00e9d\u00e9ral allemand de la Coop\u00e9ration \u00e9conomique et du D\u00e9veloppement (BMZ).<\/span><\/p>\n<p style=\"text-align: justify;\"><span style=\"color: #000000;\">Pour en savoir plus sur les offres de \u00ab l\u2019Initiative sp\u00e9ciale Formation et emploi \u00bb, nous vous invitons \u00e0 consulter le site web : <a style=\"color: #000000;\" href=\"http:\/\/www.invest-for-jobs.com\">www.invest-for-jobs.com<\/a>.<\/span><\/p>\n<p style=\"text-align: justify;\"><span style=\"color: #000000;\">Depuis 1979 l\u2019AHK Tunisie \u0153uvre pour la promotion des relations \u00e9conomiques tuniso-allemandes et soutient ses 850 membres dans leurs activit\u00e9s internationales en tant qu\u2019interlocuteur privil\u00e9gi\u00e9 et repr\u00e9sentant de l\u2019\u00e9conomie allemande en Tunisie. Les entreprises \u00e0 participation allemande assurent plus de 70.000 postes d\u2019emploi direct et des centaines de milliers d\u2019emplois indirect en Tunisie.<\/span><\/p>\n<p style=\"text-align: justify;\"><span style=\"color: #000000;\">La Chambre Tuniso-Allemande de l&rsquo;Industrie et du Commerce (AHK Tunisie) fait partie du r\u00e9seau mondial des Chambres de commerce allemandes \u00e0 l&rsquo;\u00e9tranger (AHK) avec 140 sites dans 92 pays. Sur la base d&rsquo;une r\u00e9solution du Bundestag allemand, les AHKs sont soutenues par le Minist\u00e8re allemand de l&rsquo;Economie et de l&rsquo;Energie (BMWI) en coordination avec l&rsquo;Association des chambres de commerce et d&rsquo;industrie allemandes (DIHK).<\/span><\/p>\n<p><strong>Lire aussi:<\/strong><\/p>\n<div class=\"gsc-thumbnail-inside\">\n<div class=\"gs-title\"><a class=\"gs-title\" dir=\"ltr\" href=\"https:\/\/plumeseconomiques.com\/fr\/news\/ahk-celebration-de-40-ans-de-partenariat-tuniso-allemand\/\" data-cturl=\"https:\/\/www.google.com\/url?client=internal-element-cse&amp;cx=011238217578432545340:5m9aarzzppc&amp;q=https:\/\/plumeseconomiques.com\/fr\/news\/ahk-celebration-de-40-ans-de-partenariat-tuniso-allemand\/&amp;sa=U&amp;ved=2ahUKEwjjp8KK4cf6AhXo8rsIHdSIAhEQFnoECAAQAg&amp;usg=AOvVaw1mwda-AF80jAmW5Cjiv2Kq\" data-ctorig=\"https:\/\/plumeseconomiques.com\/fr\/news\/ahk-celebration-de-40-ans-de-partenariat-tuniso-allemand\/\"><b>AHK<\/b> : C\u00e9l\u00e9bration de 40 ans de partenariat tuniso-allemand &#8230;<\/a><\/div>\n<\/div>\n<div class=\"gsc-thumbnail-inside\">\n<div class=\"gs-title\"><a class=\"gs-title\" dir=\"ltr\" href=\"https:\/\/plumeseconomiques.com\/fr\/news\/lahk-organise-un-conference-autour-de-lindustrie-et-la-technologie-ferroviaire-en-tunisie\/\" data-cturl=\"https:\/\/www.google.com\/url?client=internal-element-cse&amp;cx=011238217578432545340:5m9aarzzppc&amp;q=https:\/\/plumeseconomiques.com\/fr\/news\/lahk-organise-un-conference-autour-de-lindustrie-et-la-technologie-ferroviaire-en-tunisie\/&amp;sa=U&amp;ved=2ahUKEwjjp8KK4cf6AhXo8rsIHdSIAhEQFnoECAgQAg&amp;usg=AOvVaw2EspwrtfjS6hKXDY5hjGym\" data-ctorig=\"https:\/\/plumeseconomiques.com\/fr\/news\/lahk-organise-un-conference-autour-de-lindustrie-et-la-technologie-ferroviaire-en-tunisie\/\">L&rsquo;<b>AHK<\/b> organise un conf\u00e9rence autour de \u00ab L&rsquo;industrie et la &#8230;<\/a><\/div>\n<\/div>\n<div class=\"gsc-thumbnail-inside\">\n<div class=\"gs-title\"><a class=\"gs-title\" dir=\"ltr\" href=\"https:\/\/www.plumeseconomiques.com\/fr\/news\/L-AHK-Tunisie-a-organise-un-seminaire-sur-l-energie-eolienne-une-source-d-energie-a-potentiel-d-avenir\/\" data-cturl=\"https:\/\/www.google.com\/url?client=internal-element-cse&amp;cx=011238217578432545340:5m9aarzzppc&amp;q=https:\/\/www.plumeseconomiques.com\/fr\/news\/L-AHK-Tunisie-a-organise-un-seminaire-sur-l-energie-eolienne-une-source-d-energie-a-potentiel-d-avenir\/&amp;sa=U&amp;ved=2ahUKEwjjp8KK4cf6AhXo8rsIHdSIAhEQFnoECAcQAg&amp;usg=AOvVaw1Uxm2SyqpO_HqcGjZF7VBb\" data-ctorig=\"https:\/\/www.plumeseconomiques.com\/fr\/news\/L-AHK-Tunisie-a-organise-un-seminaire-sur-l-energie-eolienne-une-source-d-energie-a-potentiel-d-avenir\/\">L&rsquo;<b>AHK<\/b> Tunisie a organis\u00e9 un s\u00e9minaire sur l&rsquo;\u00e9nergie \u00e9olienne, une &#8230;<\/a><\/div>\n<\/div>\n","protected":false},"excerpt":{"rendered":"<p>Ev\u00e8nement \u00ab Initiative sp\u00e9ciale Formation et emploi &#8211; InfoPoint : bilan et perspectives \u00bb Le bureau d\u2019information de l\u2019AHK Tunisie, \u00ab InfoPoint \u00bb a organis\u00e9 le 27 septembre 2022 l\u2019\u00e9v\u00e8nement \u00ab Initiative sp\u00e9ciale Formation et emploi \u2013 InfoPoint : bilan et perspectives \u00bb. Cet \u00e9v\u00e8nement a \u00e9t\u00e9 l\u2019occasion pour \u00ab InfoPoint \u00bb de mettre en [&hellip;]<\/p>\n","protected":false},"author":1,"featured_media":59040,"comment_status":"open","ping_status":"open","sticky":false,"template":"","format":"standard","meta":{"_seopress_robots_primary_cat":"","_seopress_titles_title":"","_seopress_titles_desc":"","_seopress_robots_index":"","footnotes":""},"categories":[61],"tags":[1968,385,346,5017],"class_list":{"0":"post-59038","1":"post","2":"type-post","3":"status-publish","4":"format-standard","5":"has-post-thumbnail","7":"category-news","8":"tag-ahk-tunisie","9":"tag-emploi","10":"tag-formation","11":"tag-infopoint"},"_links":{"self":[{"href":"https:\/\/plumeseconomiques.com\/fr\/wp-json\/wp\/v2\/posts\/59038","targetHints":{"allow":["GET"]}}],"collection":[{"href":"https:\/\/plumeseconomiques.com\/fr\/wp-json\/wp\/v2\/posts"}],"about":[{"href":"https:\/\/plumeseconomiques.com\/fr\/wp-json\/wp\/v2\/types\/post"}],"author":[{"embeddable":true,"href":"https:\/\/plumeseconomiques.com\/fr\/wp-json\/wp\/v2\/users\/1"}],"replies":[{"embeddable":true,"href":"https:\/\/plumeseconomiques.com\/fr\/wp-json\/wp\/v2\/comments?post=59038"}],"version-history":[{"count":0,"href":"https:\/\/plumeseconomiques.com\/fr\/wp-json\/wp\/v2\/posts\/59038\/revisions"}],"wp:featuredmedia":[{"embeddable":true,"href":"https:\/\/plumeseconomiques.com\/fr\/wp-json\/wp\/v2\/media\/59040"}],"wp:attachment":[{"href":"https:\/\/plumeseconomiques.com\/fr\/wp-json\/wp\/v2\/media?parent=59038"}],"wp:term":[{"taxonomy":"category","embeddable":true,"href":"https:\/\/plumeseconomiques.com\/fr\/wp-json\/wp\/v2\/categories?post=59038"},{"taxonomy":"post_tag","embeddable":true,"href":"https:\/\/plumeseconomiques.com\/fr\/wp-json\/wp\/v2\/tags?post=59038"}],"curies":[{"name":"wp","href":"https:\/\/api.w.org\/{rel}","templated":true}]}}