{"id":59034,"date":"2022-10-05T00:38:29","date_gmt":"2022-10-04T23:38:29","guid":{"rendered":"https:\/\/plumeseconomiques.com\/fr\/?p=59034"},"modified":"2022-10-05T00:38:29","modified_gmt":"2022-10-04T23:38:29","slug":"morris-garages-et-le-syndicat-des-pharmaciens-dofficine-signent-une-convention","status":"publish","type":"post","link":"https:\/\/plumeseconomiques.com\/fr\/news\/morris-garages-et-le-syndicat-des-pharmaciens-dofficine-signent-une-convention\/","title":{"rendered":"MORRIS GARAGES ET LE SYNDICAT DES PHARMACIENS D\u2019OFFICINE SIGNENT UNE CONVENTION"},"content":{"rendered":"<p style=\"text-align: justify;\"><span style=\"color: #000000;\"><strong>MORRIS GARAGES ET LE SYNDICAT DES PHARMACIENS D\u2019OFFICINE SIGNENT UNE CONVENTION<\/strong><\/span><\/p>\n<p style=\"text-align: justify;\"><span style=\"color: #000000;\">Morris Garages et le Syndicat des Pharmaciens d\u2019Officine ont sign\u00e9 une convention ce jeudi 29 septembre dans le cadre de la 5<sup>\u00e8me<\/sup> \u00e9dition du Forum de l\u2019Officine.<\/span><\/p>\n<p style=\"text-align: justify;\"><span style=\"color: #000000;\">Le Forum de l\u2019Officine s\u2019est tenu du 29, 30 septembre au 1<sup>er<\/sup> octobre et a eu lieu auParc des expositions du Kram.<\/span><\/p>\n<p style=\"text-align: justify;\"><span style=\"color: #000000;\">Morris Garages \u00e9tait d\u2019ailleurs le seul concessionnaire automobile pr\u00e9sent durant ce forum qui a r\u00e9uni tous les professionnels de la sant\u00e9 en Tunisie.\u00a0<\/span><\/p>\n<p style=\"text-align: justify;\"><span style=\"color: #000000;\"><strong>Signature de la convention<\/strong><\/span><\/p>\n<p style=\"text-align: justify;\"><span style=\"color: #000000;\">La signature a eu lieu le 29 septembre 2022 au Parc des expositions du Kram sur le stand de Morris Garages, dans le cadre de la 5<sup>\u00e8me<\/sup> \u00e9dition du Forum de l\u2019Officine.<\/span><br \/>\n<span style=\"color: #000000;\"><br \/>\nLa convention a \u00e9t\u00e9 sign\u00e9e par Mr.FakhreddineGhattas, Directeur commercial Morris Garages, et Mr. Naoufel Amira, Directeur du Syndicat des Pharmaciens d\u2019Officine. <\/span><\/p>\n<p><span style=\"color: #000000;\">Gr\u00e2ce \u00e0 cette convention, les affili\u00e9s du syndicat pourront b\u00e9n\u00e9ficier de conditions sp\u00e9cifiques favorables pour l\u2019achat de v\u00e9hicules neufs et pour l\u2019entretien et la r\u00e9paration de leurs v\u00e9hicules.<\/span><\/p>\n<p><span style=\"color: #000000;\"><strong>Les pharmaciens d\u00e9couvrent la gamme de Morris Garages<\/strong><\/span><\/p>\n<p style=\"text-align: justify;\"><span style=\"color: #000000;\">Morris Garages a mis \u00e0 disposition des pharmaciens plusieurs voitures qu\u2019ils ont eu l\u2019occasion d\u2019essayer en faisant un test drive. <\/span><\/p>\n<p><span style=\"color: #000000;\">Parmi les voitures expos\u00e9es on retrouve\u00a0:<\/span><br \/>\n<span style=\"color: #000000;\">-La <strong>RX8<\/strong>, un 4&#215;4 audacieux et performant qui incarne la perfection des sept places.<\/span><br \/>\n<span style=\"color: #000000;\">-La <strong>MG ZST<\/strong>, la nouvelle version restyl\u00e9e de la fameuse MG ZS.<\/span><br \/>\n<span style=\"color: #000000;\">-La <strong>MG6<\/strong>, une berline \u00e9l\u00e9gante qui fait tourner les t\u00eates et offre de grandes performances.<\/span><br \/>\n<span style=\"color: #000000;\">-La <strong>MG5 version L<\/strong>, la berline trendy dot\u00e9e d\u2019un design \u00e9l\u00e9gant et sportif.<\/span><\/p>\n<p style=\"text-align: justify;\"><span style=\"color: #000000;\"><strong>Et en avant-premi\u00e8re\u2026 la nouvelle MG<\/strong><\/span><\/p>\n<p style=\"text-align: justify;\"><span style=\"color: #000000;\">Le tout dernier SUV de Morris Garages, la <strong>MG EHS<\/strong>, a \u00e9t\u00e9 d\u00e9voil\u00e9 en avant-premi\u00e8re lors du forum.<\/span><br \/>\n<span style=\"color: #000000;\"><br \/>\nLes pharmaciens ont \u00e9t\u00e9 les premiers \u00e0 pouvoir d\u00e9couvrir et tester la nouvelle hybride rechargeable de , la <strong>MG EHS<\/strong>, qui est d\u2019ailleurs actuellement disponible en pr\u00e9commande.<\/span><\/p>\n<p style=\"text-align: justify;\"><span style=\"color: #000000;\">La nouvelle MG EHS offre un plaisir de conduite puissant et dynamique gr\u00e2ce \u00e0 la combinaison performante du moteur thermique et d\u2019un moteur \u00e9lectrique \u00e9conomique qui permettent de r\u00e9duire les \u00e9missions de CO2 sans sacrifier l&rsquo;autonomie.<\/span><br \/>\n<span style=\"color: #000000;\"><br \/>\nAvec son allure sportive et sa conduite confortable, la MG EHS est votre alli\u00e9 parfait pour une \u00e9vasion, tout en respectant l\u2019environnement.<\/span><\/p>\n<p><strong>Lire aussi:<\/strong><\/p>\n<div class=\"gsc-thumbnail-inside\">\n<div class=\"gs-title\"><a class=\"gs-title\" dir=\"ltr\" href=\"https:\/\/plumeseconomiques.com\/fr\/international-echo\/pmi\/\" data-cturl=\"https:\/\/www.google.com\/url?client=internal-element-cse&amp;cx=011238217578432545340:5m9aarzzppc&amp;q=https:\/\/plumeseconomiques.com\/fr\/international-echo\/pmi\/&amp;sa=U&amp;ved=2ahUKEwivrb3i3sf6AhVVhf0HHXujC0wQFnoECAcQAg&amp;usg=AOvVaw2CKyOLeA_Fl7Ogz-WLgjx8\" data-ctorig=\"https:\/\/plumeseconomiques.com\/fr\/international-echo\/pmi\/\">Philip <b>Morris<\/b> International nomme Jacek Olczak au poste de &#8230;<\/a><\/div>\n<\/div>\n<div class=\"gsc-thumbnail-inside\">\n<div class=\"gs-title\"><a class=\"gs-title\" dir=\"ltr\" href=\"https:\/\/plumeseconomiques.com\/fr\/conso\/voiture\/morris-garages-motors-se-positionne-autant-que-pionnier-de-lelectronique-en-tunisie\/\" data-cturl=\"https:\/\/www.google.com\/url?client=internal-element-cse&amp;cx=011238217578432545340:5m9aarzzppc&amp;q=https:\/\/plumeseconomiques.com\/fr\/conso\/voiture\/morris-garages-motors-se-positionne-autant-que-pionnier-de-lelectronique-en-tunisie\/&amp;sa=U&amp;ved=2ahUKEwivrb3i3sf6AhVVhf0HHXujC0wQFnoECAgQAg&amp;usg=AOvVaw3I9g0YqwOtbCwa_14WYbBx\" data-ctorig=\"https:\/\/plumeseconomiques.com\/fr\/conso\/voiture\/morris-garages-motors-se-positionne-autant-que-pionnier-de-lelectronique-en-tunisie\/\"><b>MORRIS<\/b> GARAGES se positionne autant que pionnier de l &#8230;<\/a><\/div>\n<\/div>\n<div class=\"gsc-thumbnail-inside\">\n<div class=\"gs-title\"><a class=\"gs-title\" dir=\"ltr\" href=\"https:\/\/plumeseconomiques.com\/fr\/conso\/hi-tech\/morris-garage-motors-fete-la-musique-lors-de-la-tunis-fashion-week-2021\/\" data-cturl=\"https:\/\/www.google.com\/url?client=internal-element-cse&amp;cx=011238217578432545340:5m9aarzzppc&amp;q=https:\/\/plumeseconomiques.com\/fr\/conso\/hi-tech\/morris-garage-motors-fete-la-musique-lors-de-la-tunis-fashion-week-2021\/&amp;sa=U&amp;ved=2ahUKEwivrb3i3sf6AhVVhf0HHXujC0wQFnoECAQQAg&amp;usg=AOvVaw0MKgjH6b6_7EbTB9wvID2t\" data-ctorig=\"https:\/\/plumeseconomiques.com\/fr\/conso\/hi-tech\/morris-garage-motors-fete-la-musique-lors-de-la-tunis-fashion-week-2021\/\"><b>Morris<\/b> Garage Motors f\u00eate la musique lors de la Tunis Fashion Week &#8230;<\/a><\/div>\n<\/div>\n","protected":false},"excerpt":{"rendered":"<p>MORRIS GARAGES ET LE SYNDICAT DES PHARMACIENS D\u2019OFFICINE SIGNENT UNE CONVENTION Morris Garages et le Syndicat des Pharmaciens d\u2019Officine ont sign\u00e9 une convention ce jeudi 29 septembre dans le cadre de la 5\u00e8me \u00e9dition du Forum de l\u2019Officine. Le Forum de l\u2019Officine s\u2019est tenu du 29, 30 septembre au 1er octobre et a eu lieu [&hellip;]<\/p>\n","protected":false},"author":1,"featured_media":59035,"comment_status":"open","ping_status":"open","sticky":false,"template":"","format":"standard","meta":{"_seopress_robots_primary_cat":"","_seopress_titles_title":"","_seopress_titles_desc":"","_seopress_robots_index":"","footnotes":""},"categories":[61],"tags":[2161,3222,5015,5016],"class_list":{"0":"post-59034","1":"post","2":"type-post","3":"status-publish","4":"format-standard","5":"has-post-thumbnail","7":"category-news","8":"tag-mg","9":"tag-morris-garages","10":"tag-suv","11":"tag-syndicat-des-pharmaciens-dofficine"},"_links":{"self":[{"href":"https:\/\/plumeseconomiques.com\/fr\/wp-json\/wp\/v2\/posts\/59034","targetHints":{"allow":["GET"]}}],"collection":[{"href":"https:\/\/plumeseconomiques.com\/fr\/wp-json\/wp\/v2\/posts"}],"about":[{"href":"https:\/\/plumeseconomiques.com\/fr\/wp-json\/wp\/v2\/types\/post"}],"author":[{"embeddable":true,"href":"https:\/\/plumeseconomiques.com\/fr\/wp-json\/wp\/v2\/users\/1"}],"replies":[{"embeddable":true,"href":"https:\/\/plumeseconomiques.com\/fr\/wp-json\/wp\/v2\/comments?post=59034"}],"version-history":[{"count":0,"href":"https:\/\/plumeseconomiques.com\/fr\/wp-json\/wp\/v2\/posts\/59034\/revisions"}],"wp:featuredmedia":[{"embeddable":true,"href":"https:\/\/plumeseconomiques.com\/fr\/wp-json\/wp\/v2\/media\/59035"}],"wp:attachment":[{"href":"https:\/\/plumeseconomiques.com\/fr\/wp-json\/wp\/v2\/media?parent=59034"}],"wp:term":[{"taxonomy":"category","embeddable":true,"href":"https:\/\/plumeseconomiques.com\/fr\/wp-json\/wp\/v2\/categories?post=59034"},{"taxonomy":"post_tag","embeddable":true,"href":"https:\/\/plumeseconomiques.com\/fr\/wp-json\/wp\/v2\/tags?post=59034"}],"curies":[{"name":"wp","href":"https:\/\/api.w.org\/{rel}","templated":true}]}}