{"id":58891,"date":"2022-09-22T20:06:31","date_gmt":"2022-09-22T19:06:31","guid":{"rendered":"https:\/\/plumeseconomiques.com\/fr\/?p=58891"},"modified":"2022-09-22T20:06:31","modified_gmt":"2022-09-22T19:06:31","slug":"cellcom-un-resultat-net-deficitaire-de-1300-mdt-au-30-06-2022","status":"publish","type":"post","link":"https:\/\/plumeseconomiques.com\/fr\/news\/cellcom-un-resultat-net-deficitaire-de-1300-mdt-au-30-06-2022\/","title":{"rendered":"CELLCOM &#8211; Un r\u00e9sultat net d\u00e9ficitaire de 1,300 MDT au 30-06-2022"},"content":{"rendered":"<p style=\"text-align: justify;\"><strong><span style=\"color: #000000;\">CELLCOM &#8211; Un r\u00e9sultat net d\u00e9ficitaire de 1,300 MDT au 30-06-2022<\/span><\/strong><\/p>\n<p style=\"text-align: justify;\"><span style=\"color: #000000;\">Les \u00e9tats financiers interm\u00e9diaires de la soci\u00e9t\u00e9 \u00ab CELLCOM \u00bb, arr\u00eat\u00e9s au 30 Juin 2022, font ressortir un chiffre d&rsquo;affaires de 25,546 MDT, soit une baisse de 4,53% sur une ann\u00e9e glissante. <\/span><\/p>\n<p style=\"text-align: justify;\"><span style=\"color: #000000;\">Par ailleurs, les charges d\u2019exploitation ont atteint 25,783 MDT, au 30-06-2022, en diminution de 2,59% par rapport au 30-06-2021. <\/span><\/p>\n<p style=\"text-align: justify;\"><span style=\"color: #000000;\">A cet effet, le r\u00e9sultat d&rsquo;exploitation ressort n\u00e9gatif de 237 mDT, au 30-06-2022, contre un solde positif de 287 mDT un an plut\u00f4t. <\/span><\/p>\n<p style=\"text-align: justify;\"><span style=\"color: #000000;\">Les charges financi\u00e8res nettes sont situ\u00e9es \u00e0 876 mDT, au 30-06-2022, contre 638 mDT une ann\u00e9e auparavant. <\/span><\/p>\n<p style=\"text-align: justify;\"><span style=\"color: #000000;\">Par cons\u00e9quent, CELLCOM annonce un d\u00e9ficit net de 1,300 MDT, au 30-06-2022, contre une perte de 369 mDT au 30-06-2021.<\/span><\/p>\n<p><strong>Lire aussi:<\/strong><\/p>\n<div class=\"gsc-thumbnail-inside\">\n<div class=\"gs-title\"><a class=\"gs-title\" dir=\"ltr\" href=\"https:\/\/plumeseconomiques.com\/fr\/finance\/CELLCOM-le-contrat-de-liquidite-est-arrive-a-echean\/\" data-cturl=\"https:\/\/www.google.com\/url?client=internal-element-cse&amp;cx=011238217578432545340:5m9aarzzppc&amp;q=https:\/\/plumeseconomiques.com\/fr\/finance\/CELLCOM-le-contrat-de-liquidite-est-arrive-a-echean\/&amp;sa=U&amp;ved=2ahUKEwjR5OT8i6n6AhX1hP0HHW6FBlYQFnoECAYQAg&amp;usg=AOvVaw1RrOeF_6tV4S1N_WdRI_Pt\" data-ctorig=\"https:\/\/plumeseconomiques.com\/fr\/finance\/CELLCOM-le-contrat-de-liquidite-est-arrive-a-echean\/\"><b>CELLCOM<\/b> : le contrat de liquidit\u00e9 est arriv\u00e9 \u00e0 \u00e9ch\u00e9ance \u2013 Plumes &#8230;<\/a><\/div>\n<\/div>\n<div class=\"gsc-thumbnail-inside\">\n<div class=\"gs-title\"><a class=\"gs-title\" dir=\"ltr\" href=\"https:\/\/plumeseconomiques.com\/fr\/conso\/hi-tech\/cellcom-introduit-la-nouvelle-marque-de-smartphones-neffos-en-tunisie\/\" data-cturl=\"https:\/\/www.google.com\/url?client=internal-element-cse&amp;cx=011238217578432545340:5m9aarzzppc&amp;q=https:\/\/plumeseconomiques.com\/fr\/conso\/hi-tech\/cellcom-introduit-la-nouvelle-marque-de-smartphones-neffos-en-tunisie\/&amp;sa=U&amp;ved=2ahUKEwjR5OT8i6n6AhX1hP0HHW6FBlYQFnoECAkQAg&amp;usg=AOvVaw2Nt8vKirHNOclrUXT0_ixK\" data-ctorig=\"https:\/\/plumeseconomiques.com\/fr\/conso\/hi-tech\/cellcom-introduit-la-nouvelle-marque-de-smartphones-neffos-en-tunisie\/\"><b>Cellcom<\/b> introduit la nouvelle marque de smartphones \u00ab Neffos \u00bb en &#8230;<\/a><\/div>\n<\/div>\n<div class=\"gsc-thumbnail-inside\">\n<div class=\"gs-title\"><a class=\"gs-title\" dir=\"ltr\" href=\"https:\/\/plumeseconomiques.com\/fr\/news\/amine-chouaieb-nouveau-pdg-du-groupe-cellcom\/\" data-cturl=\"https:\/\/www.google.com\/url?client=internal-element-cse&amp;cx=011238217578432545340:5m9aarzzppc&amp;q=https:\/\/plumeseconomiques.com\/fr\/news\/amine-chouaieb-nouveau-pdg-du-groupe-cellcom\/&amp;sa=U&amp;ved=2ahUKEwjR5OT8i6n6AhX1hP0HHW6FBlYQFnoECAgQAg&amp;usg=AOvVaw0SdEbGxZEL2YIS4L87tPkk\" data-ctorig=\"https:\/\/plumeseconomiques.com\/fr\/news\/amine-chouaieb-nouveau-pdg-du-groupe-cellcom\/\">Amine Chouaieb nouveau PDG du groupe <b>Cellcom<\/b> \u2013 Plumes &#8230;<\/a><\/div>\n<\/div>\n","protected":false},"excerpt":{"rendered":"<p>CELLCOM &#8211; Un r\u00e9sultat net d\u00e9ficitaire de 1,300 MDT au 30-06-2022 Les \u00e9tats financiers interm\u00e9diaires de la soci\u00e9t\u00e9 \u00ab CELLCOM \u00bb, arr\u00eat\u00e9s au 30 Juin 2022, font ressortir un chiffre d&rsquo;affaires de 25,546 MDT, soit une baisse de 4,53% sur une ann\u00e9e glissante. Par ailleurs, les charges d\u2019exploitation ont atteint 25,783 MDT, au 30-06-2022, en [&hellip;]<\/p>\n","protected":false},"author":1,"featured_media":55501,"comment_status":"open","ping_status":"open","sticky":false,"template":"","format":"standard","meta":{"_seopress_robots_primary_cat":"","_seopress_titles_title":"","_seopress_titles_desc":"","_seopress_robots_index":"","footnotes":""},"categories":[61],"tags":[297,2261],"class_list":{"0":"post-58891","1":"post","2":"type-post","3":"status-publish","4":"format-standard","5":"has-post-thumbnail","7":"category-news","8":"tag-bourse","9":"tag-cellcom"},"_links":{"self":[{"href":"https:\/\/plumeseconomiques.com\/fr\/wp-json\/wp\/v2\/posts\/58891","targetHints":{"allow":["GET"]}}],"collection":[{"href":"https:\/\/plumeseconomiques.com\/fr\/wp-json\/wp\/v2\/posts"}],"about":[{"href":"https:\/\/plumeseconomiques.com\/fr\/wp-json\/wp\/v2\/types\/post"}],"author":[{"embeddable":true,"href":"https:\/\/plumeseconomiques.com\/fr\/wp-json\/wp\/v2\/users\/1"}],"replies":[{"embeddable":true,"href":"https:\/\/plumeseconomiques.com\/fr\/wp-json\/wp\/v2\/comments?post=58891"}],"version-history":[{"count":0,"href":"https:\/\/plumeseconomiques.com\/fr\/wp-json\/wp\/v2\/posts\/58891\/revisions"}],"wp:featuredmedia":[{"embeddable":true,"href":"https:\/\/plumeseconomiques.com\/fr\/wp-json\/wp\/v2\/media\/55501"}],"wp:attachment":[{"href":"https:\/\/plumeseconomiques.com\/fr\/wp-json\/wp\/v2\/media?parent=58891"}],"wp:term":[{"taxonomy":"category","embeddable":true,"href":"https:\/\/plumeseconomiques.com\/fr\/wp-json\/wp\/v2\/categories?post=58891"},{"taxonomy":"post_tag","embeddable":true,"href":"https:\/\/plumeseconomiques.com\/fr\/wp-json\/wp\/v2\/tags?post=58891"}],"curies":[{"name":"wp","href":"https:\/\/api.w.org\/{rel}","templated":true}]}}