{"id":58220,"date":"2022-07-19T17:30:24","date_gmt":"2022-07-19T16:30:24","guid":{"rendered":"https:\/\/www.plumeseconomiques.com\/fr\/?p=58220"},"modified":"2022-07-19T17:37:04","modified_gmt":"2022-07-19T16:37:04","slug":"taa-signature-du-pacte-pour-la-competitivite-de-lindustrie-automobile-en-tunisie","status":"publish","type":"post","link":"https:\/\/plumeseconomiques.com\/fr\/news\/taa-signature-du-pacte-pour-la-competitivite-de-lindustrie-automobile-en-tunisie\/","title":{"rendered":"TAA : signature du pacte pour la comp\u00e9titivit\u00e9 de l&rsquo;industrie automobile en Tunisie"},"content":{"rendered":"<h5 style=\"text-align: justify;\"><span style=\"color: #000000;\"><strong><em>TAA <\/em>: signature du pacte pour la comp\u00e9titivit\u00e9 de l&rsquo;industrie automobile en Tunisie<\/strong><\/span><\/h5>\n<p style=\"text-align: justify;\"><span style=\"color: #000000;\"><em><a href=\"https:\/\/www.taa.tn\/en\/page-accueil-english\/\"><img loading=\"lazy\" decoding=\"async\" class=\"aligncenter wp-image-58224 size-full\" src=\"https:\/\/www.plumeseconomiques.com\/fr\/wp-content\/uploads\/2022\/07\/plumesecnomiques-taa-.jpg\" alt=\"TAA : signature du pacte pour la comp\u00e9titivit\u00e9 de l'industrie automobile en Tunisie\" width=\"700\" height=\"258\" srcset=\"https:\/\/www.plumeseconomiques.com\/fr\/wp-content\/uploads\/2022\/07\/plumesecnomiques-taa-.jpg 700w, https:\/\/www.plumeseconomiques.com\/fr\/wp-content\/uploads\/2022\/07\/plumesecnomiques-taa--300x111.jpg 300w\" sizes=\"auto, (max-width: 700px) 100vw, 700px\" \/><\/a> <\/em><\/span><span style=\"color: #000000;\"><em><a href=\"https:\/\/www.taa.tn\/en\/page-accueil-english\/\">La Tunisian Automotive Association \u00ab TAA \u00bb<\/a> <\/em><\/span><span style=\"color: #000000;\"><em>vient d\u2019annoncer la signature du pacte pour la comp\u00e9titivit\u00e9 de l\u2019industrie automobile entre le Minist\u00e8re de l\u2019Industrie, des Mines et de l\u2019Energie sous le haut patronage de la Pr\u00e9sidence du Gouvernement Tunisien et le secteur priv\u00e9 repr\u00e9sent\u00e9 par la TAA sous l\u2019\u00e9gide de l\u2019UTICA et avec le soutien de \u00a0la GIZ, qui a eu lieu le 6 juillet 2022en marge de la conf\u00e9rence sur la Strat\u00e9gie Nationale de l\u2019Industrie et de l\u2019Innovation \u00e0 l\u2019horizon 2035.<\/em><\/span><\/p>\n<p style=\"text-align: justify;\"><span style=\"color: #000000;\">Au travers de ce pacte, le secteur public repr\u00e9sent\u00e9 par le minist\u00e8re de l\u2019industrie, les mines et de l\u2019\u00c9nergie et sous le haut patronage de la pr\u00e9sidence du gouvernement et le secteur priv\u00e9 repr\u00e9sent\u00e9 par la TAA et sous l\u2019\u00e9gide de l\u2019UTICA, s\u2019engagent \u00e0 promouvoir conjointement le secteur de l\u2019industrie automobile, \u00e0 am\u00e9liorer sa comp\u00e9titivit\u00e9 et \u00e0 d\u00e9velopper ses exportations ainsi que son emploi.<\/span><\/p>\n<p style=\"text-align: justify;\"><span style=\"color: #000000;\">Le secteur automobile repr\u00e9sente un levier de croissance important pour l\u2019\u00e9conomie tunisienne. <\/span><\/p>\n<p style=\"text-align: justify;\"><span style=\"color: #000000;\">C\u2019est ainsi que ce partenariat entre le secteur public et le secteur priv\u00e9 aura pour objectif de d\u00e9velopper le volume des exportations tunisiennes de composants automobiles de 7,5 milliards de dinars actuellement \u00e0 14 milliards de dinars \u00e0 l\u2019horizon 2027. <\/span><\/p>\n<p style=\"text-align: justify;\"><span style=\"color: #000000;\"><img loading=\"lazy\" decoding=\"async\" class=\"aligncenter wp-image-58222 size-full\" src=\"https:\/\/www.plumeseconomiques.com\/fr\/wp-content\/uploads\/2022\/07\/La-Tunisian-Automotive-Association-1.jpeg\" alt=\"TAA : signature du pacte pour la comp\u00e9titivit\u00e9 de l'industrie automobile en Tunisie\" width=\"700\" height=\"339\" srcset=\"https:\/\/www.plumeseconomiques.com\/fr\/wp-content\/uploads\/2022\/07\/La-Tunisian-Automotive-Association-1.jpeg 700w, https:\/\/www.plumeseconomiques.com\/fr\/wp-content\/uploads\/2022\/07\/La-Tunisian-Automotive-Association-1-300x145.jpeg 300w\" sizes=\"auto, (max-width: 700px) 100vw, 700px\" \/>Parall\u00e8lement, il vise \u00e9galement la cr\u00e9ation de 60.000 postes d\u2019emploi suppl\u00e9mentaires, aux 90\u00a0000 emplois d\u00e9j\u00e0 existants. A moyen terme, le pacte vise \u00e0 attirer les investissements vers le secteur de la fabrication des voitures \u00e9lectriques et intelligentes et \u00e0 attirer les soci\u00e9t\u00e9s leaders dans ce domaine ainsi qu\u2019\u00e0 porter l\u2019investissement dans le secteur de 12% en 2018 \u00e0 22% en 2027 et le taux d\u2019int\u00e9gration de 40 \u00e0 48%.<\/span><\/p>\n<p style=\"text-align: justify;\"><span style=\"color: #000000;\">Ce pacte repr\u00e9sente un ensemble de mesures d\u00e9taill\u00e9es \u00e0 mener de part et d\u2019autre sur 5 piliers essentiels :<\/span><\/p>\n<ul style=\"text-align: justify;\">\n<li><span style=\"color: #000000;\">Infrastructure<\/span><\/li>\n<li><span style=\"color: #000000;\">Cade r\u00e9glementaire<\/span><\/li>\n<li><span style=\"color: #000000;\">Emploi et formation<\/span><\/li>\n<li><span style=\"color: #000000;\">Recherche et d\u00e9veloppement<\/span><\/li>\n<li><span style=\"color: #000000;\">Visibilit\u00e9 et Image<\/span><\/li>\n<\/ul>\n<p style=\"text-align: justify;\"><span style=\"color: #000000;\">Parmi les actions stipul\u00e9es, sur le plan infrastructure, l\u2019\u00c9tat s\u2019engage dans la mise en place d\u2019un port en eaux profondes \u00e0 l\u2019horizon 2026, ainsi que des quais 8 et 9 au Port de Rades, la mise \u00e0 niveau des ports et des zones industrielles sur tout le territoire ainsi que l\u2019am\u00e9nagement des sites d\u2019implantation pour les constructeurs automobiles.<\/span><\/p>\n<p style=\"text-align: justify;\"><span style=\"color: #000000;\">Sur le plan r\u00e9glementaire, l\u2019\u00c9tat simplifiera de 50% des proc\u00e9dures administratives et en digitalisera au moins 60%. L\u2019\u00c9tat mettra en place des primes \u00e0 l\u2019investissement et au r\u00e9investissement, et augmentera de mani\u00e8re significative le montant de l\u2019investissement \u00e0 l\u2019\u00e9tranger autoris\u00e9 aux entreprises. De son c\u00f4t\u00e9,le priv\u00e9 mettra en place un code de performance et bonnes pratiques et communiquera mieux sur l\u2019utilisation du Couloir vert pour le d\u00e9douanement.<\/span><\/p>\n<p style=\"text-align: justify;\"><span style=\"color: #000000;\">Sur la plan Emploi et Formation, apr\u00e8s la mise en place des besoins par le secteur priv\u00e9 de ses r\u00e9f\u00e9rentiels de m\u00e9tiers et de comp\u00e9tences, l\u2019\u00c9tat d\u00e9veloppera des branches sp\u00e9cialis\u00e9e set des formations en alternance en conformit\u00e9 avec les besoins du secteur. En parall\u00e8le, Le secteur priv\u00e9 s\u2019engage \u00e0 mobiliser des professionnels pour la formation et \u00e0 mettre en place des centres de formation interne.<\/span><\/p>\n<p style=\"text-align: justify;\"><span style=\"color: #000000;\"><img loading=\"lazy\" decoding=\"async\" class=\"aligncenter wp-image-58221 size-full\" src=\"https:\/\/www.plumeseconomiques.com\/fr\/wp-content\/uploads\/2022\/07\/La-Tunisian-Automotive-Association-2.jpeg\" alt=\"TAA : signature du pacte pour la comp\u00e9titivit\u00e9 de l'industrie automobile en Tunisie\" width=\"700\" height=\"466\" srcset=\"https:\/\/www.plumeseconomiques.com\/fr\/wp-content\/uploads\/2022\/07\/La-Tunisian-Automotive-Association-2.jpeg 700w, https:\/\/www.plumeseconomiques.com\/fr\/wp-content\/uploads\/2022\/07\/La-Tunisian-Automotive-Association-2-300x200.jpeg 300w, https:\/\/www.plumeseconomiques.com\/fr\/wp-content\/uploads\/2022\/07\/La-Tunisian-Automotive-Association-2-450x300.jpeg 450w\" sizes=\"auto, (max-width: 700px) 100vw, 700px\" \/>Sur la plan R&amp;D, l\u2019\u00c9tat d\u00e9veloppera un centre de comp\u00e9tences d\u00e9di\u00e9 au secteur automobile, et le secteur priv\u00e9 financera 10 projets de R&amp;D et dynamisera ainsi l\u2019\u00e9cosyst\u00e8me entrepreneurial en mettant en place un incubateur invers\u00e9.<\/span><\/p>\n<p style=\"text-align: justify;\"><span style=\"color: #000000;\">Sur le plan Visibilit\u00e9 et Image, l\u2019\u00c9tat et le secteur priv\u00e9 se sont engag\u00e9s \u00e0 mettre en place un nombre d\u2019actions de communication et de lobbying, pour promouvoir l\u2019image du secteur automobile en Tunisie et lui donner de la visibilit\u00e9.<\/span><\/p>\n<p style=\"text-align: justify;\"><span style=\"color: #000000;\">Cet accord sera suivi dans le cadre d\u2019une task force interminist\u00e9rielle pour le suivi de son ex\u00e9cution.<\/span><\/p>\n<p>Lire aussi:<\/p>\n<div class=\"gsc-thumbnail-inside\">\n<div class=\"gs-title\"><a class=\"gs-title\" dir=\"ltr\" href=\"https:\/\/www.plumeseconomiques.com\/fr\/international-echo\/le-groupe-haller-dune-entreprise-de-services-a-un-equipementier-automobile\/\" data-cturl=\"https:\/\/www.google.com\/url?client=internal-element-cse&amp;cx=011238217578432545340:5m9aarzzppc&amp;q=https:\/\/www.plumeseconomiques.com\/fr\/international-echo\/le-groupe-haller-dune-entreprise-de-services-a-un-equipementier-automobile\/&amp;sa=U&amp;ved=2ahUKEwiGtKLyr4X5AhUWR8AKHTlEDt8QFnoECAUQAg&amp;usg=AOvVaw05EQNajUYWb09qBB5y-Nb4\" data-ctorig=\"https:\/\/www.plumeseconomiques.com\/fr\/international-echo\/le-groupe-haller-dune-entreprise-de-services-a-un-equipementier-automobile\/\">le Groupe Haller, d&rsquo;une entreprise de services \u00e0 un \u00e9quipementier &#8230;<\/a><\/div>\n<\/div>\n<div class=\"gsc-thumbnail-inside\">\n<div class=\"gs-title\"><a class=\"gs-title\" dir=\"ltr\" href=\"https:\/\/www.plumeseconomiques.com\/fr\/conso\/voiture\/kia-est-leader-du-marche-automobile-pour-la-3eme-annee-consecutive\/\" data-cturl=\"https:\/\/www.google.com\/url?client=internal-element-cse&amp;cx=011238217578432545340:5m9aarzzppc&amp;q=https:\/\/www.plumeseconomiques.com\/fr\/conso\/voiture\/kia-est-leader-du-marche-automobile-pour-la-3eme-annee-consecutive\/&amp;sa=U&amp;ved=2ahUKEwiGtKLyr4X5AhUWR8AKHTlEDt8QFnoECAgQAg&amp;usg=AOvVaw0D6jk_OqKNQjrV8hF0e9Qk\" data-ctorig=\"https:\/\/www.plumeseconomiques.com\/fr\/conso\/voiture\/kia-est-leader-du-marche-automobile-pour-la-3eme-annee-consecutive\/\">KIA est leader du march\u00e9 <b>automobile<\/b> pour la 3\u00e8me ann\u00e9e &#8230;<\/a><\/div>\n<\/div>\n<div class=\"gsc-thumbnail-inside\">\n<div class=\"gs-title\"><a class=\"gs-title\" dir=\"ltr\" href=\"https:\/\/www.plumeseconomiques.com\/fr\/conso\/voiture\/automobile-palmares-les-volants-dor-2019\/\" data-cturl=\"https:\/\/www.google.com\/url?client=internal-element-cse&amp;cx=011238217578432545340:5m9aarzzppc&amp;q=https:\/\/www.plumeseconomiques.com\/fr\/conso\/voiture\/automobile-palmares-les-volants-dor-2019\/&amp;sa=U&amp;ved=2ahUKEwiGtKLyr4X5AhUWR8AKHTlEDt8QFnoECAIQAg&amp;usg=AOvVaw1unEh9oNKfiooNSmPRG_yS\" data-ctorig=\"https:\/\/www.plumeseconomiques.com\/fr\/conso\/voiture\/automobile-palmares-les-volants-dor-2019\/\"><b>Automobile<\/b> : palmar\u00e8s Les Volants d&rsquo;Or 2019 \u2013 Plumes Economiques<\/a><\/div>\n<\/div>\n","protected":false},"excerpt":{"rendered":"<p>TAA : signature du pacte pour la comp\u00e9titivit\u00e9 de l&rsquo;industrie automobile en Tunisie La Tunisian Automotive Association \u00ab TAA \u00bb vient d\u2019annoncer la signature du pacte pour la comp\u00e9titivit\u00e9 de l\u2019industrie automobile entre le Minist\u00e8re de l\u2019Industrie, des Mines et de l\u2019Energie sous le haut patronage de la Pr\u00e9sidence du Gouvernement Tunisien et le secteur [&hellip;]<\/p>\n","protected":false},"author":1,"featured_media":58223,"comment_status":"open","ping_status":"open","sticky":false,"template":"","format":"standard","meta":{"_seopress_robots_primary_cat":"","_seopress_titles_title":"","_seopress_titles_desc":"","_seopress_robots_index":"","footnotes":""},"categories":[61],"tags":[758,4863,153,4864,4862,21],"class_list":{"0":"post-58220","1":"post","2":"type-post","3":"status-publish","4":"format-standard","5":"has-post-thumbnail","7":"category-news","8":"tag-automobile","9":"tag-competitivite","10":"tag-industrie","11":"tag-la-tunisian-automotive-association","12":"tag-taa","13":"tag-tunisie"},"_links":{"self":[{"href":"https:\/\/plumeseconomiques.com\/fr\/wp-json\/wp\/v2\/posts\/58220","targetHints":{"allow":["GET"]}}],"collection":[{"href":"https:\/\/plumeseconomiques.com\/fr\/wp-json\/wp\/v2\/posts"}],"about":[{"href":"https:\/\/plumeseconomiques.com\/fr\/wp-json\/wp\/v2\/types\/post"}],"author":[{"embeddable":true,"href":"https:\/\/plumeseconomiques.com\/fr\/wp-json\/wp\/v2\/users\/1"}],"replies":[{"embeddable":true,"href":"https:\/\/plumeseconomiques.com\/fr\/wp-json\/wp\/v2\/comments?post=58220"}],"version-history":[{"count":0,"href":"https:\/\/plumeseconomiques.com\/fr\/wp-json\/wp\/v2\/posts\/58220\/revisions"}],"wp:featuredmedia":[{"embeddable":true,"href":"https:\/\/plumeseconomiques.com\/fr\/wp-json\/wp\/v2\/media\/58223"}],"wp:attachment":[{"href":"https:\/\/plumeseconomiques.com\/fr\/wp-json\/wp\/v2\/media?parent=58220"}],"wp:term":[{"taxonomy":"category","embeddable":true,"href":"https:\/\/plumeseconomiques.com\/fr\/wp-json\/wp\/v2\/categories?post=58220"},{"taxonomy":"post_tag","embeddable":true,"href":"https:\/\/plumeseconomiques.com\/fr\/wp-json\/wp\/v2\/tags?post=58220"}],"curies":[{"name":"wp","href":"https:\/\/api.w.org\/{rel}","templated":true}]}}