{"id":57449,"date":"2022-05-24T18:29:22","date_gmt":"2022-05-24T17:29:22","guid":{"rendered":"https:\/\/www.plumeseconomiques.com\/fr\/?p=57449"},"modified":"2022-05-24T18:29:22","modified_gmt":"2022-05-24T17:29:22","slug":"inauguration-officielle-du-jardin-public-amenage-par-totalenergies-marketing-tunisie","status":"publish","type":"post","link":"https:\/\/plumeseconomiques.com\/fr\/coin-cool\/inauguration-officielle-du-jardin-public-amenage-par-totalenergies-marketing-tunisie\/","title":{"rendered":"Inauguration officielle du jardin public am\u00e9nag\u00e9 par TotalEnergies Marketing Tunisie"},"content":{"rendered":"<p style=\"text-align: justify;\"><span style=\"color: #000000;\"><strong>Inauguration officielle du jardin public am\u00e9nag\u00e9 par TotalEnergies Marketing Tunisie<\/strong><\/span><\/p>\n<p style=\"text-align: justify;\"><span style=\"color: #000000;\">Samedi 21 mai 2022- TotalEnergies Marketing Tunisie a inaugur\u00e9 le jardin public situ\u00e9 en face de son Si\u00e8ge social aux Berges du Lac1 et am\u00e9nag\u00e9 par ses collaborateurs en pr\u00e9sence de la Maire de Tunis Mme Souad ABDERRAHIM.<\/span><\/p>\n<p style=\"text-align: justify;\"><span style=\"color: #000000;\">TotalEnergiesMarkting Tunisie s\u2019est r\u00e9uni pour une cause qui lui tient \u00e0 c\u0153ur\u00a0: la contribution au bien-\u00eatre de ses collaborateurs, celui de ses voisins, et celui des enfants.<\/span><\/p>\n<p style=\"text-align: justify;\"><span style=\"color: #000000;\">En effet, dans le cadre de la politique RSE de TotalEnergies, la filiale a choisi de travailler sur un des axes d\u00e9finis en la mati\u00e8re par la Compagnie et la Fondation TotalEnergies\u00a0: Climat, littoraux et oc\u00e9ans.<\/span><\/p>\n<p style=\"text-align: justify;\"><span style=\"color: #000000;\">Avec l\u2019accord de la mairie de Tunis en novembre 2020, TotalEnergies Marketing Tunisie a entrepris depuis plusieurs mois d\u2019am\u00e9nager le jardin public situ\u00e9 en face de son Si\u00e8ge social.<\/span><\/p>\n<p style=\"text-align: justify;\"><span style=\"color: #000000;\">Les travaux d\u2019am\u00e9nagement ont d\u00e9but\u00e9 depuis un peu plus d\u2019un an.<\/span><\/p>\n<p style=\"text-align: justify;\"><span style=\"color: #000000;\">Tout le monde y a particip\u00e9\u00a0: les hommes et les femmes de TotalEnergies \u00e9videmment, mais \u00e9galement les fournisseurs et partenaires qui ont contribu\u00e9 \u00e0 cet \u00e9lan de g\u00e9n\u00e9rosit\u00e9 en proposant leurs prestations \u00e0 titre gracieux.<\/span><\/p>\n<p style=\"text-align: justify;\"><span style=\"color: #000000;\">Ainsi, plusieurs s\u00e9ances d\u2019am\u00e9nagement du jardin ont \u00e9t\u00e9 organis\u00e9s, pendant lesquels les collaborateur sont nettoy\u00e9, d\u00e9broussaill\u00e9, jardin\u00e9, arros\u00e9 et plant\u00e9 des arbustes.<\/span><\/p>\n<p style=\"text-align: justify;\"><strong><span style=\"color: #000000;\">Ce projet s\u2019est av\u00e9r\u00e9 \u00eatre\u00a0:<\/span><\/strong><\/p>\n<ul style=\"text-align: justify;\">\n<li><span style=\"color: #000000;\">Inclusif puisque les collaborateurs ont montr\u00e9 un int\u00e9r\u00eat particulier \u00e0 participer et ce jardin profite \u00e0 tous pour partager despauses d\u00e9jeunersou des moments de d\u00e9tente.<\/span><\/li>\n<li><span style=\"color: #000000;\">Soci\u00e9tal, puisqu\u2019il \u0153uvre au bien-\u00eatre des collaborateurs, mais aussi celui des habitants, et des enfants des structures scolaires avoisinantes<\/span><\/li>\n<\/ul>\n<p style=\"text-align: justify;\"><span style=\"color: #000000;\">L\u2019inauguration officielle de ce jardin public par la Maire de Tunis, Mme Souad ABDERRAHIM confirme \u00e0 quel point ce type de projet est b\u00e9n\u00e9fique \u00e0 tous, et facilement applicable par d\u2019autres soci\u00e9t\u00e9s ou dans d\u2019autres lieux publics.<\/span><\/p>\n<p style=\"text-align: justify;\"><span style=\"color: #000000;\">Encore une fois merci \u00e0 tous ceux qui ont fait de ce jardin ce qu\u2019il est\u00a0: un endroit vert, propre \u00e9nergisant\u00a0!<\/span><\/p>\n<div class=\"better-gallery-container\"><div id=\"gallery-1398917554\" class=\"better-gallery  better-gallery-img-publisher-lg\" data-gallery-id=\"1398917554\"><div class=\"gallery-title clearfix\"><h3 class=\"main-title\">Inauguration-jardin_public-TotalEnergies_Marketing_Tunisie<\/h3>    <span class=\"prev\"><i class=\"fa fa-angle-left\"><\/i> pr\u00e9c\u00e9dent<\/span>\n                    <span class=\"count\"><i class=\"current\">1<\/i> De <i class=\"total\">9<\/i><\/span>\n                    <span class=\"next\">Suivant <i class=\"fa fa-angle-right\"><\/i><\/span>\n                <\/div> <div class=\"fotorama\" data-nav=\"thumbs\" data-auto=\"false\" data-ratio=\"16\/7\"><div data-thumb=\"https:\/\/www.plumeseconomiques.com\/fr\/wp-content\/uploads\/2022\/05\/Inauguration-jardin_public-TotalEnergies_Marketing_Tunisie-1-150x150.jpg\">\n                        <a href=\"https:\/\/www.plumeseconomiques.com\/fr\/wp-content\/uploads\/2022\/05\/Inauguration-jardin_public-TotalEnergies_Marketing_Tunisie-1.jpg\" class=\"slide-link\" data-not-rel=\"true\">\n                            <img decoding=\"async\"  data-id=\"57460\" src=\"https:\/\/www.plumeseconomiques.com\/fr\/wp-content\/uploads\/2022\/05\/Inauguration-jardin_public-TotalEnergies_Marketing_Tunisie-1-700x430.jpg\">\n                        <\/a>\n                    <div class=\"slide-title-wrap\"><\/div><\/div><div data-thumb=\"https:\/\/www.plumeseconomiques.com\/fr\/wp-content\/uploads\/2022\/05\/Inauguration-jardin_public-TotalEnergies_Marketing_Tunisie-2-150x150.jpg\">\n                        <a href=\"https:\/\/www.plumeseconomiques.com\/fr\/wp-content\/uploads\/2022\/05\/Inauguration-jardin_public-TotalEnergies_Marketing_Tunisie-2.jpg\" class=\"slide-link\" data-not-rel=\"true\">\n                            <img decoding=\"async\"  data-id=\"57459\" src=\"https:\/\/www.plumeseconomiques.com\/fr\/wp-content\/uploads\/2022\/05\/Inauguration-jardin_public-TotalEnergies_Marketing_Tunisie-2-700x430.jpg\">\n                        <\/a>\n                    <div class=\"slide-title-wrap\"><\/div><\/div><div data-thumb=\"https:\/\/www.plumeseconomiques.com\/fr\/wp-content\/uploads\/2022\/05\/Inauguration-jardin_public-TotalEnergies_Marketing_Tunisie-3-150x150.jpg\">\n                        <a href=\"https:\/\/www.plumeseconomiques.com\/fr\/wp-content\/uploads\/2022\/05\/Inauguration-jardin_public-TotalEnergies_Marketing_Tunisie-3.jpg\" class=\"slide-link\" data-not-rel=\"true\">\n                            <img decoding=\"async\"  data-id=\"57458\" src=\"https:\/\/www.plumeseconomiques.com\/fr\/wp-content\/uploads\/2022\/05\/Inauguration-jardin_public-TotalEnergies_Marketing_Tunisie-3-700x430.jpg\">\n                        <\/a>\n                    <div class=\"slide-title-wrap\"><\/div><\/div><div data-thumb=\"https:\/\/www.plumeseconomiques.com\/fr\/wp-content\/uploads\/2022\/05\/Inauguration-jardin_public-TotalEnergies_Marketing_Tunisie-4-150x150.jpg\">\n                        <a href=\"https:\/\/www.plumeseconomiques.com\/fr\/wp-content\/uploads\/2022\/05\/Inauguration-jardin_public-TotalEnergies_Marketing_Tunisie-4.jpg\" class=\"slide-link\" data-not-rel=\"true\">\n                            <img decoding=\"async\"  data-id=\"57457\" src=\"https:\/\/www.plumeseconomiques.com\/fr\/wp-content\/uploads\/2022\/05\/Inauguration-jardin_public-TotalEnergies_Marketing_Tunisie-4-700x430.jpg\">\n                        <\/a>\n                    <div class=\"slide-title-wrap\"><\/div><\/div><div data-thumb=\"https:\/\/www.plumeseconomiques.com\/fr\/wp-content\/uploads\/2022\/05\/Inauguration-jardin_public-TotalEnergies_Marketing_Tunisie-9-150x150.jpg\">\n                        <a href=\"https:\/\/www.plumeseconomiques.com\/fr\/wp-content\/uploads\/2022\/05\/Inauguration-jardin_public-TotalEnergies_Marketing_Tunisie-9.jpg\" class=\"slide-link\" data-not-rel=\"true\">\n                            <img decoding=\"async\"  data-id=\"57453\" src=\"https:\/\/www.plumeseconomiques.com\/fr\/wp-content\/uploads\/2022\/05\/Inauguration-jardin_public-TotalEnergies_Marketing_Tunisie-9-700x430.jpg\">\n                        <\/a>\n                    <div class=\"slide-title-wrap\"><\/div><\/div><div data-thumb=\"https:\/\/www.plumeseconomiques.com\/fr\/wp-content\/uploads\/2022\/05\/Inauguration-jardin_public-TotalEnergies_Marketing_Tunisie-7-150x150.jpg\">\n                        <a href=\"https:\/\/www.plumeseconomiques.com\/fr\/wp-content\/uploads\/2022\/05\/Inauguration-jardin_public-TotalEnergies_Marketing_Tunisie-7.jpg\" class=\"slide-link\" data-not-rel=\"true\">\n                            <img decoding=\"async\"  data-id=\"57454\" src=\"https:\/\/www.plumeseconomiques.com\/fr\/wp-content\/uploads\/2022\/05\/Inauguration-jardin_public-TotalEnergies_Marketing_Tunisie-7-700x430.jpg\">\n                        <\/a>\n                    <div class=\"slide-title-wrap\"><\/div><\/div><div data-thumb=\"https:\/\/www.plumeseconomiques.com\/fr\/wp-content\/uploads\/2022\/05\/Inauguration-jardin_public-TotalEnergies_Marketing_Tunisie-6-150x150.jpg\">\n                        <a href=\"https:\/\/www.plumeseconomiques.com\/fr\/wp-content\/uploads\/2022\/05\/Inauguration-jardin_public-TotalEnergies_Marketing_Tunisie-6.jpg\" class=\"slide-link\" data-not-rel=\"true\">\n                            <img decoding=\"async\"  data-id=\"57455\" src=\"https:\/\/www.plumeseconomiques.com\/fr\/wp-content\/uploads\/2022\/05\/Inauguration-jardin_public-TotalEnergies_Marketing_Tunisie-6.jpg\">\n                        <\/a>\n                    <div class=\"slide-title-wrap\"><\/div><\/div><div data-thumb=\"https:\/\/www.plumeseconomiques.com\/fr\/wp-content\/uploads\/2022\/05\/Inauguration-jardin_public-TotalEnergies_Marketing_Tunisie-5-150x150.jpg\">\n                        <a href=\"https:\/\/www.plumeseconomiques.com\/fr\/wp-content\/uploads\/2022\/05\/Inauguration-jardin_public-TotalEnergies_Marketing_Tunisie-5.jpg\" class=\"slide-link\" data-not-rel=\"true\">\n                            <img decoding=\"async\"  data-id=\"57456\" src=\"https:\/\/www.plumeseconomiques.com\/fr\/wp-content\/uploads\/2022\/05\/Inauguration-jardin_public-TotalEnergies_Marketing_Tunisie-5-700x430.jpg\">\n                        <\/a>\n                    <div class=\"slide-title-wrap\"><\/div><\/div><div data-thumb=\"https:\/\/www.plumeseconomiques.com\/fr\/wp-content\/uploads\/2022\/05\/Inauguration-jardin_public-TotalEnergies_Marketing_Tunisie-8-150x150.jpg\">\n                        <a href=\"https:\/\/www.plumeseconomiques.com\/fr\/wp-content\/uploads\/2022\/05\/Inauguration-jardin_public-TotalEnergies_Marketing_Tunisie-8.jpg\" class=\"slide-link\" data-not-rel=\"true\">\n                            <img decoding=\"async\" alt=\"Inauguration-jardin_public-TotalEnergies_Marketing_Tunisie\" data-id=\"57452\" src=\"https:\/\/www.plumeseconomiques.com\/fr\/wp-content\/uploads\/2022\/05\/Inauguration-jardin_public-TotalEnergies_Marketing_Tunisie-8-700x430.jpg\">\n                        <\/a>\n                    <div class=\"slide-title-wrap\"><\/div><\/div><\/div><\/div><script>var prt_gal_img_1398917554 = [\"https:\\\/\\\/www.plumeseconomiques.com\\\/fr\\\/wp-content\\\/uploads\\\/2022\\\/05\\\/Inauguration-jardin_public-TotalEnergies_Marketing_Tunisie-1.jpg\",\"https:\\\/\\\/www.plumeseconomiques.com\\\/fr\\\/wp-content\\\/uploads\\\/2022\\\/05\\\/Inauguration-jardin_public-TotalEnergies_Marketing_Tunisie-2.jpg\",\"https:\\\/\\\/www.plumeseconomiques.com\\\/fr\\\/wp-content\\\/uploads\\\/2022\\\/05\\\/Inauguration-jardin_public-TotalEnergies_Marketing_Tunisie-3.jpg\",\"https:\\\/\\\/www.plumeseconomiques.com\\\/fr\\\/wp-content\\\/uploads\\\/2022\\\/05\\\/Inauguration-jardin_public-TotalEnergies_Marketing_Tunisie-4.jpg\",\"https:\\\/\\\/www.plumeseconomiques.com\\\/fr\\\/wp-content\\\/uploads\\\/2022\\\/05\\\/Inauguration-jardin_public-TotalEnergies_Marketing_Tunisie-9.jpg\",\"https:\\\/\\\/www.plumeseconomiques.com\\\/fr\\\/wp-content\\\/uploads\\\/2022\\\/05\\\/Inauguration-jardin_public-TotalEnergies_Marketing_Tunisie-7.jpg\",\"https:\\\/\\\/www.plumeseconomiques.com\\\/fr\\\/wp-content\\\/uploads\\\/2022\\\/05\\\/Inauguration-jardin_public-TotalEnergies_Marketing_Tunisie-6.jpg\",\"https:\\\/\\\/www.plumeseconomiques.com\\\/fr\\\/wp-content\\\/uploads\\\/2022\\\/05\\\/Inauguration-jardin_public-TotalEnergies_Marketing_Tunisie-5.jpg\",\"https:\\\/\\\/www.plumeseconomiques.com\\\/fr\\\/wp-content\\\/uploads\\\/2022\\\/05\\\/Inauguration-jardin_public-TotalEnergies_Marketing_Tunisie-8.jpg\"]; var prt_gal_cap_1398917554 = [\"\",\"\",\"\",\"\",\"\",\"\",\"\",\"\",\"\"]; <\/script><\/div>\n<p style=\"text-align: justify;\"><strong>Lire aussi:<\/strong><\/p>\n","protected":false},"excerpt":{"rendered":"<p>Inauguration officielle du jardin public am\u00e9nag\u00e9 par TotalEnergies Marketing Tunisie Samedi 21 mai 2022- TotalEnergies Marketing Tunisie a inaugur\u00e9 le jardin public situ\u00e9 en face de son Si\u00e8ge social aux Berges du Lac1 et am\u00e9nag\u00e9 par ses collaborateurs en pr\u00e9sence de la Maire de Tunis Mme Souad ABDERRAHIM. TotalEnergiesMarkting Tunisie s\u2019est r\u00e9uni pour une cause [&hellip;]<\/p>\n","protected":false},"author":1,"featured_media":57451,"comment_status":"open","ping_status":"open","sticky":false,"template":"","format":"standard","meta":{"_seopress_robots_primary_cat":"","_seopress_titles_title":"","_seopress_titles_desc":"","_seopress_robots_index":"","footnotes":""},"categories":[114],"tags":[378,4615,4616],"class_list":{"0":"post-57449","1":"post","2":"type-post","3":"status-publish","4":"format-standard","5":"has-post-thumbnail","7":"category-coin-cool","8":"tag-inauguration","9":"tag-jardin-public","10":"tag-totalenergies-marketing-tunisie"},"_links":{"self":[{"href":"https:\/\/plumeseconomiques.com\/fr\/wp-json\/wp\/v2\/posts\/57449","targetHints":{"allow":["GET"]}}],"collection":[{"href":"https:\/\/plumeseconomiques.com\/fr\/wp-json\/wp\/v2\/posts"}],"about":[{"href":"https:\/\/plumeseconomiques.com\/fr\/wp-json\/wp\/v2\/types\/post"}],"author":[{"embeddable":true,"href":"https:\/\/plumeseconomiques.com\/fr\/wp-json\/wp\/v2\/users\/1"}],"replies":[{"embeddable":true,"href":"https:\/\/plumeseconomiques.com\/fr\/wp-json\/wp\/v2\/comments?post=57449"}],"version-history":[{"count":0,"href":"https:\/\/plumeseconomiques.com\/fr\/wp-json\/wp\/v2\/posts\/57449\/revisions"}],"wp:featuredmedia":[{"embeddable":true,"href":"https:\/\/plumeseconomiques.com\/fr\/wp-json\/wp\/v2\/media\/57451"}],"wp:attachment":[{"href":"https:\/\/plumeseconomiques.com\/fr\/wp-json\/wp\/v2\/media?parent=57449"}],"wp:term":[{"taxonomy":"category","embeddable":true,"href":"https:\/\/plumeseconomiques.com\/fr\/wp-json\/wp\/v2\/categories?post=57449"},{"taxonomy":"post_tag","embeddable":true,"href":"https:\/\/plumeseconomiques.com\/fr\/wp-json\/wp\/v2\/tags?post=57449"}],"curies":[{"name":"wp","href":"https:\/\/api.w.org\/{rel}","templated":true}]}}