{"id":57251,"date":"2022-05-06T21:14:33","date_gmt":"2022-05-06T20:14:33","guid":{"rendered":"https:\/\/www.plumeseconomiques.com\/fr\/?p=57251"},"modified":"2022-05-06T21:14:33","modified_gmt":"2022-05-06T20:14:33","slug":"role-des-femmes-dans-la-transition-energetique-au-coeur-dune-conference-internationale-a-munich","status":"publish","type":"post","link":"https:\/\/plumeseconomiques.com\/fr\/eco-women\/role-des-femmes-dans-la-transition-energetique-au-coeur-dune-conference-internationale-a-munich\/","title":{"rendered":"R\u00f4le des femmes dans la transition \u00e9nerg\u00e9tique au c\u0153ur d\u2019une conf\u00e9rence internationale \u00e0 Munich"},"content":{"rendered":"<p style=\"text-align: justify;\"><span style=\"color: #000000;\"><strong>R\u00f4le des femmes dans la transition \u00e9nerg\u00e9tique au c\u0153ur d\u2019une conf\u00e9rence internationale \u00e0 Munich<\/strong><\/span><\/p>\n<p style=\"text-align: justify;\"><span style=\"color: #000000;\">Des experts de l\u2019\u00e9nergie du monde entier, y compris de la Tunisie, pour la majorit\u00e9 des femmes, seront en conclave \u00e0 Munich (Allemagne), le 12 mai 2022, \u00e0 l\u2019occasion de la conf\u00e9rence \u201c<a href=\"https:\/\/www.globalwomennet.org\/women-energize-women-launch-event\/\"><strong>WOMEN ENERGIZE WOMEN<\/strong><\/a>\u201d , un \u00e9v\u00e8nement annuel ax\u00e9, cette fois, sur le genre et la transition \u00e9nerg\u00e9tique.<\/span><\/p>\n<p style=\"text-align: justify;\"><span style=\"color: #000000;\">Pour l\u2019ann\u00e9e 2022, cette conf\u00e9rence d\u2019un jour qui aura pour th\u00e8me \u201d le r\u00f4le des femmes dans la transition \u00e9nerg\u00e9tique, r\u00e9gionale et internationale \u201c, est organis\u00e9e dans le cadre de l\u2019exposition et plus grande plateforme europ\u00e9enne d\u2019innovation dans le march\u00e9 de l\u2019\u00e9nergie \u201d Smarter E Europe \u201c.<\/span><\/p>\n<p style=\"text-align: justify;\"><span style=\"color: #000000;\">Elle est organis\u00e9e dans une conjoncture mondiale marqu\u00e9e par le conflit russo-ukrainien qui a \u00e9clat\u00e9 en f\u00e9vrier 2022 et pouss\u00e9 de nombreux gouvernements du monde entier, notamment, ceux des pays importateurs d\u2019\u00e9nergie, dont l\u2019Allemagne qui d\u00e9pend du gaz russe et la Tunisie, pays fortement d\u00e9pendant des importations \u00e9nerg\u00e9tiques, \u00e0 revoir leurs strat\u00e9gies d\u2019approvisionnement en \u00e9nergie pour r\u00e9duire leur d\u00e9pendance \u00e9nerg\u00e9tique de l\u2019ext\u00e9rieur et explorer de nouvelles pistes, dont celle des \u00e9nergies renouvelables (ER), pour subvenir \u00e0 des besoins croissants en \u00e9nergie.<\/span><\/p>\n<p style=\"text-align: justify;\"><span style=\"color: #000000;\">Les participants \u00e0 cet \u00e9v\u00e8nement, vont discuter de l\u2019\u00e9quit\u00e9 hommes-femmes dans le secteur des ER, l\u2019approche genre et le r\u00f4le des femmes dans la transition \u00e9nerg\u00e9tique globale et dans la r\u00e9alisation des objectifs de d\u00e9veloppement durable en g\u00e9n\u00e9ral.<\/span><\/p>\n<p style=\"text-align: justify;\"><span style=\"color: #000000;\">\u201d Il s\u2019agit de voir les aspects et probl\u00e8mes urgents de transition \u00e9nerg\u00e9tique \u00e0 travers le monde en les examinant d\u2019un point de vue f\u00e9minin et en impliquant activement les femmes en tant qu\u2019actrices du changement \u201c, pr\u00e9cise un communiqu\u00e9 du minist\u00e8re f\u00e9d\u00e9ral allemand de l\u2019\u00c9conomie et de l\u2019Action pour le climat (BMWK), qui a lanc\u00e9 l\u2019initiative.<\/span><\/p>\n<p style=\"text-align: justify;\"><span style=\"color: #000000;\">L\u2019objectif de cet \u00e9v\u00e8nement mis en \u0153uvre dans le cadre des partenariats \u00e9nerg\u00e9tiques bilat\u00e9raux par la GIZ, l\u2019agence allemande de coop\u00e9ration internationale pour le d\u00e9veloppement et la F\u00e9d\u00e9ration allemande des \u00e9nergies renouvelables (BEE), est de r\u00e9unir des femmes actives dans le secteur de l\u2019\u00e9nergie avec des conf\u00e9renci\u00e8res, autour de tables rondes, d\u2019ateliers et d\u2019autres formats innovants sur des sujets li\u00e9s \u00e0 l\u2019\u00e9nergie et au genre.<\/span><\/p>\n<p style=\"text-align: justify;\"><span style=\"color: #000000;\">Il s\u2019agit aussi, de voir de pr\u00e8s la plus grande plate-forme d\u2019Europe pour l\u2019industrie de l\u2019\u00e9nergie, ax\u00e9e cette ann\u00e9e sur les \u00e9nergies renouvelables, la d\u00e9centralisation et la digitalisation de l\u2019industrie de l\u2019\u00e9nergie ainsi que sur les solutions intersectorielles dans les fili\u00e8res de l\u2019\u00e9lectricit\u00e9, du chauffage et des transports.<\/span><\/p>\n<p style=\"text-align: justify;\"><span style=\"color: #000000;\">En effet, en d\u00e9pit de l\u2019attrait du secteur des \u00e9nergies renouvelables, les femmes sont bien moins repr\u00e9sent\u00e9es dans les postes dits STIM (Science, technologie, ing\u00e9nierie et math\u00e9matiques) et dans les postes administratifs, selon une enqu\u00eate de l\u2019Agence internationale des \u00e9nergies renouvelables (IRENA), men\u00e9e en 2019.<\/span><\/p>\n<p style=\"text-align: justify;\"><span style=\"color: #000000;\">Les \u00e9nergies renouvelables offrent, pourtant des opportunit\u00e9s sans pr\u00e9c\u00e9dent, compte tenu de leur dimension pluridisciplinaire, ce qui n\u2019est pas le cas de l\u2019\u00e9nergie fossile.<\/span><\/p>\n<p style=\"text-align: justify;\"><span style=\"color: #000000;\">L\u2019enqu\u00eate a r\u00e9v\u00e9l\u00e9 que 32 % des employ\u00e9s \u00e0 temps plein dans les entreprises interrog\u00e9es \u00e9taient des femmes, un chiffre bien sup\u00e9rieur \u00e0 la moyenne compar\u00e9 \u00e0 celui du secteur global du p\u00e9trole et du gaz, o\u00f9 seulement 22% des employ\u00e9s \u00e0 temps plein sont des femmes.<\/span><\/p>\n<p style=\"text-align: justify;\"><span style=\"color: #000000;\">Les femmes semblent faire face encore \u00e0 des obstacles r\u00e9currents pour faire carri\u00e8re dans les \u00e9nergies renouvelables. Ces obstacles seront discut\u00e9s par des experts lors de la conf\u00e9rence de Munich, pour trouver des solutions et partant associer davantage de femmes \u00e0 la transition \u00e9nerg\u00e9tique et aussi r\u00e9pondre \u00e0 la demande croissante de comp\u00e9tences dans un secteur en constante \u00e9volution, celui des ER.<\/span><\/p>\n<p><strong>Lire aussi:<\/strong><\/p>\n<div class=\"gsc-thumbnail-inside\">\n<div class=\"gs-title\"><a class=\"gs-title\" dir=\"ltr\" href=\"https:\/\/www.plumeseconomiques.com\/fr\/chiffre-cle\/la-tunisie-en-tete-des-pays-africains-en-matiere-d-energi\/\" data-cturl=\"https:\/\/www.google.com\/url?client=internal-element-cse&amp;cx=011238217578432545340:5m9aarzzppc&amp;q=https:\/\/www.plumeseconomiques.com\/fr\/chiffre-cle\/la-tunisie-en-tete-des-pays-africains-en-matiere-d-energi\/&amp;sa=U&amp;ved=2ahUKEwiAt5vc18v3AhWvhf0HHUJ_BgkQFnoECAUQAg&amp;usg=AOvVaw2LC0Ugz0nFHKe1PxGaZ6Qn\" data-ctorig=\"https:\/\/www.plumeseconomiques.com\/fr\/chiffre-cle\/la-tunisie-en-tete-des-pays-africains-en-matiere-d-energi\/\"><b>\u00c9nergie<\/b> : la Tunisie en t\u00eate des pays africains \u2013 Plumes Economiques<\/a><\/p>\n<div class=\"gsc-thumbnail-inside\">\n<div class=\"gs-title\"><a class=\"gs-title\" dir=\"ltr\" href=\"https:\/\/www.plumeseconomiques.com\/fr\/Dossier\/Aurasol-de-nouveaux-poumons-pour-l-energie-renouvelabl\/\" data-cturl=\"https:\/\/www.google.com\/url?client=internal-element-cse&amp;cx=011238217578432545340:5m9aarzzppc&amp;q=https:\/\/www.plumeseconomiques.com\/fr\/Dossier\/Aurasol-de-nouveaux-poumons-pour-l-energie-renouvelabl\/&amp;sa=U&amp;ved=2ahUKEwiAt5vc18v3AhWvhf0HHUJ_BgkQFnoECAEQAQ&amp;usg=AOvVaw0JdeZ91jgXHNlRK77DWTE6\" data-ctorig=\"https:\/\/www.plumeseconomiques.com\/fr\/Dossier\/Aurasol-de-nouveaux-poumons-pour-l-energie-renouvelabl\/\">Aurasol: de nouveaux poumons pour l&rsquo;<b>\u00e9nergie<\/b> renouvelable &#8230;<\/a><\/p>\n<div class=\"gsc-thumbnail-inside\">\n<div class=\"gs-title\"><a class=\"gs-title\" dir=\"ltr\" href=\"https:\/\/www.plumeseconomiques.com\/fr\/actualites\/news\/L-AHK-Tunisie-a-organise-un-seminaire-sur-l-energie-eolienne-une-source-d-energie-a-potentiel-d-avenir\/\" data-cturl=\"https:\/\/www.google.com\/url?client=internal-element-cse&amp;cx=011238217578432545340:5m9aarzzppc&amp;q=https:\/\/www.plumeseconomiques.com\/fr\/actualites\/news\/L-AHK-Tunisie-a-organise-un-seminaire-sur-l-energie-eolienne-une-source-d-energie-a-potentiel-d-avenir\/&amp;sa=U&amp;ved=2ahUKEwiAt5vc18v3AhWvhf0HHUJ_BgkQFnoECAMQAg&amp;usg=AOvVaw0aPgf6ExqVRQkhX3StZh1q\" data-ctorig=\"https:\/\/www.plumeseconomiques.com\/fr\/actualites\/news\/L-AHK-Tunisie-a-organise-un-seminaire-sur-l-energie-eolienne-une-source-d-energie-a-potentiel-d-avenir\/\">L&rsquo;AHK Tunisie a organis\u00e9 un s\u00e9minaire sur l&rsquo;<b>\u00e9nergie<\/b> \u00e9olienne, une &#8230;<\/a><\/div>\n<\/div>\n<\/div>\n<\/div>\n<\/div>\n<\/div>\n","protected":false},"excerpt":{"rendered":"<p>R\u00f4le des femmes dans la transition \u00e9nerg\u00e9tique au c\u0153ur d\u2019une conf\u00e9rence internationale \u00e0 Munich Des experts de l\u2019\u00e9nergie du monde entier, y compris de la Tunisie, pour la majorit\u00e9 des femmes, seront en conclave \u00e0 Munich (Allemagne), le 12 mai 2022, \u00e0 l\u2019occasion de la conf\u00e9rence \u201cWOMEN ENERGIZE WOMEN\u201d , un \u00e9v\u00e8nement annuel ax\u00e9, cette [&hellip;]<\/p>\n","protected":false},"author":1,"featured_media":57252,"comment_status":"open","ping_status":"open","sticky":false,"template":"","format":"standard","meta":{"_seopress_robots_primary_cat":"","_seopress_titles_title":"","_seopress_titles_desc":"","_seopress_robots_index":"","footnotes":""},"categories":[85],"tags":[705,332,365,4566,4402,4567],"class_list":{"0":"post-57251","1":"post","2":"type-post","3":"status-publish","4":"format-standard","5":"has-post-thumbnail","7":"category-eco-women","8":"tag-conference","9":"tag-femmes","10":"tag-internationale","11":"tag-munich","12":"tag-transition-energetique","13":"tag-women-energize-women"},"_links":{"self":[{"href":"https:\/\/plumeseconomiques.com\/fr\/wp-json\/wp\/v2\/posts\/57251","targetHints":{"allow":["GET"]}}],"collection":[{"href":"https:\/\/plumeseconomiques.com\/fr\/wp-json\/wp\/v2\/posts"}],"about":[{"href":"https:\/\/plumeseconomiques.com\/fr\/wp-json\/wp\/v2\/types\/post"}],"author":[{"embeddable":true,"href":"https:\/\/plumeseconomiques.com\/fr\/wp-json\/wp\/v2\/users\/1"}],"replies":[{"embeddable":true,"href":"https:\/\/plumeseconomiques.com\/fr\/wp-json\/wp\/v2\/comments?post=57251"}],"version-history":[{"count":0,"href":"https:\/\/plumeseconomiques.com\/fr\/wp-json\/wp\/v2\/posts\/57251\/revisions"}],"wp:featuredmedia":[{"embeddable":true,"href":"https:\/\/plumeseconomiques.com\/fr\/wp-json\/wp\/v2\/media\/57252"}],"wp:attachment":[{"href":"https:\/\/plumeseconomiques.com\/fr\/wp-json\/wp\/v2\/media?parent=57251"}],"wp:term":[{"taxonomy":"category","embeddable":true,"href":"https:\/\/plumeseconomiques.com\/fr\/wp-json\/wp\/v2\/categories?post=57251"},{"taxonomy":"post_tag","embeddable":true,"href":"https:\/\/plumeseconomiques.com\/fr\/wp-json\/wp\/v2\/tags?post=57251"}],"curies":[{"name":"wp","href":"https:\/\/api.w.org\/{rel}","templated":true}]}}