{"id":56640,"date":"2022-04-14T22:50:38","date_gmt":"2022-04-14T21:50:38","guid":{"rendered":"https:\/\/www.plumeseconomiques.com\/fr\/?p=56640"},"modified":"2022-04-14T22:50:38","modified_gmt":"2022-04-14T21:50:38","slug":"bte-1ere-reunion-du-conseil-dadministration-dans-le-nouveau-siege","status":"publish","type":"post","link":"https:\/\/plumeseconomiques.com\/fr\/news\/bte-1ere-reunion-du-conseil-dadministration-dans-le-nouveau-siege\/","title":{"rendered":"BTE : 1\u00e8re r\u00e9union du Conseil d\u2019administration dans le nouveau si\u00e8ge"},"content":{"rendered":"<p style=\"text-align: justify;\"><strong><span style=\"color: #000000;\">BTE : 1\u00e8re r\u00e9union du Conseil d\u2019administration dans le nouveau si\u00e8ge<\/span><\/strong><\/p>\n<p style=\"text-align: justify;\"><span style=\"color: #000000;\">R\u00e9uni pour la premi\u00e8re fois au nouveau si\u00e8ge \u00e9rig\u00e9 au Centre urbain Nord de Tunis, le Conseil d\u2019administration (CA) de la Banque de Tunisie et des \u00c9mirats (BTE) a enregistr\u00e9 avec satisfaction la r\u00e9ussite de l\u2019installation compl\u00e8te et r\u00e9ussie de l\u2019ensemble du personnel ainsi que de l\u2019Agence centrale.<\/span><\/p>\n<p style=\"text-align: justify;\"><span style=\"color: #000000;\">A cette occasion, le pr\u00e9sident du conseil, Jaber Zaal Khalifa Al Falasi, et les membres du Conseil ont f\u00e9licit\u00e9 la direction g\u00e9n\u00e9rale ainsi que tout le personnel de la banque en leur souhaitant plein de succ\u00e8s et exprimant les v\u0153ux de rayonnement et de p\u00e9rennit\u00e9 pour la BTE.<\/span><\/p>\n<p style=\"text-align: justify;\"><span style=\"color: #000000;\">A cet hommage ils ont associ\u00e9 tous ceux qui ont \u0153uvr\u00e9 pour r\u00e9ussir la r\u00e9alisation de ce projet, notamment l\u2018\u00e9quipe interne, le comit\u00e9 de pilotage issu du conseil d\u2019administration, les bureaux d\u2019architecture, d\u2019\u00e9tudes et de suivi, les fournisseurs et les prestataires de services.<\/span><\/p>\n<p style=\"text-align: justify;\"><span style=\"color: #000000;\">Au cours de sa r\u00e9union, le Conseil d\u2019administration a examin\u00e9 l\u2019\u00e9tat d\u2019avancement de l\u2019extension du r\u00e9seau d\u2019agences bancaires et de la mise en \u0153uvre de la strat\u00e9gie du syst\u00e8me d\u2019information ainsi que l\u2019avancement de la mise en place des normes IFRS dans la banque.<\/span><\/p>\n<p style=\"text-align: justify;\"><span style=\"color: #000000;\">Il a pass\u00e9 en revue les activit\u00e9s de celle-ci, la situation financi\u00e8re \u00e0 fin d\u00e9cembre 2021 et d\u2019autres questions inscrites \u00e0 son ordre du jour. Le conseil a \u00e9galement arr\u00eat\u00e9 les \u00e9tats financiers individuels et consolid\u00e9s au 31 d\u00e9cembre 2021, devant \u00eatre soumis \u00e0 l\u2019Assembl\u00e9e g\u00e9n\u00e9rale ordinaire qu\u2019il a d\u00e9cid\u00e9 de convoquer le 27 avril 2022.<\/span><\/p>\n<p><strong>Lire aussi:<\/strong><\/p>\n<div class=\"gsc-thumbnail-inside\">\n<div class=\"gs-title\"><a class=\"gs-title\" dir=\"ltr\" href=\"https:\/\/www.plumeseconomiques.com\/fr\/news\/bte-un-nouveau-siege-au-centre-urbain-nord\/\" data-cturl=\"https:\/\/www.google.com\/url?client=internal-element-cse&amp;cx=011238217578432545340:5m9aarzzppc&amp;q=https:\/\/www.plumeseconomiques.com\/fr\/news\/bte-un-nouveau-siege-au-centre-urbain-nord\/&amp;sa=U&amp;ved=2ahUKEwjR0eSnxJT3AhWARPEDHVqpD6YQFnoECAQQAg&amp;usg=AOvVaw2Zs3MWspOJJXcR7PGlMfwW\" data-ctorig=\"https:\/\/www.plumeseconomiques.com\/fr\/news\/bte-un-nouveau-siege-au-centre-urbain-nord\/\"><b>BTE<\/b> : un nouveau si\u00e8ge au centre urbain nord \u2013 Plumes Economiques<\/a><\/p>\n<div class=\"gsc-thumbnail-inside\">\n<div class=\"gs-title\"><a class=\"gs-title\" dir=\"ltr\" href=\"https:\/\/www.plumeseconomiques.com\/fr\/finance\/bte-le-titre-senvole-de-45\/\" data-cturl=\"https:\/\/www.google.com\/url?client=internal-element-cse&amp;cx=011238217578432545340:5m9aarzzppc&amp;q=https:\/\/www.plumeseconomiques.com\/fr\/finance\/bte-le-titre-senvole-de-45\/&amp;sa=U&amp;ved=2ahUKEwjR0eSnxJT3AhWARPEDHVqpD6YQFnoECAMQAg&amp;usg=AOvVaw3PdSJb1bdW4UH_dkF_wWwL\" data-ctorig=\"https:\/\/www.plumeseconomiques.com\/fr\/finance\/bte-le-titre-senvole-de-45\/\"><b>BTE<\/b> : le titre s&rsquo;envole de 4,5%<\/a><\/p>\n<div class=\"gsc-thumbnail-inside\">\n<div class=\"gs-title\"><a class=\"gs-title\" dir=\"ltr\" href=\"https:\/\/www.plumeseconomiques.com\/fr\/news\/BTE-une-nouvelle-agence-a-Kairouan\/\" data-cturl=\"https:\/\/www.google.com\/url?client=internal-element-cse&amp;cx=011238217578432545340:5m9aarzzppc&amp;q=https:\/\/www.plumeseconomiques.com\/fr\/news\/BTE-une-nouvelle-agence-a-Kairouan\/&amp;sa=U&amp;ved=2ahUKEwjR0eSnxJT3AhWARPEDHVqpD6YQFnoECAkQAg&amp;usg=AOvVaw28ttcAbwJ_AqwSgRHNRzNU\" data-ctorig=\"https:\/\/www.plumeseconomiques.com\/fr\/news\/BTE-une-nouvelle-agence-a-Kairouan\/\"><b>BTE<\/b> : une nouvelle agence \u00e0 Kairouan &#8211; Plumes Economiques<\/a><\/div>\n<\/div>\n<\/div>\n<\/div>\n<\/div>\n<\/div>\n","protected":false},"excerpt":{"rendered":"<p>BTE : 1\u00e8re r\u00e9union du Conseil d\u2019administration dans le nouveau si\u00e8ge R\u00e9uni pour la premi\u00e8re fois au nouveau si\u00e8ge \u00e9rig\u00e9 au Centre urbain Nord de Tunis, le Conseil d\u2019administration (CA) de la Banque de Tunisie et des \u00c9mirats (BTE) a enregistr\u00e9 avec satisfaction la r\u00e9ussite de l\u2019installation compl\u00e8te et r\u00e9ussie de l\u2019ensemble du personnel ainsi [&hellip;]<\/p>\n","protected":false},"author":1,"featured_media":56680,"comment_status":"open","ping_status":"open","sticky":false,"template":"","format":"standard","meta":{"_seopress_robots_primary_cat":"","_seopress_titles_title":"","_seopress_titles_desc":"","_seopress_robots_index":"","footnotes":""},"categories":[61],"tags":[3481,1108],"class_list":{"0":"post-56640","1":"post","2":"type-post","3":"status-publish","4":"format-standard","5":"has-post-thumbnail","7":"category-news","8":"tag-ago","9":"tag-bte"},"_links":{"self":[{"href":"https:\/\/plumeseconomiques.com\/fr\/wp-json\/wp\/v2\/posts\/56640","targetHints":{"allow":["GET"]}}],"collection":[{"href":"https:\/\/plumeseconomiques.com\/fr\/wp-json\/wp\/v2\/posts"}],"about":[{"href":"https:\/\/plumeseconomiques.com\/fr\/wp-json\/wp\/v2\/types\/post"}],"author":[{"embeddable":true,"href":"https:\/\/plumeseconomiques.com\/fr\/wp-json\/wp\/v2\/users\/1"}],"replies":[{"embeddable":true,"href":"https:\/\/plumeseconomiques.com\/fr\/wp-json\/wp\/v2\/comments?post=56640"}],"version-history":[{"count":0,"href":"https:\/\/plumeseconomiques.com\/fr\/wp-json\/wp\/v2\/posts\/56640\/revisions"}],"wp:featuredmedia":[{"embeddable":true,"href":"https:\/\/plumeseconomiques.com\/fr\/wp-json\/wp\/v2\/media\/56680"}],"wp:attachment":[{"href":"https:\/\/plumeseconomiques.com\/fr\/wp-json\/wp\/v2\/media?parent=56640"}],"wp:term":[{"taxonomy":"category","embeddable":true,"href":"https:\/\/plumeseconomiques.com\/fr\/wp-json\/wp\/v2\/categories?post=56640"},{"taxonomy":"post_tag","embeddable":true,"href":"https:\/\/plumeseconomiques.com\/fr\/wp-json\/wp\/v2\/tags?post=56640"}],"curies":[{"name":"wp","href":"https:\/\/api.w.org\/{rel}","templated":true}]}}