{"id":56540,"date":"2022-04-12T16:48:10","date_gmt":"2022-04-12T15:48:10","guid":{"rendered":"https:\/\/www.plumeseconomiques.com\/fr\/?p=56540"},"modified":"2022-04-12T16:48:10","modified_gmt":"2022-04-12T15:48:10","slug":"le-ccm-salue-es-mesures-durgence-economique","status":"publish","type":"post","link":"https:\/\/plumeseconomiques.com\/fr\/news\/le-ccm-salue-es-mesures-durgence-economique\/","title":{"rendered":"LE CCM salue es mesures d&rsquo;urgence \u00e9conomique"},"content":{"rendered":"<h5 style=\"text-align: justify;\"><span style=\"color: #000000;\">LE CCM salue es mesures d&rsquo;urgence \u00e9conomique<\/span><\/h5>\n<p style=\"text-align: justify;\"><span style=\"color: #000000;\">R\u00e9uni jeudi 7 avril 2022, le Conseil des Chambres Mixtes a salu\u00e9, au terme de ses travaux, les mesures d\u2019urgence visant \u00e0 booster la relance \u00e9conomique annonc\u00e9es le 1<sup>er<\/sup>\u00a0avril 2022 par le ministre de l\u2019\u00e9conomie et de la planification, Samir Saied.<\/span><\/p>\n<p style=\"text-align: justify;\"><span style=\"color: #000000;\">Le Conseil des Chambres mixtes souligne en m\u00eame temps l\u2019importance d\u2019accompagner ces mesures par des textes d\u2019application. Il r\u00e9it\u00e8re son souci de favoriser un dialogue \u00e9conomique public-priv\u00e9 permanent, afin de concevoir un programme national d\u2019appui \u00e0 la relance \u00e9conomique et financi\u00e8re, l\u2019am\u00e9lioration du climat de l\u2019investissement et la pr\u00e9servation de l\u2019emploi.<\/span><\/p>\n<p><strong>Lire aussi:<\/strong><\/p>\n<div class=\"gsc-thumbnail-inside\">\n<div class=\"gs-title\">\n<p><a class=\"gs-title\" dir=\"ltr\" href=\"https:\/\/www.plumeseconomiques.com\/fr\/news\/Tunisie-Des-hommes-d-affaires-turcs-visent-l-investissement-dans-les-regions-interieures\/\" data-cturl=\"https:\/\/www.google.com\/url?client=internal-element-cse&amp;cx=011238217578432545340:5m9aarzzppc&amp;q=https:\/\/www.plumeseconomiques.com\/fr\/news\/Tunisie-Des-hommes-d-affaires-turcs-visent-l-investissement-dans-les-regions-interieures\/&amp;sa=U&amp;ved=2ahUKEwjO2sHr7o73AhUVhlwKHcEAAlsQFnoECAgQAQ&amp;usg=AOvVaw0ttWRCZ1UBVPtMdRH6K7Cx\" data-ctorig=\"https:\/\/www.plumeseconomiques.com\/fr\/news\/Tunisie-Des-hommes-d-affaires-turcs-visent-l-investissement-dans-les-regions-interieures\/\">Tunisie: Des hommes d&rsquo;affaires turcs visent l&rsquo;<b>investissement<\/b> dans &#8230;<\/a><br \/>\n<a class=\"gs-title\" dir=\"ltr\" href=\"https:\/\/www.plumeseconomiques.com\/fr\/magazine\/sous-le-zoom\/baisse-de-20-des-intentions-dinvestissement\/\" data-cturl=\"https:\/\/www.google.com\/url?client=internal-element-cse&amp;cx=011238217578432545340:5m9aarzzppc&amp;q=https:\/\/www.plumeseconomiques.com\/fr\/magazine\/sous-le-zoom\/baisse-de-20-des-intentions-dinvestissement\/&amp;sa=U&amp;ved=2ahUKEwjR6Juc7473AhWLSfEDHdodCVcQFnoECAMQAg&amp;usg=AOvVaw3qVNv-YzSHpyVgt9wC04xb\" data-ctorig=\"https:\/\/www.plumeseconomiques.com\/fr\/magazine\/sous-le-zoom\/baisse-de-20-des-intentions-dinvestissement\/\">Baisse de 20% des intentions d&rsquo;<b>investissement<\/b><\/a><br \/>\n<a class=\"gs-title\" dir=\"ltr\" href=\"https:\/\/www.plumeseconomiques.com\/fr\/magazine\/sous-le-zoom\/prospection-des-opportunites-dinvestissement-entre-la-tunisie-et-le-koweit\/\" data-cturl=\"https:\/\/www.google.com\/url?client=internal-element-cse&amp;cx=011238217578432545340:5m9aarzzppc&amp;q=https:\/\/www.plumeseconomiques.com\/fr\/magazine\/sous-le-zoom\/prospection-des-opportunites-dinvestissement-entre-la-tunisie-et-le-koweit\/&amp;sa=U&amp;ved=2ahUKEwjO2sHr7o73AhUVhlwKHcEAAlsQFnoECAMQAg&amp;usg=AOvVaw3g19vVPSb64OD8l-x1lo08\" data-ctorig=\"https:\/\/www.plumeseconomiques.com\/fr\/magazine\/sous-le-zoom\/prospection-des-opportunites-dinvestissement-entre-la-tunisie-et-le-koweit\/\">Prospection des opportunit\u00e9s d&rsquo;<b>investissement<\/b> entre la Tunisie et le &#8230;<\/a><\/p>\n<\/div>\n<\/div>\n","protected":false},"excerpt":{"rendered":"<p>LE CCM salue es mesures d&rsquo;urgence \u00e9conomique R\u00e9uni jeudi 7 avril 2022, le Conseil des Chambres Mixtes a salu\u00e9, au terme de ses travaux, les mesures d\u2019urgence visant \u00e0 booster la relance \u00e9conomique annonc\u00e9es le 1er\u00a0avril 2022 par le ministre de l\u2019\u00e9conomie et de la planification, Samir Saied. Le Conseil des Chambres mixtes souligne en [&hellip;]<\/p>\n","protected":false},"author":1,"featured_media":56555,"comment_status":"open","ping_status":"open","sticky":false,"template":"","format":"standard","meta":{"_seopress_robots_primary_cat":"","_seopress_titles_title":"","_seopress_titles_desc":"","_seopress_robots_index":"","footnotes":""},"categories":[61],"tags":[],"class_list":{"0":"post-56540","1":"post","2":"type-post","3":"status-publish","4":"format-standard","5":"has-post-thumbnail","7":"category-news"},"_links":{"self":[{"href":"https:\/\/plumeseconomiques.com\/fr\/wp-json\/wp\/v2\/posts\/56540","targetHints":{"allow":["GET"]}}],"collection":[{"href":"https:\/\/plumeseconomiques.com\/fr\/wp-json\/wp\/v2\/posts"}],"about":[{"href":"https:\/\/plumeseconomiques.com\/fr\/wp-json\/wp\/v2\/types\/post"}],"author":[{"embeddable":true,"href":"https:\/\/plumeseconomiques.com\/fr\/wp-json\/wp\/v2\/users\/1"}],"replies":[{"embeddable":true,"href":"https:\/\/plumeseconomiques.com\/fr\/wp-json\/wp\/v2\/comments?post=56540"}],"version-history":[{"count":0,"href":"https:\/\/plumeseconomiques.com\/fr\/wp-json\/wp\/v2\/posts\/56540\/revisions"}],"wp:featuredmedia":[{"embeddable":true,"href":"https:\/\/plumeseconomiques.com\/fr\/wp-json\/wp\/v2\/media\/56555"}],"wp:attachment":[{"href":"https:\/\/plumeseconomiques.com\/fr\/wp-json\/wp\/v2\/media?parent=56540"}],"wp:term":[{"taxonomy":"category","embeddable":true,"href":"https:\/\/plumeseconomiques.com\/fr\/wp-json\/wp\/v2\/categories?post=56540"},{"taxonomy":"post_tag","embeddable":true,"href":"https:\/\/plumeseconomiques.com\/fr\/wp-json\/wp\/v2\/tags?post=56540"}],"curies":[{"name":"wp","href":"https:\/\/api.w.org\/{rel}","templated":true}]}}