{"id":56428,"date":"2022-04-06T01:40:33","date_gmt":"2022-04-06T00:40:33","guid":{"rendered":"https:\/\/www.plumeseconomiques.com\/fr\/?p=56428"},"modified":"2022-04-06T01:40:33","modified_gmt":"2022-04-06T00:40:33","slug":"fmi-les-discussions-avec-le-fonds-ont-ete-a-la-fois-positives-et-franches","status":"publish","type":"post","link":"https:\/\/plumeseconomiques.com\/fr\/a-la-une\/fmi-les-discussions-avec-le-fonds-ont-ete-a-la-fois-positives-et-franches\/","title":{"rendered":"FMI : les discussions avec le fonds ont \u00e9t\u00e9 \u00e0 la fois \u201cpositives\u201d et \u201cfranches\u201d"},"content":{"rendered":"<h5 style=\"text-align: justify;\"><span style=\"color: #000000;\">FMI : les discussions avec le fonds ont \u00e9t\u00e9 \u00e0 la fois \u201cpositives\u201d et \u201cfranches\u201d<br \/>\n<\/span><\/h5>\n<p style=\"text-align: justify;\"><span style=\"color: #000000;\">Lors de la conf\u00e9rence de presse donn\u00e9e le vendredi 1<sup>er<\/sup>\u00a0avril 2022, la ministre des Finances, Sihem Boughdiri Nemsia, a estim\u00e9 que les discussions entre la Tunisie et le <a href=\"https:\/\/www.imf.org\/fr\/Home\">Fonds mon\u00e9taire international (FMI)<\/a> ont \u00e9t\u00e9 \u00e0 la fois \u201cpositives\u201d et \u201cfranches\u201d.<\/span><\/p>\n<p style=\"text-align: justify;\"><span style=\"color: #000000;\">Elle a donn\u00e9 pour preuve le communiqu\u00e9 publi\u00e9 par la le Fonds \u00e0 l\u2019issue de la derni\u00e8re visite de sa d\u00e9l\u00e9gation en Tunisie. <\/span><\/p>\n<p style=\"text-align: justify;\"><span style=\"color: #000000;\">Nemsia s\u2019exprimait lors d\u2019une conf\u00e9rence de presse pour pr\u00e9senter les mesures urgentes \u00e0 mobiliser pour impulser l\u2019\u00e9conomie nationale, regagner la confiance des acteurs \u00e9conomiques et prot\u00e9ger le tissu \u00e9conomique.<\/span><\/p>\n<p style=\"text-align: justify;\"><span style=\"color: #000000;\">Sur un autre registre, la ministre a fait savoir qu\u2019une cellule de crise compos\u00e9e de plusieurs ministres a \u00e9t\u00e9 mise en place pour faire face aux r\u00e9percussions de la guerre russo-ukrainienne sur la Tunisie, notamment sur le co\u00fbt de la subvention des carburants et des produits de base.<\/span><\/p>\n<p><strong>Lire aussi:<\/strong><\/p>\n<div class=\"gsc-thumbnail-inside\">\n<div class=\"gs-title\"><a class=\"gs-title\" dir=\"ltr\" href=\"https:\/\/www.plumeseconomiques.com\/fr\/a-la-une\/fmi-2\/\" data-cturl=\"https:\/\/www.google.com\/url?client=internal-element-cse&amp;cx=011238217578432545340:5m9aarzzppc&amp;q=https:\/\/www.plumeseconomiques.com\/fr\/a-la-une\/fmi-2\/&amp;sa=U&amp;ved=2ahUKEwii9ImMmf72AhWLQfEDHb-7A-0QFnoECAgQAg&amp;usg=AOvVaw1Zs9xhObJQMlbuUMn0jHZZ\" data-ctorig=\"https:\/\/www.plumeseconomiques.com\/fr\/a-la-une\/fmi-2\/\"><b>FMI<\/b> Tunisie: entre le\u00e7ons du pass\u00e9 et perspectives d&rsquo;avenir<\/a><\/p>\n<div class=\"gsc-thumbnail-inside\">\n<div class=\"gs-title\"><a class=\"gs-title\" dir=\"ltr\" href=\"https:\/\/www.plumeseconomiques.com\/fr\/news\/le-fmi-approuve-le-decaissement-de-250-millions-pour-la-tunisie\/\" data-cturl=\"https:\/\/www.google.com\/url?client=internal-element-cse&amp;cx=011238217578432545340:5m9aarzzppc&amp;q=https:\/\/www.plumeseconomiques.com\/fr\/news\/le-fmi-approuve-le-decaissement-de-250-millions-pour-la-tunisie\/&amp;sa=U&amp;ved=2ahUKEwii9ImMmf72AhWLQfEDHb-7A-0QFnoECAYQAg&amp;usg=AOvVaw2-SAtyrSom50wSLwKInaht\" data-ctorig=\"https:\/\/www.plumeseconomiques.com\/fr\/news\/le-fmi-approuve-le-decaissement-de-250-millions-pour-la-tunisie\/\">Le <b>FMI<\/b> approuve le d\u00e9caissement de 250 millions $ pour la Tunisie &#8230;<\/a><\/p>\n<div class=\"gsc-thumbnail-inside\">\n<div class=\"gs-title\"><a class=\"gs-title\" dir=\"ltr\" href=\"https:\/\/www.plumeseconomiques.com\/fr\/Dossier\/le-conseil-dadministration-du-fmi-acheve-les-consultations-de-2017-avec-la-tunisie\/\" data-cturl=\"https:\/\/www.google.com\/url?client=internal-element-cse&amp;cx=011238217578432545340:5m9aarzzppc&amp;q=https:\/\/www.plumeseconomiques.com\/fr\/Dossier\/le-conseil-dadministration-du-fmi-acheve-les-consultations-de-2017-avec-la-tunisie\/&amp;sa=U&amp;ved=2ahUKEwj26LWvmf72AhXbSfEDHWCrCAYQFnoECAAQAQ&amp;usg=AOvVaw1_-S2QByOLpzRJ0jzFGTDu\" data-ctorig=\"https:\/\/www.plumeseconomiques.com\/fr\/Dossier\/le-conseil-dadministration-du-fmi-acheve-les-consultations-de-2017-avec-la-tunisie\/\">Le conseil d&rsquo;administration du <b>FMI<\/b> ach\u00e8ve les consultations de 2017 &#8230;<\/a><\/div>\n<\/div>\n<\/div>\n<\/div>\n<\/div>\n<\/div>\n","protected":false},"excerpt":{"rendered":"<p>FMI : les discussions avec le fonds ont \u00e9t\u00e9 \u00e0 la fois \u201cpositives\u201d et \u201cfranches\u201d Lors de la conf\u00e9rence de presse donn\u00e9e le vendredi 1er\u00a0avril 2022, la ministre des Finances, Sihem Boughdiri Nemsia, a estim\u00e9 que les discussions entre la Tunisie et le Fonds mon\u00e9taire international (FMI) ont \u00e9t\u00e9 \u00e0 la fois \u201cpositives\u201d et \u201cfranches\u201d. [&hellip;]<\/p>\n","protected":false},"author":1,"featured_media":56429,"comment_status":"open","ping_status":"open","sticky":false,"template":"","format":"standard","meta":{"_seopress_robots_primary_cat":"","_seopress_titles_title":"","_seopress_titles_desc":"","_seopress_robots_index":"","footnotes":""},"categories":[82],"tags":[836,1199,4417],"class_list":{"0":"post-56428","1":"post","2":"type-post","3":"status-publish","4":"format-standard","5":"has-post-thumbnail","7":"category-a-la-une","8":"tag-fmi","9":"tag-le-fonds-monetaire-international","10":"tag-sihem-boughdiri-nemsia"},"_links":{"self":[{"href":"https:\/\/plumeseconomiques.com\/fr\/wp-json\/wp\/v2\/posts\/56428","targetHints":{"allow":["GET"]}}],"collection":[{"href":"https:\/\/plumeseconomiques.com\/fr\/wp-json\/wp\/v2\/posts"}],"about":[{"href":"https:\/\/plumeseconomiques.com\/fr\/wp-json\/wp\/v2\/types\/post"}],"author":[{"embeddable":true,"href":"https:\/\/plumeseconomiques.com\/fr\/wp-json\/wp\/v2\/users\/1"}],"replies":[{"embeddable":true,"href":"https:\/\/plumeseconomiques.com\/fr\/wp-json\/wp\/v2\/comments?post=56428"}],"version-history":[{"count":0,"href":"https:\/\/plumeseconomiques.com\/fr\/wp-json\/wp\/v2\/posts\/56428\/revisions"}],"wp:featuredmedia":[{"embeddable":true,"href":"https:\/\/plumeseconomiques.com\/fr\/wp-json\/wp\/v2\/media\/56429"}],"wp:attachment":[{"href":"https:\/\/plumeseconomiques.com\/fr\/wp-json\/wp\/v2\/media?parent=56428"}],"wp:term":[{"taxonomy":"category","embeddable":true,"href":"https:\/\/plumeseconomiques.com\/fr\/wp-json\/wp\/v2\/categories?post=56428"},{"taxonomy":"post_tag","embeddable":true,"href":"https:\/\/plumeseconomiques.com\/fr\/wp-json\/wp\/v2\/tags?post=56428"}],"curies":[{"name":"wp","href":"https:\/\/api.w.org\/{rel}","templated":true}]}}