{"id":56010,"date":"2022-03-22T14:36:58","date_gmt":"2022-03-22T13:36:58","guid":{"rendered":"https:\/\/www.plumeseconomiques.com\/fr\/?p=56010"},"modified":"2022-03-22T14:36:58","modified_gmt":"2022-03-22T13:36:58","slug":"la-bts-et-les-ministeres-de-lemploi-et-de-lequipement-reiterent-leurs-engagement-envers-linitiative-privee","status":"publish","type":"post","link":"https:\/\/plumeseconomiques.com\/fr\/a-la-une\/la-bts-et-les-ministeres-de-lemploi-et-de-lequipement-reiterent-leurs-engagement-envers-linitiative-privee\/","title":{"rendered":"La BTS et les minist\u00e8res de l\u2019Emploi et de l\u2019\u00c9quipement r\u00e9it\u00e8rent leurs engagement envers l\u2019initiative priv\u00e9e"},"content":{"rendered":"<p style=\"text-align: justify;\"><span style=\"color: #000000;\"><strong>La BTS et l<\/strong><\/span><span style=\"color: #000000;\"><strong>es minist\u00e8res de l\u2019Emploi et de l\u2019\u00c9quipement r\u00e9it\u00e8rent leurs engagement envers l\u2019initiative priv\u00e9e<\/strong><\/span><\/p>\n<p style=\"text-align: justify;\"><span style=\"color: #000000;\">Des avenants \u00e0 des conventions entre les minist\u00e8res de l\u2019Emploi et de l\u2019\u00c9quipement et la Banque tunisienne de solidarit\u00e9 ont \u00e9t\u00e9 sign\u00e9s, vendredi 18 mars 2022, dans le cadre de l\u2019appui \u00e0 l\u2019initiative priv\u00e9e et aux nouveaux projets lanc\u00e9s par de jeunes entrepreneurs qui ont obtenu des cr\u00e9dits dans le cadre du programme \u201d nouvelle g\u00e9n\u00e9ration d\u2019entrepreneurs \u201d notamment apr\u00e8s la pand\u00e9mie de Covid-19.<\/span><\/p>\n<p style=\"text-align: justify;\"><span style=\"color: #000000;\">Selon un communiqu\u00e9, le ministre de l\u2019Emploi, Nasreddine Nsibi, a sign\u00e9 un avenant \u00e0 une convention tripartite avec son homologue de l\u2019\u00c9quipement, Sarah Zaafrani Zenzri, et le directeur g\u00e9n\u00e9ral de la BTS, Khelifa Sboui, ainsi que quatre avenants \u00e0 des conventions bilat\u00e9rales avec la BTS.<\/span><\/p>\n<p style=\"text-align: justify;\"><span style=\"color: #000000;\">Ces avenants couvrent plusieurs domaines, notamment l\u2019entretien courant des routes, des \u00e9tablissements \u00e9ducatifs, des \u00e9quipements et des r\u00e9seaux informatiques des \u00e9tablissements \u00e9ducatifs.<\/span><\/p>\n<p><strong>Lire aussi:<\/strong><\/p>\n<div class=\"gsc-thumbnail-inside\">\n<div class=\"gs-title\">\n<p><a class=\"gs-title\" dir=\"ltr\" href=\"https:\/\/www.plumeseconomiques.com\/fr\/news\/Tunisie-Des-hommes-d-affaires-turcs-visent-l-investissement-dans-les-regions-interieures\/\" data-cturl=\"https:\/\/www.google.com\/url?client=internal-element-cse&amp;cx=011238217578432545340:5m9aarzzppc&amp;q=https:\/\/www.plumeseconomiques.com\/fr\/news\/Tunisie-Des-hommes-d-affaires-turcs-visent-l-investissement-dans-les-regions-interieures\/&amp;sa=U&amp;ved=2ahUKEwi-qNnlktj2AhXI26QKHSC_Bz0QFnoECAAQAQ&amp;usg=AOvVaw0UU32ZFRbYhjOc2fWXNjKd\" data-ctorig=\"https:\/\/www.plumeseconomiques.com\/fr\/news\/Tunisie-Des-hommes-d-affaires-turcs-visent-l-investissement-dans-les-regions-interieures\/\">Tunisie: Des hommes d&rsquo;affaires turcs visent l&rsquo;<b>investissement<\/b> dans &#8230;<\/a><\/p>\n<div class=\"gsc-thumbnail-inside\">\n<div class=\"gs-title\">\n<p><a class=\"gs-title\" dir=\"ltr\" href=\"https:\/\/www.plumeseconomiques.com\/fr\/magazine\/sous-le-zoom\/prospection-des-opportunites-dinvestissement-entre-la-tunisie-et-le-koweit\/\" data-cturl=\"https:\/\/www.google.com\/url?client=internal-element-cse&amp;cx=011238217578432545340:5m9aarzzppc&amp;q=https:\/\/www.plumeseconomiques.com\/fr\/magazine\/sous-le-zoom\/prospection-des-opportunites-dinvestissement-entre-la-tunisie-et-le-koweit\/&amp;sa=U&amp;ved=2ahUKEwi-qNnlktj2AhXI26QKHSC_Bz0QFnoECAkQAg&amp;usg=AOvVaw05U1SVJrfHYUSgCDnKiRqN\" data-ctorig=\"https:\/\/www.plumeseconomiques.com\/fr\/magazine\/sous-le-zoom\/prospection-des-opportunites-dinvestissement-entre-la-tunisie-et-le-koweit\/\">Prospection des opportunit\u00e9s d&rsquo;<b>investissement<\/b> entre la Tunisie et le &#8230;<\/a><\/p>\n<div class=\"gsc-thumbnail-inside\">\n<div class=\"gs-title\"><a class=\"gs-title\" dir=\"ltr\" href=\"https:\/\/www.plumeseconomiques.com\/fr\/tag\/investissement-agricole\/\" data-cturl=\"https:\/\/www.google.com\/url?client=internal-element-cse&amp;cx=011238217578432545340:5m9aarzzppc&amp;q=https:\/\/www.plumeseconomiques.com\/fr\/tag\/investissement-agricole\/&amp;sa=U&amp;ved=2ahUKEwi-qNnlktj2AhXI26QKHSC_Bz0QFnoECAgQAQ&amp;usg=AOvVaw2dsnv7Bpx9pEZYPLmV395F\" data-ctorig=\"https:\/\/www.plumeseconomiques.com\/fr\/tag\/investissement-agricole\/\"><b>investissement<\/b> agricole &#8211; Plumes Economiques<\/a><\/div>\n<\/div>\n<\/div>\n<\/div>\n<\/div>\n<\/div>\n","protected":false},"excerpt":{"rendered":"<p>La BTS et les minist\u00e8res de l\u2019Emploi et de l\u2019\u00c9quipement r\u00e9it\u00e8rent leurs engagement envers l\u2019initiative priv\u00e9e Des avenants \u00e0 des conventions entre les minist\u00e8res de l\u2019Emploi et de l\u2019\u00c9quipement et la Banque tunisienne de solidarit\u00e9 ont \u00e9t\u00e9 sign\u00e9s, vendredi 18 mars 2022, dans le cadre de l\u2019appui \u00e0 l\u2019initiative priv\u00e9e et aux nouveaux projets lanc\u00e9s [&hellip;]<\/p>\n","protected":false},"author":1,"featured_media":56012,"comment_status":"open","ping_status":"open","sticky":false,"template":"","format":"standard","meta":{"_seopress_robots_primary_cat":"","_seopress_titles_title":"","_seopress_titles_desc":"","_seopress_robots_index":"","footnotes":""},"categories":[82],"tags":[],"class_list":{"0":"post-56010","1":"post","2":"type-post","3":"status-publish","4":"format-standard","5":"has-post-thumbnail","7":"category-a-la-une"},"_links":{"self":[{"href":"https:\/\/plumeseconomiques.com\/fr\/wp-json\/wp\/v2\/posts\/56010","targetHints":{"allow":["GET"]}}],"collection":[{"href":"https:\/\/plumeseconomiques.com\/fr\/wp-json\/wp\/v2\/posts"}],"about":[{"href":"https:\/\/plumeseconomiques.com\/fr\/wp-json\/wp\/v2\/types\/post"}],"author":[{"embeddable":true,"href":"https:\/\/plumeseconomiques.com\/fr\/wp-json\/wp\/v2\/users\/1"}],"replies":[{"embeddable":true,"href":"https:\/\/plumeseconomiques.com\/fr\/wp-json\/wp\/v2\/comments?post=56010"}],"version-history":[{"count":0,"href":"https:\/\/plumeseconomiques.com\/fr\/wp-json\/wp\/v2\/posts\/56010\/revisions"}],"wp:featuredmedia":[{"embeddable":true,"href":"https:\/\/plumeseconomiques.com\/fr\/wp-json\/wp\/v2\/media\/56012"}],"wp:attachment":[{"href":"https:\/\/plumeseconomiques.com\/fr\/wp-json\/wp\/v2\/media?parent=56010"}],"wp:term":[{"taxonomy":"category","embeddable":true,"href":"https:\/\/plumeseconomiques.com\/fr\/wp-json\/wp\/v2\/categories?post=56010"},{"taxonomy":"post_tag","embeddable":true,"href":"https:\/\/plumeseconomiques.com\/fr\/wp-json\/wp\/v2\/tags?post=56010"}],"curies":[{"name":"wp","href":"https:\/\/api.w.org\/{rel}","templated":true}]}}