{"id":55246,"date":"2022-01-18T16:35:22","date_gmt":"2022-01-18T15:35:22","guid":{"rendered":"https:\/\/www.plumeseconomiques.com\/fr\/?p=55246"},"modified":"2022-01-18T16:35:22","modified_gmt":"2022-01-18T15:35:22","slug":"proparco-5-millions-deuros-de-garantie-pour-soutenir-les-tpe-et-pme-tunisiennes","status":"publish","type":"post","link":"https:\/\/plumeseconomiques.com\/fr\/news\/proparco-5-millions-deuros-de-garantie-pour-soutenir-les-tpe-et-pme-tunisiennes\/","title":{"rendered":"Proparco : 5 millions d&rsquo;euros de garantie pour soutenir les TPE et PME tunisiennes"},"content":{"rendered":"<p style=\"text-align: justify;\"><span style=\"color: #000000;\"><strong><em>Proparco : 5 millions d&rsquo;euros de garantie pour soutenir les TPE et PME tunisiennes <\/em><\/strong><\/span><\/p>\n<p style=\"text-align: justify;\"><span style=\"color: #000000;\">Dans le contexte de crise sanitaire, <a href=\"http:\/\/www.proparco.fr\">Proparco<\/a> (Groupe AFD) soutient l\u2019action du Centre Financier aux Entrepreneurs (CFE) en faveur des TPE et PME en accordant une garantie ARIZ de 5 millions d\u2019euros dans le cadre de l\u2019initiative Choose Africa Resilience. <\/span><\/p>\n<p style=\"text-align: justify;\"><span style=\"color: #000000;\">Cette garantie permettra de faciliter l\u2019acc\u00e8s au financement des TPE et PME mal desservies, principalement dans les secteurs suivants : tourisme et restauration, artisanat et industrie manufacturi\u00e8re, \u00e9ducation, sant\u00e9, agriculture, commerce de d\u00e9tail, et services de proximit\u00e9.<\/span><\/p>\n<p style=\"text-align: justify;\"><span style=\"color: #000000;\">Proparco accompagne le CFE Tunisie depuis 2016.La nouvelle garantie Choose Africa Resilience permettra au CFE Tunisie de disposer d\u2019un instrument de partage de risque dans le cadre de la croissance de son portefeuille de pr\u00eats aux TPME, dans un contexte de crise sanitaire. Ces pr\u00eats sont destin\u00e9s \u00e0 renforcer les capacit\u00e9s des micros entrepreneurs pour surmonter la crise.<\/span><\/p>\n<p style=\"text-align: justify;\"><span style=\"color: #000000;\">La client\u00e8le du CFE Tunisie est constitu\u00e9e de tr\u00e8s petits entrepreneurs qui recherchent des microcr\u00e9dits remboursables \u00e0 court et moyen terme et des micro-entrepreneurs n\u00e9cessitant des montants de pr\u00eats plus \u00e9lev\u00e9s pour soutenir des investissements plus substantiels. <\/span><\/p>\n<p style=\"text-align: justify;\"><span style=\"color: #000000;\">Cette institution de micro finance propose une palette de cr\u00e9dits allant de 3.000 \u00e0 <\/span><span style=\"color: #000000;\">40.000 dinars (soit entre 900\u20ac et 12.000\u20ac) et accompagne des porteurs de projets dans tous les domaines d\u2019activit\u00e9\u00a0: du transport au commerce de d\u00e9tail, de la manufacture \u00e0 la restauration, en passant par l\u2019\u00e9ducation, l\u2019artisanat, l\u2019agriculture, etc.<\/span><\/p>\n<p style=\"text-align: justify;\"><span style=\"color: #000000;\">En tant qu\u2019acteur de l\u2019\u00e9conomie sociale et solidaire, et \u00e0 travers sa mission d\u2019inclusion financi\u00e8re, le CFE Tunisie a un impact significatif sur l\u2019am\u00e9lioration des conditions de vie de ses clients et le d\u00e9veloppement de leurs activit\u00e9s. <\/span><\/p>\n<p style=\"text-align: justify;\"><span style=\"color: #000000;\">En appuyant les micro-entrepreneurs dans leurs projets, le CFE Tunisie aurait permis de maintenir ou de cr\u00e9er jusqu\u2019\u00e0 28.000 emplois depuis sa cr\u00e9ation en 2015 (Etude d\u2019impact d\u2019un \u00e9chantillon de clients).<\/span><\/p>\n<p style=\"text-align: justify;\"><span style=\"color: #000000;\">Cette garantie Choose Africa Resilience permettra de contribuer aux ODD 1 (\u00ab augmentation des revenus en milieu urbain et rural \u00bb), ODD 8 (\u00ab travail d\u00e9cent et croissance \u00e9conomique \u00bb), et ODD 10 (\u00ab in\u00e9galit\u00e9s r\u00e9duites \u00bb).<\/span><\/p>\n<blockquote>\n<p style=\"text-align: justify;\"><span style=\"color: #000000;\">\u00ab Proparco est tr\u00e8s heureuse de renforcer son partenariat avec CFE Tunisie via l\u2019octroi d\u2019une garantie Choose Africa R\u00e9silience. L\u2019impact du CFE Tunisie aupr\u00e8s des micro-entrepreneurs, en particulier les femmes et les jeunes, en fait un partenaire cl\u00e9 en Tunisie engag\u00e9 dans le soutien des TPE\/PME affect\u00e9es par la crise de la COVID-19 \u00bb a d\u00e9clar\u00e9 Amina Ben Abdelkarim, Repr\u00e9sentante de Proparco en Tunisie.<\/span><\/p>\n<p style=\"text-align: justify;\"><span style=\"color: #000000;\">\u00ab\u00a0La garantie Choose Africa R\u00e9silience propos\u00e9e gr\u00e2ce au soutien du gouvernement fran\u00e7ais et d\u00e9ploy\u00e9e par Proparco, permettra au CFE Tunisie d\u2019apporter une r\u00e9ponse adapt\u00e9e aux besoins des entrepreneurs tunisiens touch\u00e9s par la crise sanitaire. Ce partenariat est une nouvelle illustration de cet engagement de la France en faveur du d\u00e9veloppement, rappel\u00e9 par le Pr\u00e9sident de la R\u00e9publique Emmanuel Macron lors du Nouveau Sommet Afrique-France. Depuis 2018, ce sont plus de 2,7 milliards d\u2019euros qui ont \u00e9t\u00e9 engag\u00e9s par Proparco et l\u2019AFD dans le cadre de l\u2019initiative fran\u00e7aise Choose Africa \u00bb a d\u00e9clar\u00e9 S.E.M. Andr\u00e9 Parant, Ambassadeur de France en Tunisie.<\/span><\/p>\n<p style=\"text-align: justify;\"><span style=\"color: #000000;\">Mr Radhi Meddeb, Pr\u00e9sident du Conseil d\u2019Administration du CFE a d\u00e9clar\u00e9 que\u00a0\u00ab\u00a0<em>Nous sommes fiers de signer ce partenariat avec le fonds de garantie. Cela permettra au CFE de s\u2019engager davantage aupr\u00e8s des micros, petites et moyennes entreprises et de favoriser leur plus grande inclusion et un meilleur acc\u00e8s au cr\u00e9dit \u00bb<\/em><\/span><\/p>\n<p style=\"text-align: justify;\"><span style=\"color: #000000;\">Kamel Saibi, le Directeur G\u00e9n\u00e9ral du CFE a ajout\u00e9 \u00ab\u00a0<em>cet accord permettra avant tout de servir l\u2019activit\u00e9 des micro-entrepreneurs mise \u00e0 rude \u00e9preuve par la pand\u00e9mie de Coronavirus et fragilis\u00e9e par sa difficult\u00e9 d\u2019acc\u00e8s aux financements, particuli\u00e8rement pour les femmes entrepreneures et les jeunes \u00bb<\/em><\/span><\/p>\n<\/blockquote>\n<p style=\"text-align: justify;\"><span style=\"color: #000000;\"><strong><img loading=\"lazy\" decoding=\"async\" class=\"aligncenter wp-image-55248 size-full\" src=\"https:\/\/www.plumeseconomiques.com\/fr\/wp-content\/uploads\/2022\/01\/Proparco-5-millions-deuros-de-garantie-pour-soutenir-les-TPE-et-PME-tunisiennes.jpg\" alt=\"Proparco : 5 millions d'euros de garantie pour soutenir les TPE et PME tunisiennes\" width=\"700\" height=\"464\" srcset=\"https:\/\/www.plumeseconomiques.com\/fr\/wp-content\/uploads\/2022\/01\/Proparco-5-millions-deuros-de-garantie-pour-soutenir-les-TPE-et-PME-tunisiennes.jpg 700w, https:\/\/www.plumeseconomiques.com\/fr\/wp-content\/uploads\/2022\/01\/Proparco-5-millions-deuros-de-garantie-pour-soutenir-les-TPE-et-PME-tunisiennes-300x199.jpg 300w\" sizes=\"auto, (max-width: 700px) 100vw, 700px\" \/>Choose Africa R\u00e9silience<\/strong><\/span><span style=\"color: #000000;\"><strong>\u00a0<\/strong><\/span><\/p>\n<p style=\"text-align: justify;\"><span style=\"color: #000000;\">Les cons\u00e9quences \u00e9conomiques de la crise de Covid-19 ont un fort impact sur les TPE et PME en Afrique, elles accentuent les probl\u00e8mes d\u2019acc\u00e8s au financement qu\u2019elles rencontraient bien avant la crise.<\/span><\/p>\n<p style=\"text-align: justify;\"><span style=\"color: #000000;\">Malgr\u00e9 la d\u00e9gradation du contexte macro\u00e9conomique, Proparco a amplifi\u00e9 son action de soutien au secteur priv\u00e9 africain. Depuis mars 2020, Proparco a propos\u00e9 \u00e0 ses clients existants des solutions de flexibilit\u00e9 (reports d\u2019\u00e9ch\u00e9ances, apport de financements compl\u00e9mentaires, etc.) pour r\u00e9pondre \u00e0 leurs besoins les plus urgents.<\/span><\/p>\n<p style=\"text-align: justify;\"><span style=\"color: #000000;\">Dans la continuit\u00e9 de cette r\u00e9ponse imm\u00e9diate et en lien avec ses homologues banques de d\u00e9veloppement, le Groupe AFD renforce sa capacit\u00e9 d\u2019intervention au b\u00e9n\u00e9fice des entreprises et institutions financi\u00e8res priv\u00e9es en Afrique. Proparco \u00e9toffe ainsi l\u2019initiative Choose Africa d\u2019un nouveau volet, R\u00e9silience, dot\u00e9 d\u2019une enveloppe suppl\u00e9mentaire de 1 milliard d\u2019euros. Ce dispositif comporte des outils de pr\u00eats, garanties, prises de participation et accompagnements, adapt\u00e9s au contexte de la crise.<\/span><\/p>\n<p style=\"text-align: justify;\"><span style=\"color: #000000;\"><strong><u>A propos de Proparco :<\/u><\/strong><\/span><span style=\"color: #000000;\"><strong><u>\u00a0<\/u><\/strong><\/span><\/p>\n<p style=\"text-align: justify;\"><span style=\"color: #000000;\">Proparco est la filiale de financement du secteur priv\u00e9 du Groupe Agence Fran\u00e7aise de D\u00e9veloppement (Groupe AFD). Elle agit depuis plus de 40 ans en faveur d&rsquo;un d\u00e9veloppement \u00e9conomique, social et environnemental durable. Proparco apporte des financements et un soutien aux entreprises et aux institutions financi\u00e8res en Afrique, en Asie, en Am\u00e9rique latine et au Moyen-Orient. Son action se concentre sur les secteurs cl\u00e9s du d\u00e9veloppement : les infrastructures, principalement pour les \u00e9nergies renouvelables, l&rsquo;agro-industrie, les institutions financi\u00e8res, la sant\u00e9 et l&rsquo;\u00e9ducation.<\/span><\/p>\n<p style=\"text-align: justify;\"><span style=\"color: #000000;\">Ses op\u00e9rations visent \u00e0 renforcer la contribution des acteurs priv\u00e9s \u00e0 la r\u00e9alisation des Objectifs de d\u00e9veloppement durable (ODD) adopt\u00e9s par la communaut\u00e9 internationale en 2015. Pour ce faire, Proparco finance des entreprises dont l&rsquo;activit\u00e9 contribue \u00e0 la cr\u00e9ation d&#8217;emplois et de revenus d\u00e9cents, \u00e0 la fourniture de biens et services essentiels et \u00e0 la lutte contre le changement climatique. Pour un monde en commun.<\/span><\/p>\n<p style=\"text-align: justify;\"><span style=\"color: #000000;\"><strong><u>A propos de CFE Tunisie<\/u><\/strong><\/span><\/p>\n<p style=\"text-align: justify;\"><span style=\"color: #000000;\">Le Centre Financier aux Entrepreneurs &#8211; Tunisie S.A. (CFE Tunisie) est une institution de micro finance qui vise \u00e0 accro\u00eetre l\u2019accessibilit\u00e9 des services financiers pour les micros et petites entreprises afin de contribuer \u00e0 la prosp\u00e9rit\u00e9 durable, \u00e0 l\u2019\u00e9mergence du secteur priv\u00e9 et \u00e0 l\u2019am\u00e9lioration des conditions de vie des Tunisiens. Le CFE Tunisie s\u2019adresse \u00e0 des micros entrepreneurs op\u00e9rationnels qui ont du potentiel pour se d\u00e9velopper et \u00e9voluer vers des structures plus renforc\u00e9es et organis\u00e9es. Depuis sa cr\u00e9ation, il a servi pr\u00e8s de 20\u2019000 pr\u00eats aux micro-entrepreneurs \u00e0 hauteur de 239 millions de dinars.<\/span><\/p>\n<p style=\"text-align: justify;\"><span style=\"color: #000000;\">Le CFE dispose actuellement de treize agences sur le Grand Tunis, Sousse, Sfax, Monastir, Nabeul, Gabes, Bizerte, Kairouan et B\u00e9ja. Au 31 D\u00e9cembre 2021, le CFE compte plus de 9\u2019000 clients actifs pour un encours de cr\u00e9dit de 86 millions de dinars.<\/span><\/p>\n<p><strong>Lire aussi:<\/strong><\/p>\n<div class=\"gsc-thumbnail-inside\">\n<div class=\"gs-title\">\n<p><a class=\"gs-title\" dir=\"ltr\" href=\"https:\/\/www.plumeseconomiques.com\/fr\/actualites\/news\/Levee-de-l-immunite-de-Najem-Gharsalli\/\" data-cturl=\"https:\/\/www.google.com\/url?client=internal-element-cse&amp;cx=011238217578432545340:5m9aarzzppc&amp;q=https:\/\/www.plumeseconomiques.com\/fr\/actualites\/news\/Levee-de-l-immunite-de-Najem-Gharsalli\/&amp;sa=U&amp;ved=2ahUKEwjcgsqUy7v1AhW3EWMBHf2HCF8QFnoECAIQAQ&amp;usg=AOvVaw0_4hoVu7-vwWr-afLDMCkr\" data-ctorig=\"https:\/\/www.plumeseconomiques.com\/fr\/actualites\/news\/Levee-de-l-immunite-de-Najem-Gharsalli\/\">Lev\u00e9e de l&rsquo;immunit\u00e9 de Najem Gharsalli &#8211; Plumes Economiques<\/a><\/p>\n<div class=\"gsc-thumbnail-inside\">\n<div class=\"gs-title\">\n<p><a class=\"gs-title\" dir=\"ltr\" href=\"https:\/\/www.plumeseconomiques.com\/fr\/actualites\/news\/Les-previsions-tablent-sur-une-croissance-de-25-en-2016\/\" data-cturl=\"https:\/\/www.google.com\/url?client=internal-element-cse&amp;cx=011238217578432545340:5m9aarzzppc&amp;q=https:\/\/www.plumeseconomiques.com\/fr\/actualites\/news\/Les-previsions-tablent-sur-une-croissance-de-25-en-2016\/&amp;sa=U&amp;ved=2ahUKEwjcgsqUy7v1AhW3EWMBHf2HCF8QFnoECAQQAQ&amp;usg=AOvVaw3vVGGFEWSEGXZP73hGQeop\" data-ctorig=\"https:\/\/www.plumeseconomiques.com\/fr\/actualites\/news\/Les-previsions-tablent-sur-une-croissance-de-25-en-2016\/\">Les pr\u00e9visions tablent sur une croissance de 2,5% en 2016 &#8230;<\/a><\/p>\n<div class=\"gsc-thumbnail-inside\">\n<div class=\"gs-title\"><a class=\"gs-title\" dir=\"ltr\" href=\"https:\/\/www.plumeseconomiques.com\/fr\/news\/la-tunisie-recoit-85-millions-de-dinars-de-lafd-pour-numeriser-le-secteur-de-la-sante\/\" data-cturl=\"https:\/\/www.google.com\/url?client=internal-element-cse&amp;cx=011238217578432545340:5m9aarzzppc&amp;q=https:\/\/www.plumeseconomiques.com\/fr\/news\/la-tunisie-recoit-85-millions-de-dinars-de-lafd-pour-numeriser-le-secteur-de-la-sante\/&amp;sa=U&amp;ved=2ahUKEwjP1qjXy7v1AhVE5-AKHXquA18QFnoECAUQAg&amp;usg=AOvVaw3x8tX3SXwx0x2Ef6Jp85xE\" data-ctorig=\"https:\/\/www.plumeseconomiques.com\/fr\/news\/la-tunisie-recoit-85-millions-de-dinars-de-lafd-pour-numeriser-le-secteur-de-la-sante\/\">La Tunisie re\u00e7oit 85 millions de dinars de l&rsquo;<b>AFD<\/b> pour num\u00e9riser le &#8230;<\/a><\/div>\n<\/div>\n<\/div>\n<\/div>\n<\/div>\n<\/div>\n","protected":false},"excerpt":{"rendered":"<p>Proparco : 5 millions d&rsquo;euros de garantie pour soutenir les TPE et PME tunisiennes Dans le contexte de crise sanitaire, Proparco (Groupe AFD) soutient l\u2019action du Centre Financier aux Entrepreneurs (CFE) en faveur des TPE et PME en accordant une garantie ARIZ de 5 millions d\u2019euros dans le cadre de l\u2019initiative Choose Africa Resilience. Cette [&hellip;]<\/p>\n","protected":false},"author":1,"featured_media":55249,"comment_status":"open","ping_status":"open","sticky":false,"template":"","format":"standard","meta":{"_seopress_robots_primary_cat":"","_seopress_titles_title":"","_seopress_titles_desc":"","_seopress_robots_index":"","footnotes":""},"categories":[61],"tags":[886,4140,3201,713,567,2384,3398],"class_list":{"0":"post-55246","1":"post","2":"type-post","3":"status-publish","4":"format-standard","5":"has-post-thumbnail","7":"category-news","8":"tag-afd","9":"tag-cfe","10":"tag-entreprise","11":"tag-la-tunisie","12":"tag-pme","13":"tag-proparco","14":"tag-tpe"},"_links":{"self":[{"href":"https:\/\/plumeseconomiques.com\/fr\/wp-json\/wp\/v2\/posts\/55246","targetHints":{"allow":["GET"]}}],"collection":[{"href":"https:\/\/plumeseconomiques.com\/fr\/wp-json\/wp\/v2\/posts"}],"about":[{"href":"https:\/\/plumeseconomiques.com\/fr\/wp-json\/wp\/v2\/types\/post"}],"author":[{"embeddable":true,"href":"https:\/\/plumeseconomiques.com\/fr\/wp-json\/wp\/v2\/users\/1"}],"replies":[{"embeddable":true,"href":"https:\/\/plumeseconomiques.com\/fr\/wp-json\/wp\/v2\/comments?post=55246"}],"version-history":[{"count":0,"href":"https:\/\/plumeseconomiques.com\/fr\/wp-json\/wp\/v2\/posts\/55246\/revisions"}],"wp:featuredmedia":[{"embeddable":true,"href":"https:\/\/plumeseconomiques.com\/fr\/wp-json\/wp\/v2\/media\/55249"}],"wp:attachment":[{"href":"https:\/\/plumeseconomiques.com\/fr\/wp-json\/wp\/v2\/media?parent=55246"}],"wp:term":[{"taxonomy":"category","embeddable":true,"href":"https:\/\/plumeseconomiques.com\/fr\/wp-json\/wp\/v2\/categories?post=55246"},{"taxonomy":"post_tag","embeddable":true,"href":"https:\/\/plumeseconomiques.com\/fr\/wp-json\/wp\/v2\/tags?post=55246"}],"curies":[{"name":"wp","href":"https:\/\/api.w.org\/{rel}","templated":true}]}}