{"id":54968,"date":"2021-12-02T18:17:15","date_gmt":"2021-12-02T17:17:15","guid":{"rendered":"https:\/\/www.plumeseconomiques.com\/fr\/?p=54968"},"modified":"2021-12-02T18:17:15","modified_gmt":"2021-12-02T17:17:15","slug":"le-groupe-attijariwafa-bank-organise-la-deuxieme-edition-du-colloque-talents-africains","status":"publish","type":"post","link":"https:\/\/plumeseconomiques.com\/fr\/international-echo\/le-groupe-attijariwafa-bank-organise-la-deuxieme-edition-du-colloque-talents-africains\/","title":{"rendered":"Le groupe Attijariwafa bank organise la deuxi\u00e8me \u00e9dition du colloque \u00ab Talents Africains \u00bb"},"content":{"rendered":"<h5 style=\"text-align: justify;\"><strong><span style=\"color: #000000;\">Le groupe Attijariwafa bank organise la deuxi\u00e8me \u00e9dition du colloque <\/span><span style=\"color: #000000;\">\u00ab Talents Africains \u00bb<\/span><\/strong><\/h5>\n<p style=\"text-align: justify;\"><span style=\"color: #000000;\">Le groupe Attijariwafa bank organise la deuxi\u00e8me \u00e9dition du colloque digital \u00ab Talents Africains \u00bb, les 2 et 3 <\/span><span style=\"color: #000000;\">d\u00e9cembre 2021.<\/span><\/p>\n<p style=\"text-align: justify;\"><span style=\"color: #000000;\">Ce colloque s\u2019inscrit parfaitement dans la strat\u00e9gie du groupe Attijariwafa bank qui \u0153uvre pour promouvoir <\/span><span style=\"color: #000000;\">l\u2019excellence au niveau du continent et qui croit dans le potentiel du capital humain de l\u2019Afrique.<\/span><\/p>\n<p style=\"text-align: justify;\"><span style=\"color: #000000;\">Pr\u00e9sid\u00e9e par M. Mohamed EL KETTANI, Pr\u00e9sident Directeur G\u00e9n\u00e9ral du groupe Attijariwafa bank, et initi\u00e9e par le <\/span><span style=\"color: #000000;\">d\u00e9partement du Capital Humain du Groupe, cette nouvelle \u00e9dition a pour objectif de cr\u00e9er une r\u00e9elle dynamique <\/span><span style=\"color: #000000;\">aupr\u00e8s des talents \u00e0 l\u2019\u00e9chelle internationale et continentale.<\/span><\/p>\n<p style=\"text-align: justify;\"><span style=\"color: #000000;\">Cet \u00e9v\u00e8nement se tiendra sous le th\u00e8me \u00ab L\u2019Afrique face \u00e0 ses d\u00e9fis : Comment les talents peuvent contribuer <\/span><span style=\"color: #000000;\">\u00e0 l\u2019\u00e9mergence du continent ? \u00bb et r\u00e9unira plusieurs personnalit\u00e9s marocaines et \u00e9trang\u00e8res de notori\u00e9t\u00e9 <\/span><span style=\"color: #000000;\">publique, issues du monde diplomatique, acad\u00e9mique, financier et \u00e9conomique, aux c\u00f4t\u00e9s des cadres dirigeants <\/span><span style=\"color: #000000;\">du groupe Attijariwafa bank.<\/span><\/p>\n<p style=\"text-align: justify;\"><span style=\"color: #000000;\">Cette deuxi\u00e8me \u00e9dition verra la participation de plusieurs talents africains repr\u00e9sentant divers pays et \u00e9tablis <\/span><span style=\"color: #000000;\">dans plusieurs continents qui prendront part \u00e0 un programme riche en \u00e9change et en partage autour des sujets <\/span><span style=\"color: #000000;\">\u00e0 forte valeur ajout\u00e9e qui int\u00e9ressent notre continent.<\/span><\/p>\n<p style=\"text-align: justify;\"><span style=\"color: #000000;\">Les participants pourront suivre des d\u00e9bats de haute facture au sujet des d\u00e9fis et des enjeux qui concernent le <\/span><span style=\"color: #000000;\">d\u00e9veloppement de l\u2019Afrique. <\/span><\/p>\n<p style=\"text-align: justify;\"><span style=\"color: #000000;\">Les talents pourront \u00e9galement \u00e9changer avec les Managers du Groupe au Maroc et <\/span><span style=\"color: #000000;\">\u00e0 l\u2019international, autour des projets port\u00e9s par Attijariwafa bank et des perspectives de recrutement existantes.<\/span><\/p>\n<p style=\"text-align: justify;\"><span style=\"color: #000000;\">\u00c0 travers cette deuxi\u00e8me \u00e9dition du colloque \u00ab Talents Africains \u00bb, le groupe Attijariwafa bank renouvelle son <\/span><span style=\"color: #000000;\">engagement \u00e0 mettre \u00e0 l\u2019honneur les comp\u00e9tences africaines et \u00e0 les accompagner de mani\u00e8re p\u00e9renne.<\/span><\/p>\n<p style=\"text-align: justify;\"><span style=\"color: #000000;\">Pour toute inscription et participation en ligne, veuillez cliquer sur le lien :<\/span><\/p>\n<p style=\"text-align: justify;\"><strong><a href=\"http:\/\/ATTIJARIWAFABANK-AFRICATALENT.COM\"><span style=\"color: #000000;\">ATTIJARIWAFABANK-AFRICATALENT.COM<\/span><\/a><\/strong><\/p>\n<p><strong>Lire aussi:<\/strong><\/p>\n<div class=\"gsc-thumbnail-inside\">\n<div class=\"gs-title\">\n<p><a class=\"gs-title\" dir=\"ltr\" href=\"https:\/\/www.plumeseconomiques.com\/fr\/amp\/news\/51909-attijaribank-ou\/\" data-cturl=\"https:\/\/www.google.com\/url?client=internal-element-cse&amp;cx=011238217578432545340:5m9aarzzppc&amp;q=https:\/\/www.plumeseconomiques.com\/fr\/amp\/news\/51909-attijaribank-ou\/&amp;sa=U&amp;ved=2ahUKEwi0iLb1zsX0AhWMzaQKHdhQB4YQFnoECAIQAg&amp;usg=AOvVaw0AZyk3wXKDBCGPWYTiYMYk\" data-ctorig=\"https:\/\/www.plumeseconomiques.com\/fr\/amp\/news\/51909-attijaribank-ou\/\"><b>Attijaribank<\/b> ouvre sa \u00a0\u00bbSuccursale Entreprises Bizerte\u00a0\u00bb<\/a><\/p>\n<div class=\"gsc-thumbnail-inside\">\n<div class=\"gs-title\">\n<p><a class=\"gs-title\" dir=\"ltr\" href=\"https:\/\/www.plumeseconomiques.com\/fr\/news\/la-berd-et-attijaribank-signent-un-accord-portant-sur-un-mecanisme-de-partage-des-risques-dun-montant-de-20-millions-deuros\/\" data-cturl=\"https:\/\/www.google.com\/url?client=internal-element-cse&amp;cx=011238217578432545340:5m9aarzzppc&amp;q=https:\/\/www.plumeseconomiques.com\/fr\/news\/la-berd-et-attijaribank-signent-un-accord-portant-sur-un-mecanisme-de-partage-des-risques-dun-montant-de-20-millions-deuros\/&amp;sa=U&amp;ved=2ahUKEwi0iLb1zsX0AhWMzaQKHdhQB4YQFnoECAcQAg&amp;usg=AOvVaw1JR1n8iPaCLUsIPCNVO0DL\" data-ctorig=\"https:\/\/www.plumeseconomiques.com\/fr\/news\/la-berd-et-attijaribank-signent-un-accord-portant-sur-un-mecanisme-de-partage-des-risques-dun-montant-de-20-millions-deuros\/\">La BERD et <b>Attijaribank<\/b> signent un accord portant sur un &#8230;<\/a><\/p>\n<div class=\"gsc-thumbnail-inside\">\n<div class=\"gs-title\">\n<p><a class=\"gs-title\" dir=\"ltr\" href=\"https:\/\/www.plumeseconomiques.com\/fr\/news\/attijaribank-et-pnud-organisent-un-webinaire-sur-leconomie-sociale-et-solidaire\/\" data-cturl=\"https:\/\/www.google.com\/url?client=internal-element-cse&amp;cx=011238217578432545340:5m9aarzzppc&amp;q=https:\/\/www.plumeseconomiques.com\/fr\/news\/attijaribank-et-pnud-organisent-un-webinaire-sur-leconomie-sociale-et-solidaire\/&amp;sa=U&amp;ved=2ahUKEwi0iLb1zsX0AhWMzaQKHdhQB4YQFnoECAMQAg&amp;usg=AOvVaw3m_iAttNAvLpj0qunswnd2\" data-ctorig=\"https:\/\/www.plumeseconomiques.com\/fr\/news\/attijaribank-et-pnud-organisent-un-webinaire-sur-leconomie-sociale-et-solidaire\/\"><b>Attijaribank<\/b> et PNUD organisent un webinaire sur l&rsquo;\u00c9conomie &#8230;<\/a><\/p>\n<div class=\"gsc-thumbnail-inside\">\n<div class=\"gs-title\">\n<p><a class=\"gs-title\" dir=\"ltr\" href=\"https:\/\/www.plumeseconomiques.com\/fr\/magazine\/sous-le-zoom\/attijaribank-renforce-ses-mesures-exceptionnelles-au-profit-de-ses-clients\/\" data-cturl=\"https:\/\/www.google.com\/url?client=internal-element-cse&amp;cx=011238217578432545340:5m9aarzzppc&amp;q=https:\/\/www.plumeseconomiques.com\/fr\/magazine\/sous-le-zoom\/attijaribank-renforce-ses-mesures-exceptionnelles-au-profit-de-ses-clients\/&amp;sa=U&amp;ved=2ahUKEwjsusiJz8X0AhWK5KQKHRQzA48QFnoECAYQAg&amp;usg=AOvVaw3B-VZWhaLON6krDGz23ULI\" data-ctorig=\"https:\/\/www.plumeseconomiques.com\/fr\/magazine\/sous-le-zoom\/attijaribank-renforce-ses-mesures-exceptionnelles-au-profit-de-ses-clients\/\"><b>Attijaribank<\/b> renforce ses mesures exceptionnelles au profit de ses &#8230;<\/a><\/p>\n<div class=\"gsc-thumbnail-inside\">\n<div class=\"gs-title\"><a class=\"gs-title\" dir=\"ltr\" href=\"https:\/\/www.plumeseconomiques.com\/fr\/news\/attijaribank-et-tecnocasa-signent-une-convention-de-partenariat-exclusive\/\" data-cturl=\"https:\/\/www.google.com\/url?client=internal-element-cse&amp;cx=011238217578432545340:5m9aarzzppc&amp;q=https:\/\/www.plumeseconomiques.com\/fr\/news\/attijaribank-et-tecnocasa-signent-une-convention-de-partenariat-exclusive\/&amp;sa=U&amp;ved=2ahUKEwjsusiJz8X0AhWK5KQKHRQzA48QFnoECAUQAg&amp;usg=AOvVaw2nyxMqtrO5zJIzDU54u8gA\" data-ctorig=\"https:\/\/www.plumeseconomiques.com\/fr\/news\/attijaribank-et-tecnocasa-signent-une-convention-de-partenariat-exclusive\/\"><b>Attijaribank<\/b> et Tecnocasa signent une convention de partenariat &#8230;<\/a><\/div>\n<\/div>\n<\/div>\n<\/div>\n<\/div>\n<\/div>\n<\/div>\n<\/div>\n<\/div>\n<\/div>\n","protected":false},"excerpt":{"rendered":"<p>Le groupe Attijariwafa bank organise la deuxi\u00e8me \u00e9dition du colloque \u00ab Talents Africains \u00bb Le groupe Attijariwafa bank organise la deuxi\u00e8me \u00e9dition du colloque digital \u00ab Talents Africains \u00bb, les 2 et 3 d\u00e9cembre 2021. Ce colloque s\u2019inscrit parfaitement dans la strat\u00e9gie du groupe Attijariwafa bank qui \u0153uvre pour promouvoir l\u2019excellence au niveau du continent [&hellip;]<\/p>\n","protected":false},"author":1,"featured_media":54970,"comment_status":"open","ping_status":"open","sticky":false,"template":"","format":"standard","meta":{"_seopress_robots_primary_cat":"","_seopress_titles_title":"","_seopress_titles_desc":"","_seopress_robots_index":"","footnotes":""},"categories":[78],"tags":[396,142,4111,4112],"class_list":{"0":"post-54968","1":"post","2":"type-post","3":"status-publish","4":"format-standard","5":"has-post-thumbnail","7":"category-international-echo","8":"tag-colloque","9":"tag-edition","10":"tag-le-groupe-attijariwafa-bank","11":"tag-talents-africains"},"_links":{"self":[{"href":"https:\/\/plumeseconomiques.com\/fr\/wp-json\/wp\/v2\/posts\/54968","targetHints":{"allow":["GET"]}}],"collection":[{"href":"https:\/\/plumeseconomiques.com\/fr\/wp-json\/wp\/v2\/posts"}],"about":[{"href":"https:\/\/plumeseconomiques.com\/fr\/wp-json\/wp\/v2\/types\/post"}],"author":[{"embeddable":true,"href":"https:\/\/plumeseconomiques.com\/fr\/wp-json\/wp\/v2\/users\/1"}],"replies":[{"embeddable":true,"href":"https:\/\/plumeseconomiques.com\/fr\/wp-json\/wp\/v2\/comments?post=54968"}],"version-history":[{"count":0,"href":"https:\/\/plumeseconomiques.com\/fr\/wp-json\/wp\/v2\/posts\/54968\/revisions"}],"wp:featuredmedia":[{"embeddable":true,"href":"https:\/\/plumeseconomiques.com\/fr\/wp-json\/wp\/v2\/media\/54970"}],"wp:attachment":[{"href":"https:\/\/plumeseconomiques.com\/fr\/wp-json\/wp\/v2\/media?parent=54968"}],"wp:term":[{"taxonomy":"category","embeddable":true,"href":"https:\/\/plumeseconomiques.com\/fr\/wp-json\/wp\/v2\/categories?post=54968"},{"taxonomy":"post_tag","embeddable":true,"href":"https:\/\/plumeseconomiques.com\/fr\/wp-json\/wp\/v2\/tags?post=54968"}],"curies":[{"name":"wp","href":"https:\/\/api.w.org\/{rel}","templated":true}]}}