{"id":52526,"date":"2021-06-07T17:10:46","date_gmt":"2021-06-07T16:10:46","guid":{"rendered":"https:\/\/www.plumeseconomiques.com\/fr\/?p=52526"},"modified":"2021-06-07T18:04:15","modified_gmt":"2021-06-07T17:04:15","slug":"essoukna-affiche","status":"publish","type":"post","link":"https:\/\/plumeseconomiques.com\/fr\/finance\/essoukna-affiche\/","title":{"rendered":"ESSOUKNA affiche un r\u00e9sultat d\u00e9ficitaire"},"content":{"rendered":"<h2 style=\"background: white; vertical-align: baseline; margin: 3.75pt 0cm 4.5pt; text-align: justify;\"><span style=\"font-family: 'Arial','sans-serif'; color: #111111; font-weight: normal;\">ESSOUKNA affiche un r\u00e9sultat d\u00e9ficitaire<\/span><\/h2>\n<p style=\"vertical-align: baseline; margin: 0cm 0cm 12.75pt; text-align: justify;\"><span style=\"box-sizing: inherit; outline: 0px; font-size: inherit; display: inline-block; color: inherit;\">La soci\u00e9t\u00e9 immobili\u00e8re <a href=\"http:\/\/www.essoukna.com\/\">ESSOUKNA<\/a> a enregistr\u00e9, au 31 d\u00e9cembre 2020, des revenus consolid\u00e9s de l\u2019ordre de 17,218 MDT, soit une am\u00e9lioration de 6,55%, en glissement annuel.<\/span><\/p>\n<p style=\"vertical-align: baseline; box-sizing: inherit; outline: 0px; margin: 0cm 0cm 12.75pt; text-align: justify;\"><span style=\"font-size: 10.5pt;\">Les charges d\u2019exploitation ont augment\u00e9 de 10,58% pour s\u2019\u00e9tablir \u00e0 14,294 MDT au 31-12-2020, contre 12,296 MDT une ann\u00e9e auparavant.<\/span><\/p>\n<p style=\"margin: 0cm 0cm 0.0001pt; vertical-align: baseline; box-sizing: inherit; outline: 0px; text-align: justify;\"><span style=\"font-size: 10.5pt;\">Par ailleurs, le r\u00e9sultat d\u2019exploitation a connu une r\u00e9gression de 9,47%. L\u2019exercice 2020 s\u2019est sold\u00e9 par un r\u00e9sultat net part du groupe d\u00e9ficitaire de 175 m DT\u00a0; contre un b\u00e9n\u00e9fice net de part du groupe de 35 m DT au 31-12-2019.<\/span><\/p>\n<h5><strong>Lire aussi:<\/strong><\/h5>\n<h5 class=\"jeg_post_title\"><span style=\"color: #3366ff;\"><a style=\"color: #3366ff;\" href=\"https:\/\/www.plumeseconomiques.com\/fr\/actualites\/news\/essoukna-une-croissance-de-vente-de-68-au-1er-trimestre-2019\/\">ESSOUKNA : une croissance de vente de 68% au 1er trimestre 2019<\/a><\/span><\/h5>\n<h5 class=\"jeg_post_title\"><span style=\"color: #3366ff;\"><a style=\"color: #3366ff;\" href=\"https:\/\/www.plumeseconomiques.com\/fr\/actualites\/news\/essoukna-progression-du-chiffre-daffaires-de-16-en-2017\/\">ESSOUKNA : progression du chiffre d\u2019affaires de 16% en 2017<\/a><\/span><\/h5>\n<h5 class=\"jeg_post_title\"><span style=\"color: #3366ff;\"><a style=\"color: #3366ff;\" href=\"https:\/\/www.plumeseconomiques.com\/fr\/non-classe\/le-ctfexpo-organise-7eme-salon-de-la-promotion-immobiliere-et-de-la-finition-_-pro-immo-2018-_-du-04-au-08-avril-2018\/\">Le CTFEXPO organise 7\u00e8me Salon de la promotion immobili\u00e8re et de la finition \u2018\u2019 PRO-IMMO 2018 \u2018\u2019 Du 04 au 08 Avril 2018<\/a><\/span><\/h5>\n<h5 class=\"jeg_post_title\"><span style=\"color: #3366ff;\"><a style=\"color: #3366ff;\" href=\"https:\/\/www.plumeseconomiques.com\/fr\/actualites\/news\/hergla-voit-naitre-un-nouveau-projet-immobilier-les-terrasses-de-hergl\/\">Hergla voit na\u00eetre un nouveau projet immobilier : Les Terrasses de Hergla<\/a><\/span><\/h5>\n<h5 class=\"jeg_post_title\"><span style=\"color: #3366ff;\"><a style=\"color: #3366ff;\" href=\"https:\/\/www.plumeseconomiques.com\/fr\/Dossier\/Les-promoteurs-immobiliers-rejettent-la-soumission-des-logements-a-une-TVA-de-19-dans-le-PLF2018\/\">Les promoteurs immobiliers rejettent la soumission des logements \u00e0 une TVA de 19% dans le PLF2018<\/a><\/span><\/h5>\n<h5 class=\"jeg_post_title\"><span style=\"color: #3366ff;\"><a style=\"color: #3366ff;\" href=\"https:\/\/www.plumeseconomiques.com\/fr\/conso\/hi-tech\/Jumia-House-recompense-les-meilleures-performances-digitales-dans-le-domaine-de-l-immobilier\/\">Jumia House r\u00e9compense les meilleures performances digitales dans le domaine de l\u2019immobilier<\/a><\/span><\/h5>\n<h5 class=\"jeg_post_title\"><span style=\"color: #3366ff;\"><a style=\"color: #3366ff;\" href=\"https:\/\/www.plumeseconomiques.com\/fr\/actualites\/news\/La-BIAT-accompagnera-Tawasol-Holding-dans-la-mise-en-place-de-sa-holding-immobilier\/\">La BIAT accompagnera Tawasol Holding dans la mise en place de sa holding immobili\u00e8re<\/a><\/span><\/h5>\n<h5 class=\"jeg_post_title\"><span style=\"color: #3366ff;\"><a style=\"color: #3366ff;\" href=\"https:\/\/www.plumeseconomiques.com\/fr\/actualites\/news\/Journee-nationale-de-la-promotion-immobiliere-le-10-mai-2017\/\">Journ\u00e9e nationale de la promotion immobili\u00e8re le 10 mai 2017<\/a><\/span><\/h5>\n","protected":false},"excerpt":{"rendered":"<p>ESSOUKNA affiche un r\u00e9sultat d\u00e9ficitaire La soci\u00e9t\u00e9 immobili\u00e8re ESSOUKNA a enregistr\u00e9, au 31 d\u00e9cembre 2020, des revenus consolid\u00e9s de l\u2019ordre de 17,218 MDT, soit une am\u00e9lioration de 6,55%, en glissement annuel. Les charges d\u2019exploitation ont augment\u00e9 de 10,58% pour s\u2019\u00e9tablir \u00e0 14,294 MDT au 31-12-2020, contre 12,296 MDT une ann\u00e9e auparavant. Par ailleurs, le r\u00e9sultat [&hellip;]<\/p>\n","protected":false},"author":1,"featured_media":51401,"comment_status":"open","ping_status":"open","sticky":false,"template":"","format":"standard","meta":{"_seopress_titles_title":"","_seopress_titles_desc":"","_seopress_robots_index":"","_seopress_robots_follow":"","_seopress_robots_imageindex":"","_seopress_robots_snippet":"","_seopress_robots_primary_cat":"","_seopress_robots_breadcrumbs":"","_seopress_robots_freeze_modified_date":"","_seopress_robots_custom_modified_date":"","_seopress_robots_canonical":"","_seopress_social_fb_title":"","_seopress_social_fb_desc":"","_seopress_social_fb_img":"","_seopress_social_fb_img_attachment_id":0,"_seopress_social_fb_img_width":0,"_seopress_social_fb_img_height":0,"_seopress_social_twitter_title":"","_seopress_social_twitter_desc":"","_seopress_social_twitter_img":"","_seopress_social_twitter_img_attachment_id":0,"_seopress_social_twitter_img_width":0,"_seopress_social_twitter_img_height":0,"_seopress_redirections_value":"","_seopress_redirections_enabled":"","_seopress_redirections_enabled_regex":"","_seopress_redirections_logged_status":"","_seopress_redirections_param":"","_seopress_redirections_type":0,"_seopress_analysis_target_kw":"","footnotes":""},"categories":[81],"tags":[229,695,3737],"class_list":["post-52526","post","type-post","status-publish","format-standard","has-post-thumbnail","category-finance","tag-essoukna","tag-immobilier","tag-la-societe-essoukna"],"_links":{"self":[{"href":"https:\/\/plumeseconomiques.com\/fr\/wp-json\/wp\/v2\/posts\/52526","targetHints":{"allow":["GET"]}}],"collection":[{"href":"https:\/\/plumeseconomiques.com\/fr\/wp-json\/wp\/v2\/posts"}],"about":[{"href":"https:\/\/plumeseconomiques.com\/fr\/wp-json\/wp\/v2\/types\/post"}],"author":[{"embeddable":true,"href":"https:\/\/plumeseconomiques.com\/fr\/wp-json\/wp\/v2\/users\/1"}],"replies":[{"embeddable":true,"href":"https:\/\/plumeseconomiques.com\/fr\/wp-json\/wp\/v2\/comments?post=52526"}],"version-history":[{"count":0,"href":"https:\/\/plumeseconomiques.com\/fr\/wp-json\/wp\/v2\/posts\/52526\/revisions"}],"wp:featuredmedia":[{"embeddable":true,"href":"https:\/\/plumeseconomiques.com\/fr\/wp-json\/wp\/v2\/media\/51401"}],"wp:attachment":[{"href":"https:\/\/plumeseconomiques.com\/fr\/wp-json\/wp\/v2\/media?parent=52526"}],"wp:term":[{"taxonomy":"category","embeddable":true,"href":"https:\/\/plumeseconomiques.com\/fr\/wp-json\/wp\/v2\/categories?post=52526"},{"taxonomy":"post_tag","embeddable":true,"href":"https:\/\/plumeseconomiques.com\/fr\/wp-json\/wp\/v2\/tags?post=52526"}],"curies":[{"name":"wp","href":"https:\/\/api.w.org\/{rel}","templated":true}]}}