{"id":51263,"date":"2020-12-22T16:58:24","date_gmt":"2020-12-22T15:58:24","guid":{"rendered":"https:\/\/www.plumeseconomiques.com\/fr\/?p=51263"},"modified":"2020-12-22T16:58:26","modified_gmt":"2020-12-22T15:58:26","slug":"total-tunisie-est-elu-service-client-de-lannee-pour-la-2e-annee-consecutive","status":"publish","type":"post","link":"https:\/\/plumeseconomiques.com\/fr\/news\/total-tunisie-est-elu-service-client-de-lannee-pour-la-2e-annee-consecutive\/","title":{"rendered":"Total Tunisie est \u00e9lu \u00ab Service Client de l\u2019ann\u00e9e \u00bb pour la 2e ann\u00e9e cons\u00e9cutive"},"content":{"rendered":"<p style=\"text-align: justify;\"><strong>Total Tunisie est \u00e9lu \u00ab Service Client de l\u2019ann\u00e9e \u00bb pour la 2e ann\u00e9e cons\u00e9cutive<\/strong><\/p>\n<p style=\"text-align: justify;\"><em>Total Tunisie est pl\u00e9biscit\u00e9 pour la deuxi\u00e8me fois par ses clients dans la cat\u00e9gorie \u00ab Service aux automobilistes \u00bb. L\u2019\u00c9lection du Service Client de l\u2019Ann\u00e9e Tunisie r\u00e9compense les entreprises dont la relation client est la plus performante. Cette r\u00e9compense vient couronner plusieurs ann\u00e9es de travail et d&rsquo;engagement quotidien de l&rsquo;ensemble des collaborateurs de Total Tunisie afin d&rsquo;offrir une qualit\u00e9 de service optimale \u00e0 ses clients.<\/em><\/p>\n<p style=\"text-align: justify;\">\u00ab En d\u00e9crochant une nouvelle fois cette distinction, Total Tunisie confirme son ambition d\u2019\u00eatre une marque de r\u00e9f\u00e9rence pour les automobilistes tunisiens, reconnue pour sa proximit\u00e9 avec ses clients et la valeur qu&rsquo;elle apporte \u00e0 chacun d&rsquo;entre eux \u00bb, a d\u00e9clar\u00e9 Abdesslam Rhnimi, Directeur g\u00e9n\u00e9ral de Total Tunisie.<\/p>\n<p style=\"text-align: justify;\">L\u2019\u00e9tude, r\u00e9alis\u00e9e par IPSOS\/Qualim\u00e9trie, s\u2019appuie sur 160 tests clients myst\u00e8res.<\/p>\n<p style=\"text-align: justify;\">Ceux-ci sont conduits sous la forme de visites physiques, d\u2019appels, d\u2019e-mails ou encore de contacts \u00e9tablis via les r\u00e9seaux sociaux et permettent d\u2019obtenir une v\u00e9ritable photographie des attentes exprim\u00e9es au quotidien par les clients des entreprises s\u00e9lectionn\u00e9es.<\/p>\n<p style=\"text-align: justify;\">Avec ce prix, Total Tunisie continue d\u2019apporter la preuve de sa capacit\u00e9 \u00e0 associer qualit\u00e9 produit et excellence de la relation client tant au niveau de la gamme de prestations propos\u00e9es dans les stations-service de son r\u00e9seau que dans ses interactions avec les clients.<\/p>\n<p><strong>Lire aussi:<\/strong><\/p>\n<article class=\"post-51133 type-post format-standard has-post-thumbnail   listing-item listing-item-thumbnail listing-item-tb-1 main-term-61\">\n<div class=\"item-inner clearfix\">\n<h5 class=\"title\"><span style=\"color: #3366ff;\"><a class=\"post-url post-title\" style=\"color: #3366ff;\" href=\"https:\/\/www.plumeseconomiques.com\/fr\/actualites\/news\/total-tunisie-et-mg-motors-un-nouveau-partenariat\/\"> Total Tunisie et MG Motors\u00a0: un nouveau partenariat <\/a><\/span><\/h5>\n<\/div>\n<\/article>\n<article class=\"post-50069 type-post format-standard has-post-thumbnail   listing-item listing-item-thumbnail listing-item-tb-1 main-term-61\">\n<div class=\"item-inner clearfix\">\n<h5 class=\"title\"><span style=\"color: #3366ff;\"><a class=\"post-url post-title\" style=\"color: #3366ff;\" href=\"https:\/\/www.plumeseconomiques.com\/fr\/actualites\/news\/total-tunisie-signe-un-accord-de-partenariat-avec-jumia-tunisie\/\"> Total Tunisie signe un accord de partenariat avec Jumia Tunisie <\/a><\/span><\/h5>\n<\/div>\n<\/article>\n<article class=\"post-49952 type-post format-standard has-post-thumbnail   listing-item listing-item-thumbnail listing-item-tb-1 main-term-61\">\n<div class=\"item-inner clearfix\">\n<h5 class=\"title\"><span style=\"color: #3366ff;\"><a class=\"post-url post-title\" style=\"color: #3366ff;\" href=\"https:\/\/www.plumeseconomiques.com\/fr\/actualites\/news\/total-tunisie-inaugure-le-premier-centre-total-rubia-truck-center\/\"> Total Tunisie inaugure le premier centre \u00ab\u00a0TOTAL\u00a0RUBIA TRUCK\u2026 <\/a><\/span><\/h5>\n<\/div>\n<\/article>\n<article class=\"post-47151 type-post format-standard has-post-thumbnail   listing-item listing-item-thumbnail listing-item-tb-1 main-term-61\">\n<div class=\"item-inner clearfix\">\n<h5 class=\"title\"><span style=\"color: #3366ff;\"><a class=\"post-url post-title\" style=\"color: #3366ff;\" href=\"https:\/\/www.plumeseconomiques.com\/fr\/actualites\/news\/total-tunisie-met-a-la-disposition-du-ministere-de-la-sante-un-don-de-cartes-carburant\/\"> Total Tunisie met \u00e0 la disposition du Minist\u00e8re de la Sant\u00e9 un\u2026\u00a0<\/a><\/span><\/h5>\n<\/div>\n<\/article>\n<article class=\"post-47161 type-post format-standard has-post-thumbnail   listing-item listing-item-thumbnail listing-item-tb-1 main-term-61\">\n<div class=\"item-inner clearfix\">\n<h5 class=\"title\"><span style=\"color: #3366ff;\"><a class=\"post-url post-title\" style=\"color: #3366ff;\" href=\"https:\/\/www.plumeseconomiques.com\/fr\/actualites\/news\/total-tunisie-a-inaugure-la-premiere-borne-publique-de-recharge-electrique-en-tunisie\/\"> Total Tunisie a inaugur\u00e9 la premi\u00e8re borne publique de recharge\u2026 <\/a><\/span><\/h5>\n<\/div>\n<\/article>\n<article class=\"post-46631 type-post format-standard has-post-thumbnail   listing-item listing-item-thumbnail listing-item-tb-1 main-term-61\">\n<div class=\"item-inner clearfix\">\n<h5 class=\"title\"><a class=\"post-url post-title\" href=\"https:\/\/www.plumeseconomiques.com\/fr\/actualites\/news\/total-tunisie-abdesslam-rhnimi-succede-m-mansur-zhakupov\/\"><span style=\"color: #3366ff;\"> Total Tunisie : Abdesslam Rhnimi succ\u00e8de M. Mansur Zhakupov<\/span> <\/a><\/h5>\n<\/div>\n<\/article>\n","protected":false},"excerpt":{"rendered":"<p>Total Tunisie est \u00e9lu \u00ab Service Client de l\u2019ann\u00e9e \u00bb pour la 2e ann\u00e9e cons\u00e9cutive Total Tunisie est pl\u00e9biscit\u00e9 pour la deuxi\u00e8me fois par ses clients dans la cat\u00e9gorie \u00ab Service aux automobilistes \u00bb. L\u2019\u00c9lection du Service Client de l\u2019Ann\u00e9e Tunisie r\u00e9compense les entreprises dont la relation client est la plus performante. Cette r\u00e9compense vient [&hellip;]<\/p>\n","protected":false},"author":1,"featured_media":51264,"comment_status":"open","ping_status":"open","sticky":false,"template":"","format":"standard","meta":{"_seopress_robots_primary_cat":"","_seopress_titles_title":"","_seopress_titles_desc":"","_seopress_robots_index":"","footnotes":""},"categories":[61],"tags":[3720,677],"class_list":{"0":"post-51263","1":"post","2":"type-post","3":"status-publish","4":"format-standard","5":"has-post-thumbnail","7":"category-news","8":"tag-service-client-de-lannee","9":"tag-total-tunisie"},"_links":{"self":[{"href":"https:\/\/plumeseconomiques.com\/fr\/wp-json\/wp\/v2\/posts\/51263","targetHints":{"allow":["GET"]}}],"collection":[{"href":"https:\/\/plumeseconomiques.com\/fr\/wp-json\/wp\/v2\/posts"}],"about":[{"href":"https:\/\/plumeseconomiques.com\/fr\/wp-json\/wp\/v2\/types\/post"}],"author":[{"embeddable":true,"href":"https:\/\/plumeseconomiques.com\/fr\/wp-json\/wp\/v2\/users\/1"}],"replies":[{"embeddable":true,"href":"https:\/\/plumeseconomiques.com\/fr\/wp-json\/wp\/v2\/comments?post=51263"}],"version-history":[{"count":0,"href":"https:\/\/plumeseconomiques.com\/fr\/wp-json\/wp\/v2\/posts\/51263\/revisions"}],"wp:featuredmedia":[{"embeddable":true,"href":"https:\/\/plumeseconomiques.com\/fr\/wp-json\/wp\/v2\/media\/51264"}],"wp:attachment":[{"href":"https:\/\/plumeseconomiques.com\/fr\/wp-json\/wp\/v2\/media?parent=51263"}],"wp:term":[{"taxonomy":"category","embeddable":true,"href":"https:\/\/plumeseconomiques.com\/fr\/wp-json\/wp\/v2\/categories?post=51263"},{"taxonomy":"post_tag","embeddable":true,"href":"https:\/\/plumeseconomiques.com\/fr\/wp-json\/wp\/v2\/tags?post=51263"}],"curies":[{"name":"wp","href":"https:\/\/api.w.org\/{rel}","templated":true}]}}