{"id":51211,"date":"2020-12-05T19:05:26","date_gmt":"2020-12-05T18:05:26","guid":{"rendered":"https:\/\/www.plumeseconomiques.com\/fr\/?p=51211"},"modified":"2020-12-05T19:05:28","modified_gmt":"2020-12-05T18:05:28","slug":"attijaribank-et-pnud-organisent-un-webinaire-sur-leconomie-sociale-et-solidaire","status":"publish","type":"post","link":"https:\/\/plumeseconomiques.com\/fr\/news\/attijaribank-et-pnud-organisent-un-webinaire-sur-leconomie-sociale-et-solidaire\/","title":{"rendered":"Attijaribank et PNUD organisent un webinaire sur l\u2019\u00c9conomie Sociale et Solidaire"},"content":{"rendered":"<p style=\"text-align: justify;\"><strong>Attijaribank et PNUD organisent un webinaire sur l\u2019\u00c9conomie Sociale et Solidaire<\/strong><\/p>\n<p style=\"text-align: justify;\">Attijaribank en partenariat avec le PNUD Tunisie organise un webinaire sur l\u2019\u00c9conomie Sociale et Solidaire (ESS) sous le th\u00e8me&nbsp;: \u00ab&nbsp;Des alliances audacieuses pour l\u2019utilit\u00e9 sociale et un \u00e9cosyst\u00e8me ESS innovant&nbsp;\u00bb qui se tiendra ce mardi 08 D\u00e9cembre 2020 de 17h00 \u00e0 18h30.<\/p>\n<p style=\"text-align: justify;\">L&rsquo;objectif de ce webinaire est de cr\u00e9er un espace de dialogue entre les diff\u00e9rents acteurs de l&rsquo;ESS et de l\u2019entrepreneuriat social afin de promouvoir l\u2019\u00e9mergence d\u2019une \u00e9conomie d\u2019agents du changement et une collaboration multi-acteurs.<\/p>\n<p style=\"text-align: justify;\">Ainsi, le but est de pr\u00e9parer le terrain \u00e0 une collaboration \u00e9troite entre les secteurs priv\u00e9, public et associatif qui permettra de co-construire des initiatives qui se soutiennent mutuellement afin de rendre ces concepts plus compr\u00e9hensibles et attractifs.<\/p>\n<p style=\"text-align: justify;\">Par ailleurs, cette collaboration permettra de promouvoir et d&rsquo;inspirer une nouvelle g\u00e9n\u00e9ration d\u2019intrapreneurs et d&rsquo;entrepreneurs sociaux d\u00e9sirant int\u00e9grer le mouvement des cr\u00e9ateurs du changement et qui s&rsquo;engagent \u00e0 r\u00e9soudre les probl\u00e8mes sociaux et environnementaux en s&rsquo;de ce nouveau potentiel de l&rsquo;ESS et de l&rsquo;entreprise sociale.<\/p>\n<p style=\"text-align: justify;\">Pour participer, cliquez sur le lien ci-dessous : <a href=\"https:\/\/rb.gy\/fleyay\">https:\/\/rb.gy\/fleyay<\/a><\/p>\n<p><strong>lire aussi:<\/strong><\/p>\n<article class=\"post-50574 type-post format-standard has-post-thumbnail   listing-item listing-item-thumbnail listing-item-tb-1 main-term-61\">\n<div class=\"item-inner clearfix\">\n<h5 class=\"title\"><span style=\"color: #3366ff;\"><a class=\"post-url post-title\" style=\"color: #3366ff;\" href=\"https:\/\/www.plumeseconomiques.com\/fr\/actualites\/news\/attijaribank-lance-linitiative-%d8%af%d8%a7%d8%b1-%d8%a7%d9%84%d9%85%d8%b4%d8%a7%d8%b1%d9%8a%d8%b9-dediee-a-laccompagnement-des-tpe\/\"> Attijaribank_lance l\u2019initiative&nbsp; &nbsp;\u00bb\u062f\u0627\u0631 \u0627\u0644\u0645\u0634\u0627\u0631\u064a\u0639 \u00bb d\u00e9di\u00e9e \u00e0 <\/a><\/span><\/h5>\n<\/div>\n<\/article>\n<article class=\"post-47188 type-post format-standard has-post-thumbnail   listing-item listing-item-thumbnail listing-item-tb-1 main-term-74\">\n<div class=\"item-inner clearfix\">\n<h5 class=\"title\"><span style=\"color: #3366ff;\"><a class=\"post-url post-title\" style=\"color: #3366ff;\" href=\"https:\/\/www.plumeseconomiques.com\/fr\/magazine\/sous-le-zoom\/attijaribank-renforce-ses-mesures-exceptionnelles-au-profit-de-ses-clients\/\"> Attijaribank renforce ses mesures exceptionnelles au profit de\u2026 <\/a><\/span><\/h5>\n<\/div>\n<\/article>\n<article class=\"post-47038 type-post format-standard has-post-thumbnail   listing-item listing-item-thumbnail listing-item-tb-1 main-term-61\">\n<div class=\"item-inner clearfix\">\n<h5 class=\"title\"><span style=\"color: #3366ff;\"><a class=\"post-url post-title\" style=\"color: #3366ff;\" href=\"https:\/\/www.plumeseconomiques.com\/fr\/actualites\/news\/attijaribank-dement-la-tentative-de-vol-de-son-agence-a-ennasr\/\"> Attijaribank_d\u00e9ment la tentative de vol de son agence \u00e0 Ennasr <\/a><\/span><\/h5>\n<\/div>\n<\/article>\n<article class=\"post-46952 type-post format-standard has-post-thumbnail   listing-item listing-item-thumbnail listing-item-tb-1 main-term-61\">\n<div class=\"item-inner clearfix\">\n<h5 class=\"title\"><span style=\"color: #3366ff;\"><a class=\"post-url post-title\" style=\"color: #3366ff;\" href=\"https:\/\/www.plumeseconomiques.com\/fr\/actualites\/news\/attijaribank-lance-le-programme-moussanada-pour-soutenir-ses-clients-particuliers-et-professionnels-touchees-par-limpact-du-covid-19\/\"> Attijaribank lance le Programme Moussanada pour soutenir les\u2026 <\/a><\/span><\/h5>\n<\/div>\n<\/article>\n<article class=\"post-46477 type-post format-standard has-post-thumbnail   listing-item listing-item-thumbnail listing-item-tb-1 main-term-61\">\n<div class=\"item-inner clearfix\">\n<h5 class=\"title\"><span style=\"color: #3366ff;\"><a class=\"post-url post-title\" style=\"color: #3366ff;\" href=\"https:\/\/www.plumeseconomiques.com\/fr\/actualites\/news\/attijaribank-et-tecnocasa-signent-une-convention-de-partenariat-exclusive\/\"> Attijaribank_et Tecnocasa signent une convention de partenariat\u2026 <\/a><\/span><\/h5>\n<\/div>\n<\/article>\n<article class=\"post-42043 type-post format-standard has-post-thumbnail   listing-item listing-item-thumbnail listing-item-tb-1 main-term-61\">\n<div class=\"item-inner clearfix\">\n<h5 class=\"title\"><a class=\"post-url post-title\" href=\"https:\/\/www.plumeseconomiques.com\/fr\/actualites\/news\/attijaribank-et-le-cjd-nouent-un-partenariat-strategique-en-faveur-des-jeunes-dirigeants-et-de-leurs-entreprises\/\"><span style=\"color: #3366ff;\"> Attijaribank et le CJD nouent un Partenariat Strat\u00e9gique en\u2026<\/span> <\/a><\/h5>\n<\/div>\n<\/article>\n","protected":false},"excerpt":{"rendered":"<p>Attijaribank et PNUD organisent un webinaire sur l\u2019\u00c9conomie Sociale et Solidaire Attijaribank en partenariat avec le PNUD Tunisie organise un webinaire sur l\u2019\u00c9conomie Sociale et Solidaire (ESS) sous le th\u00e8me&nbsp;: \u00ab&nbsp;Des alliances audacieuses pour l\u2019utilit\u00e9 sociale et un \u00e9cosyst\u00e8me ESS innovant&nbsp;\u00bb qui se tiendra ce mardi 08 D\u00e9cembre 2020 de 17h00 \u00e0 18h30. L&rsquo;objectif de [&hellip;]<\/p>\n","protected":false},"author":1,"featured_media":51212,"comment_status":"open","ping_status":"open","sticky":false,"template":"","format":"standard","meta":{"_seopress_robots_primary_cat":"","_seopress_titles_title":"","_seopress_titles_desc":"","_seopress_robots_index":"","footnotes":""},"categories":[61],"tags":[2017,3707,1634,3708],"class_list":{"0":"post-51211","1":"post","2":"type-post","3":"status-publish","4":"format-standard","5":"has-post-thumbnail","7":"category-news","8":"tag-attijaribank","9":"tag-leconomie-sociale-et-solidaire","10":"tag-pnud","11":"tag-webinaire"},"_links":{"self":[{"href":"https:\/\/plumeseconomiques.com\/fr\/wp-json\/wp\/v2\/posts\/51211","targetHints":{"allow":["GET"]}}],"collection":[{"href":"https:\/\/plumeseconomiques.com\/fr\/wp-json\/wp\/v2\/posts"}],"about":[{"href":"https:\/\/plumeseconomiques.com\/fr\/wp-json\/wp\/v2\/types\/post"}],"author":[{"embeddable":true,"href":"https:\/\/plumeseconomiques.com\/fr\/wp-json\/wp\/v2\/users\/1"}],"replies":[{"embeddable":true,"href":"https:\/\/plumeseconomiques.com\/fr\/wp-json\/wp\/v2\/comments?post=51211"}],"version-history":[{"count":0,"href":"https:\/\/plumeseconomiques.com\/fr\/wp-json\/wp\/v2\/posts\/51211\/revisions"}],"wp:featuredmedia":[{"embeddable":true,"href":"https:\/\/plumeseconomiques.com\/fr\/wp-json\/wp\/v2\/media\/51212"}],"wp:attachment":[{"href":"https:\/\/plumeseconomiques.com\/fr\/wp-json\/wp\/v2\/media?parent=51211"}],"wp:term":[{"taxonomy":"category","embeddable":true,"href":"https:\/\/plumeseconomiques.com\/fr\/wp-json\/wp\/v2\/categories?post=51211"},{"taxonomy":"post_tag","embeddable":true,"href":"https:\/\/plumeseconomiques.com\/fr\/wp-json\/wp\/v2\/tags?post=51211"}],"curies":[{"name":"wp","href":"https:\/\/api.w.org\/{rel}","templated":true}]}}