{"id":51190,"date":"2020-12-03T19:45:27","date_gmt":"2020-12-03T18:45:27","guid":{"rendered":"https:\/\/www.plumeseconomiques.com\/fr\/?p=51190"},"modified":"2020-12-03T19:45:29","modified_gmt":"2020-12-03T18:45:29","slug":"la-kfw-supporte-la-tunisie-dans-son-adaptation-au-changement-climatique","status":"publish","type":"post","link":"https:\/\/plumeseconomiques.com\/fr\/news\/la-kfw-supporte-la-tunisie-dans-son-adaptation-au-changement-climatique\/","title":{"rendered":"La KfW supporte la Tunisie dans son adaptation au changement climatique"},"content":{"rendered":"<p style=\"text-align: justify;\"><strong>La KfW supporte la Tunisie dans son adaptation au changement climatique<\/strong><strong>&nbsp;<\/strong><\/p>\n<p style=\"text-align: justify;\">La Banque Allemande de D\u00e9veloppement, KfW a sign\u00e9 avec le Minist\u00e8re des Affaires \u00c9trang\u00e8res, de la Migration et des Tunisiens \u00e0 l\u2019Etranger <strong>le mercredi 2 d\u00e9cembre 2020 <\/strong>un accord de financement de <strong>15 Million d\u2019Euros<\/strong> pour la mise en \u0153uvre du <strong>Programme de Protection du Littoral Tunisien-Phase V (PPLT).<\/strong><\/p>\n<p style=\"text-align: justify;\">\u00abProt\u00e9ger les c\u00f4tes tunisiennes contre les cons\u00e9quences du changement climatique et les utiliser de mani\u00e8re \u00e9cologiquement durable est un investissement qui assurera les revenus de nombreuses personnes\u00bb,a d\u00e9clar\u00e9 M. Sven Neunsinger, le Directeur de bureau de la KfW.<\/p>\n<p style=\"text-align: justify;\">Le Projet fait partie d\u2019un programme de la Coop\u00e9ration Tuniso-Allemande avec l\u2019Agence de Protection et d&rsquo;Am\u00e9nagement du Littoral. L\u2019objectif de cette 5\u00e8me phase du PPLT est la protection du littoral contre l\u2019\u00e9rosion marine. Elle comprend la r\u00e9habilitation ainsi que la valorisation \u00e9cologique et \u00e9conomique de la corniche de <strong>Bizerte<\/strong>, celle de <strong>Chatt Mami <\/strong>et celle &nbsp;de <strong>Djerba Aghir<\/strong>.<\/p>\n<p style=\"text-align: justify;\">Elle va contribuer \u00e9galement \u00e0 l&rsquo;am\u00e9lioration des conditions de vie de la population b\u00e9n\u00e9ficiaire et augmenter la r\u00e9silience dans les zones, susmentionn\u00e9es, contre les effets nocifs du changement climatique.<\/p>\n<p style=\"text-align: justify;\">La KfW a sign\u00e9 ce contrat pour le compte du Gouvernement F\u00e9d\u00e9ral Allemand. Elle soutient les r\u00e9formes et les infrastructures dans les pays en voie de d\u00e9veloppement.Ses objectifs comprennent l\u2019am\u00e9lioration durable de la situation \u00e9conomique et sociale de la population, la diminution de la pauvret\u00e9 et la protection de l\u2019environnement et du climat.<\/p>\n<p style=\"text-align: justify;\"><strong>Lire aussi:<\/strong><\/p>\n<article class=\"post-50796 type-post format-standard has-post-thumbnail   listing-item listing-item-thumbnail listing-item-tb-1 main-term-61\">\n<div class=\"item-inner clearfix\">\n<h5 class=\"title\"><span style=\"color: #3366ff;\"><a class=\"post-url post-title\" style=\"color: #3366ff;\" href=\"https:\/\/www.plumeseconomiques.com\/fr\/actualites\/news\/kfw-tunisie-financement-de-nouveaux-projets-de-protection-du-littoral-pour-un-montant-de-46-millions-deuros\/\"> KfW-Tunisie : financement de nouveaux projets de protection du\u2026 <\/a><\/span><\/h5>\n<\/div>\n<\/article>\n<article class=\"post-47722 type-post format-standard has-post-thumbnail   listing-item listing-item-thumbnail listing-item-tb-1 main-term-61\">\n<div class=\"item-inner clearfix\">\n<h5 class=\"title\"><span style=\"color: #3366ff;\"><a class=\"post-url post-title\" style=\"color: #3366ff;\" href=\"https:\/\/www.plumeseconomiques.com\/fr\/actualites\/news\/la-kfw-mettra-a-la-tunisie-un-pret-de-100-millions-deuros-a-taux-concessionnel\/\"> La_KfW mettra \u00e0 la Tunisie un pr\u00eat de 100 millions d\u2019euros \u00e0\u2026&nbsp;<\/a><\/span><\/h5>\n<\/div>\n<\/article>\n<article class=\"post-47538 type-post format-standard has-post-thumbnail   listing-item listing-item-thumbnail listing-item-tb-1 main-term-61\">\n<div class=\"item-inner clearfix\">\n<h5 class=\"title\"><span style=\"color: #3366ff;\"><a class=\"post-url post-title\" style=\"color: #3366ff;\" href=\"https:\/\/www.plumeseconomiques.com\/fr\/actualites\/news\/cooperation-financiere-tuniso-allemande-la-kfw-soutient-la-tunisie-pour-le-financement-des-tpme\/\"> Coop\u00e9ration financi\u00e8re tuniso\u2013allemande La_KfW soutient la\u2026<\/a><\/span><\/h5>\n<\/div>\n<\/article>\n<article class=\"post-42301 type-post format-standard has-post-thumbnail   listing-item listing-item-thumbnail listing-item-tb-1 main-term-1\">\n<div class=\"item-inner clearfix\">\n<h5 class=\"title\"><span style=\"color: #3366ff;\"><a class=\"post-url post-title\" style=\"color: #3366ff;\" href=\"https:\/\/www.plumeseconomiques.com\/fr\/actualites\/news\/un-pret-de-100-millions-deuros-de-la-banque-allemande-kfw-pour-des-projets-dans-le-domaine-de-leau\/\"> Un pr\u00eat de 100 millions d\u2019euros de la banque allemande_KfW pour\u2026 <\/a><\/span><\/h5>\n<\/div>\n<\/article>\n<article class=\"post-40834 type-post format-standard has-post-thumbnail   listing-item listing-item-thumbnail listing-item-tb-1 main-term-61\">\n<div class=\"item-inner clearfix\">\n<h5 class=\"title\"><span style=\"color: #3366ff;\"><a class=\"post-url post-title\" style=\"color: #3366ff;\" href=\"https:\/\/www.plumeseconomiques.com\/fr\/actualites\/news\/cooperation-financiere-tuniso-allemande-la-kfw-soutient-les-reformes-de-la-tunisie-dans-le-secteur-financier\/\"> Coop\u00e9ration financi\u00e8re tuniso\u2013allemande : La_KfW soutient les\u2026&nbsp;<\/a><\/span><\/h5>\n<\/div>\n<\/article>\n<article class=\"post-30590 type-post format-standard has-post-thumbnail   listing-item listing-item-thumbnail listing-item-tb-1 main-term-74\">\n<div class=\"item-inner clearfix\">\n<h5 class=\"title\"><span style=\"color: #3366ff;\"><a class=\"post-url post-title\" style=\"color: #3366ff;\" href=\"https:\/\/www.plumeseconomiques.com\/fr\/magazine\/sous-le-zoom\/Des-negociations-avec-la-banque-allemande-KFW-pour-un-pret-de-45-millions-euros\/\"> Des n\u00e9gociations avec la banque allemande_KFW pour un pr\u00eat de\u2026 <\/a><\/span><\/h5>\n<\/div>\n<\/article>\n","protected":false},"excerpt":{"rendered":"<p>La KfW supporte la Tunisie dans son adaptation au changement climatique&nbsp; La Banque Allemande de D\u00e9veloppement, KfW a sign\u00e9 avec le Minist\u00e8re des Affaires \u00c9trang\u00e8res, de la Migration et des Tunisiens \u00e0 l\u2019Etranger le mercredi 2 d\u00e9cembre 2020 un accord de financement de 15 Million d\u2019Euros pour la mise en \u0153uvre du Programme de Protection [&hellip;]<\/p>\n","protected":false},"author":1,"featured_media":51191,"comment_status":"open","ping_status":"open","sticky":false,"template":"","format":"standard","meta":{"_seopress_robots_primary_cat":"","_seopress_titles_title":"","_seopress_titles_desc":"","_seopress_robots_index":"","footnotes":""},"categories":[61],"tags":[675],"class_list":{"0":"post-51190","1":"post","2":"type-post","3":"status-publish","4":"format-standard","5":"has-post-thumbnail","7":"category-news","8":"tag-changement-climatique"},"_links":{"self":[{"href":"https:\/\/plumeseconomiques.com\/fr\/wp-json\/wp\/v2\/posts\/51190","targetHints":{"allow":["GET"]}}],"collection":[{"href":"https:\/\/plumeseconomiques.com\/fr\/wp-json\/wp\/v2\/posts"}],"about":[{"href":"https:\/\/plumeseconomiques.com\/fr\/wp-json\/wp\/v2\/types\/post"}],"author":[{"embeddable":true,"href":"https:\/\/plumeseconomiques.com\/fr\/wp-json\/wp\/v2\/users\/1"}],"replies":[{"embeddable":true,"href":"https:\/\/plumeseconomiques.com\/fr\/wp-json\/wp\/v2\/comments?post=51190"}],"version-history":[{"count":0,"href":"https:\/\/plumeseconomiques.com\/fr\/wp-json\/wp\/v2\/posts\/51190\/revisions"}],"wp:featuredmedia":[{"embeddable":true,"href":"https:\/\/plumeseconomiques.com\/fr\/wp-json\/wp\/v2\/media\/51191"}],"wp:attachment":[{"href":"https:\/\/plumeseconomiques.com\/fr\/wp-json\/wp\/v2\/media?parent=51190"}],"wp:term":[{"taxonomy":"category","embeddable":true,"href":"https:\/\/plumeseconomiques.com\/fr\/wp-json\/wp\/v2\/categories?post=51190"},{"taxonomy":"post_tag","embeddable":true,"href":"https:\/\/plumeseconomiques.com\/fr\/wp-json\/wp\/v2\/tags?post=51190"}],"curies":[{"name":"wp","href":"https:\/\/api.w.org\/{rel}","templated":true}]}}