{"id":50592,"date":"2020-09-02T15:53:23","date_gmt":"2020-09-02T14:53:23","guid":{"rendered":"https:\/\/www.plumeseconomiques.com\/fr\/?p=50592"},"modified":"2020-09-02T15:54:33","modified_gmt":"2020-09-02T14:54:33","slug":"l-afraa-felicite-abderahmane-berthe-le-secretaire-general-de-lassociation-pour-le-prix-de-reconnaissance","status":"publish","type":"post","link":"https:\/\/plumeseconomiques.com\/fr\/en-deux-mots\/l-afraa-felicite-abderahmane-berthe-le-secretaire-general-de-lassociation-pour-le-prix-de-reconnaissance\/","title":{"rendered":"L&rsquo;AFRAA f\u00e9licite Abd\u00e9rahmane Berth\u00e9, le Secr\u00e9taire g\u00e9n\u00e9ral de l&rsquo;Association, pour le prix de reconnaissance"},"content":{"rendered":"<p style=\"text-align: justify;\"><span style=\"color: #000000;\"><img loading=\"lazy\" decoding=\"async\" class=\"alignnone size-full wp-image-50597\" src=\"https:\/\/www.plumeseconomiques.com\/fr\/wp-content\/uploads\/2020\/09\/AFRAA.jpg\" alt=\"L'AFRAA f\u00e9licite Abd\u00e9rahmane Berth\u00e9, le Secr\u00e9taire g\u00e9n\u00e9ral de l'Association, pour le prix de reconnaissance\" width=\"950\" height=\"500\" srcset=\"https:\/\/www.plumeseconomiques.com\/fr\/wp-content\/uploads\/2020\/09\/AFRAA.jpg 950w, https:\/\/www.plumeseconomiques.com\/fr\/wp-content\/uploads\/2020\/09\/AFRAA-300x158.jpg 300w, https:\/\/www.plumeseconomiques.com\/fr\/wp-content\/uploads\/2020\/09\/AFRAA-768x404.jpg 768w\" sizes=\"auto, (max-width: 950px) 100vw, 950px\" \/>L&rsquo;AFRAA, L&rsquo;Association des compagnies a\u00e9riennes africaines f\u00e9licite M. Abd\u00e9rahmane Berth\u00e9, le Secr\u00e9taire g\u00e9n\u00e9ral de l&rsquo;Association, pour le prix de reconnaissance obtenu lors des Prix du transport a\u00e9rien 2020, qui ont eu lieu le 28 ao\u00fbt 2020 \u00e0 Ath\u00e8nes en Gr\u00e8ce. <\/span><\/p>\n<p style=\"text-align: justify;\"><span style=\"color: #000000;\">Le Prix individuel ATN a \u00e9t\u00e9 remis \u00e0 M. Berth\u00e9 en reconnaissance de ses efforts \u00e0 la t\u00eate de l&rsquo;AFRAA qui ont abouti \u00e0 \u00eatre class\u00e9 comme un pionnier de l&rsquo;industrie a\u00e9ronautique africaine. <\/span><\/p>\n<p style=\"text-align: justify;\"><span style=\"color: #000000;\">Cela souligne davantage le leadership de l&rsquo;AFRAA pour repr\u00e9senter et servir les compagnies a\u00e9riennes africaines pendant que nous travaillons en \u00e9troite collaboration avec nos membres, partenaires, organisations de l&rsquo;industrie, gouvernements et parties prenantes.<\/span><\/p>\n<p style=\"text-align: justify;\"><em><span style=\"color: #000000;\">A l&rsquo;occasion de la remise du prix, M. Berth\u00e9 a d\u00e9clar\u00e9: \u00ab\u00a0Je suis honor\u00e9 de recevoir ce prix de ATN. Je ne baisserai pas dans les efforts d&rsquo;innovation continus, avec le soutien du Secr\u00e9tariat de l&rsquo;AFRAA, des membres et des partenaires, pour r\u00e9aliser une transformation significative qui va d\u00e9velopper et soutenir l&rsquo;industrie a\u00e9rienne tout en ayant un impact positif sur le progr\u00e8s \u00e9conomique \u00e0 travers le continent africain. \u00ab\u00a0<\/span><\/em><\/p>\n<p><strong><span style=\"color: #000000;\">Lire aussi:<\/span><\/strong><\/p>\n<article class=\"post-46020 type-post format-standard has-post-thumbnail   listing-item listing-item-thumbnail listing-item-tb-1 main-term-78\">\n<div class=\"item-inner clearfix\">\n<h5 class=\"title\"><span style=\"color: #0000ff;\"><a class=\"post-url post-title\" style=\"color: #0000ff;\" href=\"https:\/\/www.plumeseconomiques.com\/fr\/actualites\/international-echo\/la-51e-assemblee-generale-de-lafraa-se-termine-par-un-appel-au-renforcement-de-la-connectivite-intra-africaine\/\"> La 51\u00e8 Assembl\u00e9e g\u00e9n\u00e9rale de l\u2019AFRAA se termine par un\u2026 <\/a><\/span><\/h5>\n<\/div>\n<\/article>\n<article class=\"post-45899 type-post format-standard has-post-thumbnail   listing-item listing-item-thumbnail listing-item-tb-1 main-term-61\">\n<div class=\"item-inner clearfix\">\n<h5 class=\"title\"><span style=\"color: #0000ff;\"><a class=\"post-url post-title\" style=\"color: #0000ff;\" href=\"https:\/\/www.plumeseconomiques.com\/fr\/actualites\/news\/les-parties-prenantes-du-secteur-du-transport-aerien-a-la-51e-aga-de-lafraa-visent-le-renforcement-de-la-connectivite-aerienne-en-afrique\/\"> Les parties prenantes du secteur du transport a\u00e9rien \u00e0 la 51\u00e8\u2026 <\/a><\/span><\/h5>\n<\/div>\n<\/article>\n<article class=\"post-47811 type-post format-standard has-post-thumbnail   listing-item listing-item-thumbnail listing-item-tb-1 main-term-61\">\n<div class=\"item-inner clearfix\">\n<h5 class=\"title\"><span style=\"color: #0000ff;\"><a class=\"post-url post-title\" style=\"color: #0000ff;\" href=\"https:\/\/www.plumeseconomiques.com\/fr\/actualites\/news\/tunisair-les-rapatries-devront-presenter-le-voucher-de-leur-hotel-avant-tout-enregistrement\/\"> Tunisair : les rapatri\u00e9s devront pr\u00e9senter le voucher de leur\u2026\u00a0<\/a><\/span><\/h5>\n<\/div>\n<\/article>\n<article class=\"post-47741 type-post format-standard has-post-thumbnail   listing-item listing-item-thumbnail listing-item-tb-1 main-term-61\">\n<div class=\"item-inner clearfix\">\n<h5 class=\"title\"><span style=\"color: #0000ff;\"><a class=\"post-url post-title\" style=\"color: #0000ff;\" href=\"https:\/\/www.plumeseconomiques.com\/fr\/actualites\/news\/liata-demande-au-gouvernement-une-aide-financiere-directe-pour-laviation-pour-sauvegarder-leconomie\/\"> L\u2019IATA demande au gouvernement une aide financi\u00e8re directe pour\u2026<\/a><\/span><\/h5>\n<\/div>\n<\/article>\n<article class=\"post-47295 type-post format-standard has-post-thumbnail   listing-item listing-item-thumbnail listing-item-tb-1 main-term-84\">\n<div class=\"item-inner clearfix\">\n<h5 class=\"title\"><span style=\"color: #0000ff;\"><a class=\"post-url post-title\" style=\"color: #0000ff;\" href=\"https:\/\/www.plumeseconomiques.com\/fr\/eco-sport\/message-de-soutien-et-de-consideration-du-cnot-a-la-famille-sportive-et-olympique-a-loccasion-de-la-journee-internationale-du-sport-au-service-du-developpement-et-de-la-paix\/\"> Message de soutien et de consid\u00e9ration du CNOT \u00e0 la famille\u2026 <\/a><\/span><\/h5>\n<h5><span style=\"color: #0000ff;\"><a class=\"post-url post-title\" style=\"color: #0000ff;\" href=\"https:\/\/www.plumeseconomiques.com\/fr\/magazine\/sous-le-zoom\/coronavirus-les-impacts-sur-lindustrie-aeronautique-et-appel-pour-les-mesures-de-soutien-en-faveur-des-compagnies-aeriennes\/\">Coronavirus : les impacts sur l\u2019Industrie a\u00e9ronautique et appel\u2026 <\/a>\u00a0<\/span><\/h5>\n<\/div>\n<\/article>\n","protected":false},"excerpt":{"rendered":"<p>L&rsquo;AFRAA, L&rsquo;Association des compagnies a\u00e9riennes africaines f\u00e9licite M. Abd\u00e9rahmane Berth\u00e9, le Secr\u00e9taire g\u00e9n\u00e9ral de l&rsquo;Association, pour le prix de reconnaissance obtenu lors des Prix du transport a\u00e9rien 2020, qui ont eu lieu le 28 ao\u00fbt 2020 \u00e0 Ath\u00e8nes en Gr\u00e8ce. Le Prix individuel ATN a \u00e9t\u00e9 remis \u00e0 M. Berth\u00e9 en reconnaissance de ses efforts [&hellip;]<\/p>\n","protected":false},"author":1,"featured_media":50597,"comment_status":"open","ping_status":"open","sticky":false,"template":"","format":"standard","meta":{"_seopress_robots_primary_cat":"","_seopress_titles_title":"","_seopress_titles_desc":"","_seopress_robots_index":"","footnotes":""},"categories":[63],"tags":[],"class_list":{"0":"post-50592","1":"post","2":"type-post","3":"status-publish","4":"format-standard","5":"has-post-thumbnail","7":"category-en-deux-mots"},"_links":{"self":[{"href":"https:\/\/plumeseconomiques.com\/fr\/wp-json\/wp\/v2\/posts\/50592","targetHints":{"allow":["GET"]}}],"collection":[{"href":"https:\/\/plumeseconomiques.com\/fr\/wp-json\/wp\/v2\/posts"}],"about":[{"href":"https:\/\/plumeseconomiques.com\/fr\/wp-json\/wp\/v2\/types\/post"}],"author":[{"embeddable":true,"href":"https:\/\/plumeseconomiques.com\/fr\/wp-json\/wp\/v2\/users\/1"}],"replies":[{"embeddable":true,"href":"https:\/\/plumeseconomiques.com\/fr\/wp-json\/wp\/v2\/comments?post=50592"}],"version-history":[{"count":0,"href":"https:\/\/plumeseconomiques.com\/fr\/wp-json\/wp\/v2\/posts\/50592\/revisions"}],"wp:featuredmedia":[{"embeddable":true,"href":"https:\/\/plumeseconomiques.com\/fr\/wp-json\/wp\/v2\/media\/50597"}],"wp:attachment":[{"href":"https:\/\/plumeseconomiques.com\/fr\/wp-json\/wp\/v2\/media?parent=50592"}],"wp:term":[{"taxonomy":"category","embeddable":true,"href":"https:\/\/plumeseconomiques.com\/fr\/wp-json\/wp\/v2\/categories?post=50592"},{"taxonomy":"post_tag","embeddable":true,"href":"https:\/\/plumeseconomiques.com\/fr\/wp-json\/wp\/v2\/tags?post=50592"}],"curies":[{"name":"wp","href":"https:\/\/api.w.org\/{rel}","templated":true}]}}