{"id":47579,"date":"2020-05-29T22:14:46","date_gmt":"2020-05-29T21:14:46","guid":{"rendered":"https:\/\/www.plumeseconomiques.com\/fr\/?p=47579"},"modified":"2020-05-29T22:14:49","modified_gmt":"2020-05-29T21:14:49","slug":"la-bct-decide-une-nouvelle-forme-de-financements-exceptionnels-au-profit-des-entreprises-et-des-professionnels","status":"publish","type":"post","link":"https:\/\/plumeseconomiques.com\/fr\/a-la-une\/la-bct-decide-une-nouvelle-forme-de-financements-exceptionnels-au-profit-des-entreprises-et-des-professionnels\/","title":{"rendered":"La BCT \u00a0d\u00e9cide une nouvelle forme de financements exceptionnels au profit des entreprises et des professionnels\u00a0"},"content":{"rendered":"<p style=\"text-align: justify;\"><strong>La BCT d\u00e9cide une nouvelle forme de financements exceptionnels au profit des entreprises et des professionnels\u00a0<\/strong><\/p>\n<p style=\"text-align: justify;\">Les banques sont autoris\u00e9es, en vertu d\u2019une circulaire publi\u00e9e, jeudi 28 mai 2020, par la BCT, \u00e0 accorder aux entreprises et aux professionnels de nouveaux financements exceptionnels couvrant exclusivement les besoins justifi\u00e9s li\u00e9s au financement du cycle d\u2019exploitation.<\/p>\n<p style=\"text-align: justify;\">L&rsquo;objectif de cette d\u00e9cision, qui s\u2019inscrit dans le cadre de la poursuite du soutien de l\u2019\u00e9conomie et pour permettre au secteur bancaire de mieux accompagner les entreprises et couvrir leurs besoins exceptionnels, est d&rsquo;assurer la p\u00e9rennit\u00e9 du tissu \u00e9conomique et la pr\u00e9servation de la stabilit\u00e9 financi\u00e8re, a indiqu\u00e9 la BCT, dans un communiqu\u00e9.<\/p>\n<p>Le montant des financements exceptionnels et la dur\u00e9e de remboursement seront fix\u00e9s au cas par cas en fonction des besoins du client et de l\u2019\u00e9volution de la situation du secteur dans lequel il op\u00e8re tout en respectant des r\u00e8gles cit\u00e9es par la BCT, a-t-on pr\u00e9cis\u00e9.<\/p>\n<p style=\"text-align: justify;\">Selon ces r\u00e8gles le montant des financements ne doit pas d\u00e9passer le plafond de 25% du chiffre d\u2019affaires en hors taxes r\u00e9alis\u00e9 en 2019 ou l\u2019\u00e9quivalent de la masse salariale pendant 6 mois pour les entreprises entr\u00e9es en activit\u00e9 apr\u00e8s janvier 2019.\u00a0 La dur\u00e9e de remboursement ne doit pas d\u00e9passer 7 ans dont deux ann\u00e9es de gr\u00e2ce.<\/p>\n<p style=\"text-align: justify;\">Les financements exceptionnels accord\u00e9s durant la p\u00e9riode allant du 1er mars 2020 jusqu\u2019au 31 d\u00e9cembre 2020 et qui sont accord\u00e9s aux clients class\u00e9s 0, 1, 2 et 3 \u00e0 fin d\u00e9cembre 2019, seront admis en tant que garantie aux op\u00e9rations de refinancement des banques sur le march\u00e9 mon\u00e9taire et ce, en appliquant une d\u00e9cote progressive en fonction de la classification, pr\u00e9cise la BCT.<\/p>\n<p><strong>Lire aussi:<\/strong><\/p>\n<article class=\"post-47568 type-post format-standard has-post-thumbnail   listing-item listing-item-thumbnail listing-item-tb-1 main-term-61\">\n<div class=\"item-inner clearfix\">\n<h5 class=\"title\"><span style=\"color: #3366ff;\"><a class=\"post-url post-title\" style=\"color: #3366ff;\" href=\"https:\/\/www.plumeseconomiques.com\/fr\/actualites\/news\/tmm-la-bct-decide-de-maintenir-inchange-le-taux-dinteret-directeur\/\"> TMM : la BCT_d\u00e9cide de maintenir inchang\u00e9 le taux d\u2019int\u00e9r\u00eat\u2026 <\/a><\/span><\/h5>\n<\/div>\n<\/article>\n<article class=\"post-47357 type-post format-standard has-post-thumbnail   listing-item listing-item-thumbnail listing-item-tb-1 main-term-61\">\n<div class=\"item-inner clearfix\">\n<h5 class=\"title\"><span style=\"color: #3366ff;\"><a class=\"post-url post-title\" style=\"color: #3366ff;\" href=\"https:\/\/www.plumeseconomiques.com\/fr\/actualites\/news\/bct-les-mesures-de-soutien-aux-particuliers-liees-au-report-des-echeances-de-leurs-credits\/\"> BCT\u00a0: les mesures de soutien aux particuliers li\u00e9es au report\u2026 <\/a><\/span><\/h5>\n<\/div>\n<\/article>\n<article class=\"post-47329 type-post format-standard has-post-thumbnail   listing-item listing-item-thumbnail listing-item-tb-1 main-term-74\">\n<div class=\"item-inner clearfix\">\n<h5 class=\"title\"><span style=\"color: #3366ff;\"><a class=\"post-url post-title\" style=\"color: #3366ff;\" href=\"https:\/\/www.plumeseconomiques.com\/fr\/magazine\/sous-le-zoom\/la-bct-reunion-extraordinaire-visant-la-situation-actuelle-que-connait-la-tunisie\/\"> La BCT_: r\u00e9union extraordinaire visant la situation actuelle\u2026 <\/a><\/span><\/h5>\n<\/div>\n<\/article>\n<article class=\"post-47300 type-post format-standard has-post-thumbnail   listing-item listing-item-thumbnail listing-item-tb-1 main-term-61\">\n<div class=\"item-inner clearfix\">\n<h5 class=\"title\"><span style=\"color: #3366ff;\"><a class=\"post-url post-title\" style=\"color: #3366ff;\" href=\"https:\/\/www.plumeseconomiques.com\/fr\/actualites\/news\/la-bct-lance-lapplication-educative-flouss\/\"> La BCT_lance l\u2019application \u00e9ducative FLOUSS <\/a><\/span><\/h5>\n<\/div>\n<\/article>\n<article class=\"post-47211 type-post format-standard has-post-thumbnail   listing-item listing-item-thumbnail listing-item-tb-1 main-term-61\">\n<div class=\"item-inner clearfix\">\n<h5 class=\"title\"><span style=\"color: #3366ff;\"><a class=\"post-url post-title\" style=\"color: #3366ff;\" href=\"https:\/\/www.plumeseconomiques.com\/fr\/actualites\/news\/bct-nouvelles-mesures-exceptionnelles\/\"> BCT \u2013 Nouvelles mesures exceptionnelles <\/a><\/span><\/h5>\n<\/div>\n<\/article>\n<article class=\"post-46465 type-post format-standard has-post-thumbnail   listing-item listing-item-thumbnail listing-item-tb-1 main-term-82\">\n<div class=\"item-inner clearfix\">\n<h5 class=\"title\"><a class=\"post-url post-title\" href=\"https:\/\/www.plumeseconomiques.com\/fr\/actualites\/a-la-une\/bct-en-2018-le-secteur-bancaire-a-degage-un-resultat-net-de-1-142-md\/\"><span style=\"color: #3366ff;\"> BCT: En 2018, le secteur bancaire a d\u00e9gag\u00e9 \u00a0un r\u00e9sultat net \u00a0de\u2026<\/span> <\/a><\/h5>\n<\/div>\n<\/article>\n","protected":false},"excerpt":{"rendered":"<p>La BCT d\u00e9cide une nouvelle forme de financements exceptionnels au profit des entreprises et des professionnels\u00a0 Les banques sont autoris\u00e9es, en vertu d\u2019une circulaire publi\u00e9e, jeudi 28 mai 2020, par la BCT, \u00e0 accorder aux entreprises et aux professionnels de nouveaux financements exceptionnels couvrant exclusivement les besoins justifi\u00e9s li\u00e9s au financement du cycle d\u2019exploitation. L&rsquo;objectif [&hellip;]<\/p>\n","protected":false},"author":1,"featured_media":47581,"comment_status":"open","ping_status":"open","sticky":false,"template":"","format":"standard","meta":{"_seopress_robots_primary_cat":"","_seopress_titles_title":"","_seopress_titles_desc":"","_seopress_robots_index":"","footnotes":""},"categories":[82],"tags":[72,2812,71],"class_list":{"0":"post-47579","1":"post","2":"type-post","3":"status-publish","4":"format-standard","5":"has-post-thumbnail","7":"category-a-la-une","8":"tag-banque-centrale-de-tunisie","9":"tag-banques","10":"tag-bct"},"_links":{"self":[{"href":"https:\/\/plumeseconomiques.com\/fr\/wp-json\/wp\/v2\/posts\/47579","targetHints":{"allow":["GET"]}}],"collection":[{"href":"https:\/\/plumeseconomiques.com\/fr\/wp-json\/wp\/v2\/posts"}],"about":[{"href":"https:\/\/plumeseconomiques.com\/fr\/wp-json\/wp\/v2\/types\/post"}],"author":[{"embeddable":true,"href":"https:\/\/plumeseconomiques.com\/fr\/wp-json\/wp\/v2\/users\/1"}],"replies":[{"embeddable":true,"href":"https:\/\/plumeseconomiques.com\/fr\/wp-json\/wp\/v2\/comments?post=47579"}],"version-history":[{"count":0,"href":"https:\/\/plumeseconomiques.com\/fr\/wp-json\/wp\/v2\/posts\/47579\/revisions"}],"wp:featuredmedia":[{"embeddable":true,"href":"https:\/\/plumeseconomiques.com\/fr\/wp-json\/wp\/v2\/media\/47581"}],"wp:attachment":[{"href":"https:\/\/plumeseconomiques.com\/fr\/wp-json\/wp\/v2\/media?parent=47579"}],"wp:term":[{"taxonomy":"category","embeddable":true,"href":"https:\/\/plumeseconomiques.com\/fr\/wp-json\/wp\/v2\/categories?post=47579"},{"taxonomy":"post_tag","embeddable":true,"href":"https:\/\/plumeseconomiques.com\/fr\/wp-json\/wp\/v2\/tags?post=47579"}],"curies":[{"name":"wp","href":"https:\/\/api.w.org\/{rel}","templated":true}]}}